{"id":541124,"date":"2025-11-17T21:51:16","date_gmt":"2025-11-17T21:51:16","guid":{"rendered":"https:\/\/www.europesays.com\/fr\/541124\/"},"modified":"2025-11-17T21:51:16","modified_gmt":"2025-11-17T21:51:16","slug":"un-detenu-sevade-dans-le-centre-ville-de-rennes-lors-dune-sortie-collective-il-est-activement-recherche","status":"publish","type":"post","link":"https:\/\/www.europesays.com\/fr\/541124\/","title":{"rendered":"Un d\u00e9tenu s\u2019\u00e9vade dans le centre-ville de Rennes lors d\u2019une sortie collective\u00a0: il est activement recherch\u00e9"},"content":{"rendered":"<p>Il a profit\u00e9 de sa permission de sortie pour se faire la malle ! Incarc\u00e9r\u00e9 au centre p\u00e9nitentiaire de Rennes-Vezin, un homme s\u2019est \u00e9vad\u00e9 dans le centre-ville de Rennes, vendredi 14 novembre 2025. L\u2019individu, recherch\u00e9 depuis maintenant trois jours, a r\u00e9ussi \u00e0 \u00e9chapper \u00e0 la surveillance des accompagnateurs lors d\u2019une sortie encadr\u00e9e.<\/p>\n<p>D\u2019apr\u00e8s <a href=\"https:\/\/www.ouest-france.fr\/societe\/faits-divers\/un-detenu-de-la-prison-de-rennes-vezin-sevade-pendant-une-sortie-au-planetarium-il-est-recherche-depuis-trois-jours-018e9eb4-c3c1-11f0-8509-2c0807403e46\" target=\"_blank\" rel=\"noopener\">Ouest-France<\/a>, l\u2019\u00e9vasion a eu lieu vers 18 h 30 alors que l\u2019individu, \u00e2g\u00e9 d\u2019une trentaine d\u2019ann\u00e9es, participait \u00e0 une sortie au plan\u00e9tarium des Champs Libres avec cinq autres d\u00e9tenus.<\/p>\n","protected":false},"excerpt":{"rendered":"Il a profit\u00e9 de sa permission de sortie pour se faire la malle ! Incarc\u00e9r\u00e9 au centre p\u00e9nitentiaire&hellip;\n","protected":false},"author":2,"featured_media":541125,"comment_status":"","ping_status":"","sticky":false,"template":"","format":"standard","meta":{"footnotes":""},"categories":[2821],"tags":[1111,11,829,765,1777,674,118,3383,1011,27,848,12,584,25],"class_list":{"0":"post-541124","1":"post","2":"type-post","3":"status-publish","4":"format-standard","5":"has-post-thumbnail","7":"category-rennes","8":"tag-actu","9":"tag-actualites","10":"tag-bretagne","11":"tag-en-continu","12":"tag-eu","13":"tag-europe","14":"tag-faits-divers","15":"tag-faits-divers-a-rennes","16":"tag-fr","17":"tag-france","18":"tag-ille-et-vilaine","19":"tag-news","20":"tag-rennes","21":"tag-republique-francaise"},"share_on_mastodon":{"url":"https:\/\/pubeurope.com\/@fr\/115567256202550345","error":""},"_links":{"self":[{"href":"https:\/\/www.europesays.com\/fr\/wp-json\/wp\/v2\/posts\/541124","targetHints":{"allow":["GET"]}}],"collection":[{"href":"https:\/\/www.europesays.com\/fr\/wp-json\/wp\/v2\/posts"}],"about":[{"href":"https:\/\/www.europesays.com\/fr\/wp-json\/wp\/v2\/types\/post"}],"author":[{"embeddable":true,"href":"https:\/\/www.europesays.com\/fr\/wp-json\/wp\/v2\/users\/2"}],"replies":[{"embeddable":true,"href":"https:\/\/www.europesays.com\/fr\/wp-json\/wp\/v2\/comments?post=541124"}],"version-history":[{"count":0,"href":"https:\/\/www.europesays.com\/fr\/wp-json\/wp\/v2\/posts\/541124\/revisions"}],"wp:featuredmedia":[{"embeddable":true,"href":"https:\/\/www.europesays.com\/fr\/wp-json\/wp\/v2\/media\/541125"}],"wp:attachment":[{"href":"https:\/\/www.europesays.com\/fr\/wp-json\/wp\/v2\/media?parent=541124"}],"wp:term":[{"taxonomy":"category","embeddable":true,"href":"https:\/\/www.europesays.com\/fr\/wp-json\/wp\/v2\/categories?post=541124"},{"taxonomy":"post_tag","embeddable":true,"href":"https:\/\/www.europesays.com\/fr\/wp-json\/wp\/v2\/tags?post=541124"}],"curies":[{"name":"wp","href":"https:\/\/api.w.org\/{rel}","templated":true}]}}