{"id":541148,"date":"2025-11-17T22:05:12","date_gmt":"2025-11-17T22:05:12","guid":{"rendered":"https:\/\/www.europesays.com\/fr\/541148\/"},"modified":"2025-11-17T22:05:12","modified_gmt":"2025-11-17T22:05:12","slug":"applaudi-au-festival-davignon-lete-dernier-yes-daddy-huis-clos-troublant-au-theatre-joliette","status":"publish","type":"post","link":"https:\/\/www.europesays.com\/fr\/541148\/","title":{"rendered":"Applaudi au Festival d\u2019Avignon l\u2019\u00e9t\u00e9 dernier, \u00ab\u00a0Yes Daddy\u00a0\u00bb, huis clos\u00a0troublant au th\u00e9\u00e2tre Joliette"},"content":{"rendered":"<p>Les auteurs du monde arabe ont toujours leur place au <a href=\"https:\/\/www.laprovence.com\/article\/culture-loisirs\/99407505834542\/au-theatre-joliette-a-marseille-la-jeunesse-et-l-international-au-coeur-de-la-saison-2025-2026\" target=\"_blank\" rel=\"noopener\">th\u00e9\u00e2tre Joliette<\/a>. Invitation est faite au grand metteur en sc\u00e8ne palestinien <a href=\"https:\/\/www.laprovence.com\/article\/sorties-loisirs\/6434406\/festival-davignon-on-a-aime-le-musee-dernier-jour-dun-condamne.html\" target=\"_blank\" rel=\"noopener\">Bashar Murkus<\/a>, qui nous avait subjugu\u00e9s avec Le Mus\u00e9e, dialogue entre un inspecteur de police et un terroriste la veille de son ex\u00e9cution, pr\u00e9sent\u00e9 au <a href=\"https:\/\/www.laprovence.com\/article\/culture-loisirs\/18644552200266\/79e-edition-du-festival-davignon-le-debat-est-un-tresor-le-directeur-dresse-le-panorama-des-3-semaines-de-festivites\" target=\"_blank\" rel=\"noopener\">Festival d\u2019Avignon<\/a> en\u00a02021. Les deux personnages se livraient \u00e0 un bras de fer d\u2019une tension quasi insoutenable pour le spectateur, avec un retournement de situation inattendu.<\/p>\n<p>Jeux de pouvoir<\/p>\n<p>Bashar Murkus cosigne avec la dramaturge Khulood Basel un autre huis clos, Yes Daddy, qui explore aussi la vuln\u00e9rabilit\u00e9, les jeux de pouvoir, et place le spectateur en position de t\u00e9moin. La pi\u00e8ce met en sc\u00e8ne la rencontre entre un homme \u00e2g\u00e9 dont la m\u00e9moire vacille, Daddy (Makram J. Khoury, un des plus grands acteurs palestiniens), et le jeune Amir (Anan Abu Jabir) venu monnayer un peu d\u2019intimit\u00e9. Mais au fil de la nuit, le vieillard confond son visiteur avec les fant\u00f4mes de son pass\u00e9. Le jeune homme, lib\u00e9r\u00e9 de toute contrainte morale dans ce huis clos qu\u2019il croit sans t\u00e9moin, se laisse entra\u00eener dans un jeu de r\u00f4le complexe.<\/p>\n<p>Le vieillissement, l\u2019oubli, la sexualit\u00e9, la r\u00e9silience<\/p>\n<p>Yes Daddy interroge la v\u00e9rit\u00e9, la m\u00e9m&#8230;<\/p>\n","protected":false},"excerpt":{"rendered":"Les auteurs du monde arabe ont toujours leur place au th\u00e9\u00e2tre Joliette. Invitation est faite au grand metteur&hellip;\n","protected":false},"author":2,"featured_media":541149,"comment_status":"","ping_status":"","sticky":false,"template":"","format":"standard","meta":{"footnotes":""},"categories":[2814],"tags":[17,1111,11,65933,251,850,65934,4431,1777,674,849,1011,27,20839,884,12,882,25,50460],"class_list":{"0":"post-541148","1":"post","2":"type-post","3":"status-publish","4":"format-standard","5":"has-post-thumbnail","7":"category-marseille","8":"tag-17","9":"tag-actu","10":"tag-actualites","11":"tag-applaudi","12":"tag-culture","13":"tag-davignon","14":"tag-daddy","15":"tag-dernier","16":"tag-eu","17":"tag-europe","18":"tag-festival","19":"tag-fr","20":"tag-france","21":"tag-lete","22":"tag-marseille","23":"tag-news","24":"tag-provence-alpes-cote-dazur","25":"tag-republique-francaise","26":"tag-yes"},"share_on_mastodon":{"url":"https:\/\/pubeurope.com\/@fr\/115567311262679306","error":""},"_links":{"self":[{"href":"https:\/\/www.europesays.com\/fr\/wp-json\/wp\/v2\/posts\/541148","targetHints":{"allow":["GET"]}}],"collection":[{"href":"https:\/\/www.europesays.com\/fr\/wp-json\/wp\/v2\/posts"}],"about":[{"href":"https:\/\/www.europesays.com\/fr\/wp-json\/wp\/v2\/types\/post"}],"author":[{"embeddable":true,"href":"https:\/\/www.europesays.com\/fr\/wp-json\/wp\/v2\/users\/2"}],"replies":[{"embeddable":true,"href":"https:\/\/www.europesays.com\/fr\/wp-json\/wp\/v2\/comments?post=541148"}],"version-history":[{"count":0,"href":"https:\/\/www.europesays.com\/fr\/wp-json\/wp\/v2\/posts\/541148\/revisions"}],"wp:featuredmedia":[{"embeddable":true,"href":"https:\/\/www.europesays.com\/fr\/wp-json\/wp\/v2\/media\/541149"}],"wp:attachment":[{"href":"https:\/\/www.europesays.com\/fr\/wp-json\/wp\/v2\/media?parent=541148"}],"wp:term":[{"taxonomy":"category","embeddable":true,"href":"https:\/\/www.europesays.com\/fr\/wp-json\/wp\/v2\/categories?post=541148"},{"taxonomy":"post_tag","embeddable":true,"href":"https:\/\/www.europesays.com\/fr\/wp-json\/wp\/v2\/tags?post=541148"}],"curies":[{"name":"wp","href":"https:\/\/api.w.org\/{rel}","templated":true}]}}