{"id":541150,"date":"2025-11-17T22:06:12","date_gmt":"2025-11-17T22:06:12","guid":{"rendered":"https:\/\/www.europesays.com\/fr\/541150\/"},"modified":"2025-11-17T22:06:12","modified_gmt":"2025-11-17T22:06:12","slug":"lassassinat-davertissement-piste-privilegiee-dans-lenquete-sur-le-meurtre-du-frere-damine-kessaci-a-marseille-liberation","status":"publish","type":"post","link":"https:\/\/www.europesays.com\/fr\/541150\/","title":{"rendered":"L\u2019assassinat d\u2019avertissement, \u00abpiste privil\u00e9gi\u00e9e\u00bb dans l\u2019enqu\u00eate sur le meurtre du fr\u00e8re d\u2019Amine Kessaci \u00e0 Marseille \u2013 Lib\u00e9ration"},"content":{"rendered":"<p class=\"sc-cPiKLX AiZTS text-element\">L\u2019assassinat d\u2019un deuxi\u00e8me fr\u00e8re du militant \u00e9cologiste de 22 ans engag\u00e9 dans la lutte contre le narcobanditisme Amine Kessaci est \u00absans doute un point de bascule effrayant\u00bb, avait d\u00e9j\u00e0 estim\u00e9 vendredi le ministre de la Justice G\u00e9rald Darmanin sur X. Ce lundi, le procureur de Marseille Nicolas Bessone a confirm\u00e9 sur France Inter que<a href=\"https:\/\/www.liberation.fr\/societe\/narcobanditisme-mehdi-frere-du-militant-marseillais-amine-kessaci-victime-dun-assassinat-dintimidation-20251114_4GQ47QDWVZHZXKID7UR7WVAV44\/\" target=\"_blank\" rel=\"noreferrer noopener\" title=\"https:\/\/www.liberation.fr\/societe\/narcobanditisme-mehdi-frere-du-militant-marseillais-amine-kessaci-victime-dun-assassinat-dintimidation-20251114_4GQ47QDWVZHZXKID7UR7WVAV44\/\"> l\u2019hypoth\u00e8se d\u2019un assassinat d\u2019avertissement<\/a> \u00e9tait \u00abla piste privil\u00e9gi\u00e9e\u00bb \u00e0 ce stade par les enqu\u00eateurs. \u00abNous devons envisager toutes les hypoth\u00e8ses\u00bb, a-t-il n\u00e9anmoins rappel\u00e9 au micro de Benjamin Duhamel.<\/p>\n<p class=\"sc-cPiKLX AiZTS text-element\">Jeudi 13 novembre, aux alentours de 14 heures 30, \u00abun jeune homme de 20 ans, inconnu des services de police et de justice, a \u00e9t\u00e9 tu\u00e9 en pleine rue de plusieurs tirs d\u2019arme de poing\u00bb, avait annonc\u00e9 jeudi le parquet de Marseille. Il s\u2019agissait de Mehdi, le petit fr\u00e8re \u00e2g\u00e9 de 20 ans d\u2019Amine Kessaci qui voulait devenir policier. Il a \u00e9t\u00e9 abattu pr\u00e8s d\u2019une salle de concert par deux personnes \u00e0 moto. Ces derni\u00e8res, qui ont laiss\u00e9 \u00abplusieurs \u00e9tuis de 9 mm sur place\u00bb, sont aujourd\u2019hui activement recherch\u00e9es : le parquet de Marseille a ouvert une enqu\u00eate pour assassinat en bande organis\u00e9e et d\u2019association de malfaiteurs en vue de commettre un crime.<\/p>\n<p class=\"sc-cPiKLX AiZTS text-element\">Il y a cinq ans, la famille de six enfants avait d\u00e9j\u00e0 \u00e9t\u00e9 endeuill\u00e9e par l\u2019assassinat d\u2019un autre membre de la fratrie : Brahim. Son corps avait \u00e9t\u00e9 retrouv\u00e9 carbonis\u00e9 dans un v\u00e9hicule. \u00abOn constate que Mehdi Kessaci \u00e9tait totalement inconnu des services de police, il n\u2019\u00e9tait jamais rentr\u00e9 dans un commissariat\u00bb, a rappel\u00e9 le procureur de Marseille [\u2026] \u00abSon fr\u00e8re [Amine], en revanche, faisait l\u2019objet de menaces et de pressions tr\u00e8s fortes, \u00e0 tel point qu\u2019il \u00e9tait plac\u00e9 sous protection polici\u00e8re. Il a un discours tr\u00e8s clair sur les ravages caus\u00e9s par le narcotrafic, il peut d\u00e9ranger ceux qui ont besoin d\u2019un minimum de consensus social dans les cit\u00e9s, donc c\u2019est l\u2019hypoth\u00e8se qui est privil\u00e9gi\u00e9e\u00bb, estime le procureur de Marseille.<\/p>\n<p class=\"sc-cPiKLX AiZTS text-element\">Dans la cit\u00e9 phoc\u00e9enne, des personnes totalement \u00e9trang\u00e8res au trafic de drogue ont d\u00e9j\u00e0 trouv\u00e9 la mort, comme <a href=\"https:\/\/www.liberation.fr\/societe\/ils-sont-venus-pour-tuer-pour-prendre-le-quartier-a-marseille-des-habitants-desesperes-apres-la-mort-de-socayna-20230912_6TVE5AKDWJDZ5G73U26IY7YCFY\/\" target=\"_blank\" rel=\"noreferrer noopener\" title=\"https:\/\/www.liberation.fr\/societe\/ils-sont-venus-pour-tuer-pour-prendre-le-quartier-a-marseille-des-habitants-desesperes-apres-la-mort-de-socayna-20230912_6TVE5AKDWJDZ5G73U26IY7YCFY\/\">Socayna<\/a> en 2023, victime d\u2019une balle perdue. Mais avec l\u2019assassinat de Mehdi Kessaci, \u00abon a une action d\u00e9lib\u00e9r\u00e9e, pour tuer quelqu\u2019un qui n\u2019a rien \u00e0 voir avec le trafic pour faire taire vraisemblablement son fr\u00e8re\u00bb, souligne le procureur de Marseille. Si l\u2019hypoth\u00e8se de l\u2019assassinat d\u2019avertissement se confirme, \u00abon aurait un v\u00e9ritable point de bascule\u00bb, dit-il.<\/p>\n","protected":false},"excerpt":{"rendered":"L\u2019assassinat d\u2019un deuxi\u00e8me fr\u00e8re du militant \u00e9cologiste de 22 ans engag\u00e9 dans la lutte contre le narcobanditisme Amine&hellip;\n","protected":false},"author":2,"featured_media":541151,"comment_status":"","ping_status":"","sticky":false,"template":"","format":"standard","meta":{"footnotes":""},"categories":[2814],"tags":[1111,11,3992,1777,674,1011,27,884,12,882,25],"class_list":{"0":"post-541150","1":"post","2":"type-post","3":"status-publish","4":"format-standard","5":"has-post-thumbnail","7":"category-marseille","8":"tag-actu","9":"tag-actualites","10":"tag-drogues","11":"tag-eu","12":"tag-europe","13":"tag-fr","14":"tag-france","15":"tag-marseille","16":"tag-news","17":"tag-provence-alpes-cote-dazur","18":"tag-republique-francaise"},"share_on_mastodon":{"url":"https:\/\/pubeurope.com\/@fr\/115567315109186026","error":""},"_links":{"self":[{"href":"https:\/\/www.europesays.com\/fr\/wp-json\/wp\/v2\/posts\/541150","targetHints":{"allow":["GET"]}}],"collection":[{"href":"https:\/\/www.europesays.com\/fr\/wp-json\/wp\/v2\/posts"}],"about":[{"href":"https:\/\/www.europesays.com\/fr\/wp-json\/wp\/v2\/types\/post"}],"author":[{"embeddable":true,"href":"https:\/\/www.europesays.com\/fr\/wp-json\/wp\/v2\/users\/2"}],"replies":[{"embeddable":true,"href":"https:\/\/www.europesays.com\/fr\/wp-json\/wp\/v2\/comments?post=541150"}],"version-history":[{"count":0,"href":"https:\/\/www.europesays.com\/fr\/wp-json\/wp\/v2\/posts\/541150\/revisions"}],"wp:featuredmedia":[{"embeddable":true,"href":"https:\/\/www.europesays.com\/fr\/wp-json\/wp\/v2\/media\/541151"}],"wp:attachment":[{"href":"https:\/\/www.europesays.com\/fr\/wp-json\/wp\/v2\/media?parent=541150"}],"wp:term":[{"taxonomy":"category","embeddable":true,"href":"https:\/\/www.europesays.com\/fr\/wp-json\/wp\/v2\/categories?post=541150"},{"taxonomy":"post_tag","embeddable":true,"href":"https:\/\/www.europesays.com\/fr\/wp-json\/wp\/v2\/tags?post=541150"}],"curies":[{"name":"wp","href":"https:\/\/api.w.org\/{rel}","templated":true}]}}