{"id":541156,"date":"2025-11-17T22:10:19","date_gmt":"2025-11-17T22:10:19","guid":{"rendered":"https:\/\/www.europesays.com\/fr\/541156\/"},"modified":"2025-11-17T22:10:19","modified_gmt":"2025-11-17T22:10:19","slug":"les-deputes-veulent-financer-les-transports-en-commun-en-ile-de-france-par-une-taxe-sur-les-jets-prives","status":"publish","type":"post","link":"https:\/\/www.europesays.com\/fr\/541156\/","title":{"rendered":"Les d\u00e9put\u00e9s veulent financer les transports en commun en \u00cele-de-France par une taxe sur les jets priv\u00e9s"},"content":{"rendered":"<p class=\"paragraph text_align_left lp-f-body-02\">Les d\u00e9put\u00e9s ont adopt\u00e9 lundi un amendement visant \u00e0 financer les transports en commun en \u00cele-de-France par l\u2019introduction d\u2019une taxe sur les <a href=\"https:\/\/www.leparisien.fr\/environnement\/polluants-symboles-de-richesse-les-jets-prives-un-enjeu-de-haut-vol-pour-le-gouvernement-21-08-2022-CBTZR2LLFFCCNGF6W7GBPITXYI.php\" target=\"_blank\" rel=\"noreferrer noopener\">jets priv\u00e9s<\/a>, jug\u00e9e \u00ab mirifique \u00bb par le gouvernement.<\/p>\n<p class=\"paragraph text_align_left lp-f-body-02\">Le gouvernement doit trouver en urgence 88 millions d\u2019euros pour s\u00e9curiser les ressources financi\u00e8res d\u2019\u00cele-de-France Mobilit\u00e9s, \u00e0 la suite de la suppression \u00e0 compter du 1er janvier 2026 de la majoration d\u2019accise sur les carburants qui lui \u00e9tait affect\u00e9e.<\/p>\n<p class=\"paragraph text_align_left lp-f-body-02\">Pour compenser cela, le gouvernement proposait une majoration de la taxe r\u00e9gionale \u00e0 l\u2019immatriculation (la <a href=\"https:\/\/www.leparisien.fr\/societe\/la-carte-grise-desormais-disponible-sur-smartphone-via-lapplication-france-identite-30-06-2025-6CWQLEWSLFB5VJELZSHZDSXDK4.php\" target=\"_blank\" rel=\"noreferrer noopener\">carte grise<\/a>) de 12 euros. Mais les d\u00e9put\u00e9s, sur presque tous les bancs, n\u2019ont pas voulu faire payer les automobilistes franciliens.<\/p>\n<p>Une base \u00ab mirifique \u00bb, selon Montchalin<\/p>\n<p class=\"paragraph text_align_left lp-f-body-02\">\u00c0 la place ils ont vot\u00e9 un amendement qui supprime l\u2019exon\u00e9ration d\u2019accise qui existe actuellement sur les carburants d\u2019aviation utilis\u00e9s par les jets priv\u00e9s.<\/p>\n<p class=\"paragraph text_align_left lp-f-body-02\">\u00ab C\u2019est une base taxable un peu mirifique puisque les jets en g\u00e9n\u00e9ral, ils ne font pas le tour du monde. Le plus gros du trafic se fait intra europ\u00e9en, donc simplement les gens iront faire leur plein de l\u2019autre c\u00f4t\u00e9 de la fronti\u00e8re, viendront en France et repartiront \u00bb, a d\u00e9plor\u00e9 la ministre des Comptes publics <a href=\"https:\/\/www.leparisien.fr\/politique\/amelie-de-montchalin-il-y-aura-une-suspension-de-la-reforme-des-retraites-sil-y-a-un-vote-sur-le-budget-15-11-2025-SFLL427GFBD3FCBON466LOKPUA.php\" target=\"_blank\" rel=\"noreferrer noopener\">Am\u00e9lie de Montchalin<\/a>.<\/p>\n<p class=\"paragraph text_align_left lp-f-body-02\">\u00ab Cela veut donc dire qu\u2019on a un imp\u00f4t sans base. Cela veut dire que ces 80 millions d\u2019euros, ils n\u2019existent pas. Ce qui a \u00e9t\u00e9 vot\u00e9 ne correspond \u00e0 aucun rendement \u00bb, a-t-elle ajout\u00e9, promettant de continuer \u00e0 travailler le sujet pendant la navette parlementaire.<\/p>\n","protected":false},"excerpt":{"rendered":"Les d\u00e9put\u00e9s ont adopt\u00e9 lundi un amendement visant \u00e0 financer les transports en commun en \u00cele-de-France par l\u2019introduction&hellip;\n","protected":false},"author":2,"featured_media":541157,"comment_status":"","ping_status":"","sticky":false,"template":"","format":"standard","meta":{"footnotes":""},"categories":[1592],"tags":[1111,11,1777,674,1011,27,662,1944,12,626,316,25,2382],"class_list":{"0":"post-541156","1":"post","2":"type-post","3":"status-publish","4":"format-standard","5":"has-post-thumbnail","7":"category-ile-de-france","8":"tag-actu","9":"tag-actualites","10":"tag-eu","11":"tag-europe","12":"tag-fr","13":"tag-france","14":"tag-ile-de-france","15":"tag-ma-ville","16":"tag-news","17":"tag-paris","18":"tag-politique","19":"tag-republique-francaise","20":"tag-transport-idf-oise"},"share_on_mastodon":{"url":"https:\/\/pubeurope.com\/@fr\/115567330860978630","error":""},"_links":{"self":[{"href":"https:\/\/www.europesays.com\/fr\/wp-json\/wp\/v2\/posts\/541156","targetHints":{"allow":["GET"]}}],"collection":[{"href":"https:\/\/www.europesays.com\/fr\/wp-json\/wp\/v2\/posts"}],"about":[{"href":"https:\/\/www.europesays.com\/fr\/wp-json\/wp\/v2\/types\/post"}],"author":[{"embeddable":true,"href":"https:\/\/www.europesays.com\/fr\/wp-json\/wp\/v2\/users\/2"}],"replies":[{"embeddable":true,"href":"https:\/\/www.europesays.com\/fr\/wp-json\/wp\/v2\/comments?post=541156"}],"version-history":[{"count":0,"href":"https:\/\/www.europesays.com\/fr\/wp-json\/wp\/v2\/posts\/541156\/revisions"}],"wp:featuredmedia":[{"embeddable":true,"href":"https:\/\/www.europesays.com\/fr\/wp-json\/wp\/v2\/media\/541157"}],"wp:attachment":[{"href":"https:\/\/www.europesays.com\/fr\/wp-json\/wp\/v2\/media?parent=541156"}],"wp:term":[{"taxonomy":"category","embeddable":true,"href":"https:\/\/www.europesays.com\/fr\/wp-json\/wp\/v2\/categories?post=541156"},{"taxonomy":"post_tag","embeddable":true,"href":"https:\/\/www.europesays.com\/fr\/wp-json\/wp\/v2\/tags?post=541156"}],"curies":[{"name":"wp","href":"https:\/\/api.w.org\/{rel}","templated":true}]}}