{"id":541162,"date":"2025-11-17T22:13:11","date_gmt":"2025-11-17T22:13:11","guid":{"rendered":"https:\/\/www.europesays.com\/fr\/541162\/"},"modified":"2025-11-17T22:13:11","modified_gmt":"2025-11-17T22:13:11","slug":"pour-utopia-56-cest-une-des-seules-facons-dinterpeller-les-pouvoirs-publics-liberation","status":"publish","type":"post","link":"https:\/\/www.europesays.com\/fr\/541162\/","title":{"rendered":"pour Utopia 56, c\u2019est \u00abune des seules fa\u00e7ons d\u2019interpeller les pouvoirs publics\u00bb \u2013 Lib\u00e9ration"},"content":{"rendered":"<p class=\"sc-cPiKLX AiZTS text-element\">Entre 250 et 300 personnes ont camp\u00e9 du 13 au 17 novembre devant la mairie du XXe arrondissement de Paris, faute d\u2019un h\u00e9bergement d\u2019urgence ad\u00e9quat. A 1 h 30 du matin dans la nuit de dimanche \u00e0 lundi, environ 70 enfants, des m\u00e8res, des mineures isol\u00e9es et quelques p\u00e8res ont finalement \u00e9t\u00e9 accueillis au sein de la salle de r\u00e9ception de la mairie avant d\u2019\u00eatre accompagn\u00e9s ce 17 novembre au matin vers un gymnase parisien pour une mise \u00e0 l\u2019abri temporaire. \u00abLes enfants sont partis \u00e0 l\u2019\u00e9cole et il y a des parents qui sont all\u00e9s travailler, donc ils retrouveront le gymnase ce soir\u00bb, explique le coordinateur de l\u2019antenne de Paris pour <a href=\"https:\/\/www.liberation.fr\/forums\/a-paris-des-familles-a-labri-pour-une-nuit-20251111_SIHK5ZF7GNGDLKXHNGMCWBBGD4\/\" target=\"_blank\" rel=\"noopener\" title=\"https:\/\/www.liberation.fr\/forums\/a-paris-des-familles-a-labri-pour-une-nuit-20251111_SIHK5ZF7GNGDLKXHNGMCWBBGD4\/\">l\u2019association d\u2019aide aux exil\u00e9s Utopia 56<\/a>, Luc Viger, qui a pass\u00e9 plusieurs jours sur place.<\/p>\n<p class=\"sc-cPiKLX AiZTS text-element\">\u00abLes gens \u00e9taient tr\u00e8s soulag\u00e9s. Il faut voir ce que c\u2019est que d\u2019avoir ses v\u00eatements tremp\u00e9s et dormir \u00e0 des temp\u00e9ratures qui fr\u00f4lent les deux degr\u00e9s\u00bb, souligne le militant. Jour et nuit, des riverains et des commer\u00e7ants se sont relay\u00e9s pour apporter des v\u00eatements chauds, des couvertures et des couches aux familles pr\u00e9sentes. \u00abHeureusement qu\u2019il y a beaucoup de solidarit\u00e9, souligne la porte-parole d\u2019Utopia 56, <a href=\"https:\/\/www.liberation.fr\/societe\/immigration\/charlotte-k&lt;\/p&gt;&lt;\/div&gt;&lt;\/article&gt;&lt;\/div&gt;&lt;div data-fusion-lazy-id=\" f0f8vgvlad832fw=\"\" target=\"_blank\" rel=\"noopener\"><\/p>\n","protected":false},"excerpt":{"rendered":"Entre 250 et 300 personnes ont camp\u00e9 du 13 au 17 novembre devant la mairie du XXe arrondissement&hellip;\n","protected":false},"author":2,"featured_media":541163,"comment_status":"","ping_status":"","sticky":false,"template":"","format":"standard","meta":{"footnotes":""},"categories":[1888],"tags":[11,1777,674,1011,27,35286,12,626,25],"class_list":{"0":"post-541162","1":"post","2":"type-post","3":"status-publish","4":"format-standard","5":"has-post-thumbnail","7":"category-paris","8":"tag-actualites","9":"tag-eu","10":"tag-europe","11":"tag-fr","12":"tag-france","13":"tag-migrants-files","14":"tag-news","15":"tag-paris","16":"tag-republique-francaise"},"share_on_mastodon":{"url":"https:\/\/pubeurope.com\/@fr\/115567342755099612","error":""},"_links":{"self":[{"href":"https:\/\/www.europesays.com\/fr\/wp-json\/wp\/v2\/posts\/541162","targetHints":{"allow":["GET"]}}],"collection":[{"href":"https:\/\/www.europesays.com\/fr\/wp-json\/wp\/v2\/posts"}],"about":[{"href":"https:\/\/www.europesays.com\/fr\/wp-json\/wp\/v2\/types\/post"}],"author":[{"embeddable":true,"href":"https:\/\/www.europesays.com\/fr\/wp-json\/wp\/v2\/users\/2"}],"replies":[{"embeddable":true,"href":"https:\/\/www.europesays.com\/fr\/wp-json\/wp\/v2\/comments?post=541162"}],"version-history":[{"count":0,"href":"https:\/\/www.europesays.com\/fr\/wp-json\/wp\/v2\/posts\/541162\/revisions"}],"wp:featuredmedia":[{"embeddable":true,"href":"https:\/\/www.europesays.com\/fr\/wp-json\/wp\/v2\/media\/541163"}],"wp:attachment":[{"href":"https:\/\/www.europesays.com\/fr\/wp-json\/wp\/v2\/media?parent=541162"}],"wp:term":[{"taxonomy":"category","embeddable":true,"href":"https:\/\/www.europesays.com\/fr\/wp-json\/wp\/v2\/categories?post=541162"},{"taxonomy":"post_tag","embeddable":true,"href":"https:\/\/www.europesays.com\/fr\/wp-json\/wp\/v2\/tags?post=541162"}],"curies":[{"name":"wp","href":"https:\/\/api.w.org\/{rel}","templated":true}]}}