{"id":541166,"date":"2025-11-17T22:15:17","date_gmt":"2025-11-17T22:15:17","guid":{"rendered":"https:\/\/www.europesays.com\/fr\/541166\/"},"modified":"2025-11-17T22:15:17","modified_gmt":"2025-11-17T22:15:17","slug":"roumanie-deux-villages-evacues-apres-une-attaque-de-drone-russe-en-ukraine","status":"publish","type":"post","link":"https:\/\/www.europesays.com\/fr\/541166\/","title":{"rendered":"Roumanie\u00a0: deux villages \u00e9vacu\u00e9s apr\u00e8s une attaque de drone russe en Ukraine"},"content":{"rendered":"<p class=\"paragraph text_align_left lp-f-body-02\">Ceatalchioi et Plauru se trouvent en bordure du Danube, \u00e0 la fronti\u00e8re avec l\u2019Ukraine. Ce lundi, ces deux villages roumains ont \u00e9t\u00e9 \u00e9vacu\u00e9s. Une premi\u00e8re caus\u00e9e par l\u2019incendie d\u2019un navire charg\u00e9 de GPL et touch\u00e9 par <a href=\"https:\/\/www.leparisien.fr\/international\/ukraine\/\" target=\"_self\" rel=\"noopener\">une attaque de drone russe<\/a>.<\/p>\n<p class=\"paragraph text_align_left lp-f-body-02\">\u00ab Une \u00e9vacuation de la population de Ceatalchioi a \u00e9t\u00e9 ordonn\u00e9e \u00e0 l\u2019aide de minibus \u00bb, ont d\u00e9clar\u00e9 les services de secours dans un communiqu\u00e9, concernant cette localit\u00e9 d\u2019un peu moins de 300 habitants. En raison de la \u00ab proximit\u00e9 \u00bb du feu, des habitants ont aussi \u00e9t\u00e9 \u00e9vacu\u00e9s du hameau de Plauru, situ\u00e9 en face du port ukrainien d\u2019Izma\u00efl, o\u00f9 un navire civil battant pavillon turc et transportant du gaz a \u00e9t\u00e9 touch\u00e9 selon Kiev.<\/p>\n<p class=\"paragraph text_align_left lp-f-body-02\">Les secours ont pr\u00e9cis\u00e9 qu\u2019il s\u2019agissait d\u2019une \u00ab mesure de pr\u00e9caution \u00bb. \u00ab \u00c0 cause du danger imminent d\u2019explosion \u00bb, les autorit\u00e9s roumaines ont aussi interrompu le trafic routier et naval dans la r\u00e9gion.<\/p>\n<p class=\"title-embed-dailymotion lp-color-text lp-f-subtitle-04\">Vid\u00e9oL&rsquo;Ukraine signe pour l&rsquo;achat de 100 Rafale \u00e0 la France<\/p>\n<p class=\"paragraph text_align_left lp-f-body-02\">Selon le minist\u00e8re de la D\u00e9fense de <a href=\"https:\/\/www.leparisien.fr\/international\/presidentielle-en-roumanie-avec-54-des-voix-le-candidat-pro-europeen-devance-son-rival-nationaliste-18-05-2025-X6W2SRPIHZBVVCQC76JAPC4FTM.php\" target=\"_self\" rel=\"noopener\">la Roumanie<\/a>, nation appartenant \u00e0 <a href=\"https:\/\/www.leparisien.fr\/international\/les-etats-unis-vont-reduire-leur-presence-militaire-en-europe-annonce-la-roumanie-29-10-2025-XS3GREM4WVA4PLITH33GPLLZAI.php\" target=\"_self\" rel=\"noopener\">l\u2019Otan<\/a>, \u00ab aucune violation de l\u2019espace a\u00e9rien n\u2019a \u00e9t\u00e9 d\u00e9tect\u00e9e \u00bb apr\u00e8s cette \u00ab attaque russe \u00bb nocturne en Ukraine.<\/p>\n<p>Les ports ukrainiens, cibles privil\u00e9gi\u00e9es de Moscou<\/p>\n<p class=\"paragraph text_align_left lp-f-body-02\">Depuis le d\u00e9but de l\u2019invasion de l\u2019Ukraine, en 2022, Moscou a cibl\u00e9 \u00e0 plusieurs reprises les ports ukrainiens sur le Danube, d\u00e9clenchant des alertes en Roumanie.<\/p>\n<p class=\"paragraph text_align_left lp-f-body-02\">Vendredi, le minist\u00e8re roumain des Affaires \u00e9trang\u00e8res avait annonc\u00e9 <a href=\"https:\/\/www.leparisien.fr\/international\/ukraine\/apres-lintrusion-dun-drone-la-roumanie-convoque-lambassadeur-russe-qui-denonce-une-provocation-15-09-2025-R6WN3OEXHRFAJDVL4EX6PLM2XY.php\" target=\"_self\" rel=\"noopener\">la convocation de l\u2019ambassadeur russe<\/a> apr\u00e8s <a href=\"https:\/\/www.leparisien.fr\/international\/ukraine\/guerre-en-ukraine-possibles-fragments-de-drone-en-roumanie-apres-une-attaque-russe-11-11-2025-KZF6AZZRW5CSVN5KSKNSULX4IU.php\" target=\"_self\" rel=\"noopener\">la d\u00e9couverte de fragments de drones sur son territoire<\/a>. \u00ab Il lui a \u00e9t\u00e9 pr\u00e9sent\u00e9 des preuves tangibles de la violation de l\u2019espace a\u00e9rien roumain par un v\u00e9hicule a\u00e9rien sans pilote appartenant aux forces militaires russes \u00bb, avait-il d\u00e9clar\u00e9 dans un communiqu\u00e9.<\/p>\n<p class=\"paragraph text_align_left lp-f-body-02\">L\u2019ambassade de Russie \u00e0 Bucarest a qualifi\u00e9 cette convocation de \u00ab show \u00bb dans un message publi\u00e9 sur Telegram, r\u00e9futant \u00ab toute sp\u00e9culation sur une pr\u00e9tendue violation intentionnelle de l\u2019int\u00e9grit\u00e9 territoriale de la Roumanie et toute menace pour sa s\u00e9curit\u00e9 de la part de la Russie \u00bb.<\/p>\n","protected":false},"excerpt":{"rendered":"Ceatalchioi et Plauru se trouvent en bordure du Danube, \u00e0 la fronti\u00e8re avec l\u2019Ukraine. Ce lundi, ces deux&hellip;\n","protected":false},"author":2,"featured_media":541167,"comment_status":"","ping_status":"","sticky":false,"template":"","format":"standard","meta":{"footnotes":""},"categories":[1591],"tags":[11,1887,14,12,1885,1886,132,220],"class_list":{"0":"post-541166","1":"post","2":"type-post","3":"status-publish","4":"format-standard","5":"has-post-thumbnail","7":"category-russie","8":"tag-actualites","9":"tag-federation-de-russie","10":"tag-international","11":"tag-news","12":"tag-russia","13":"tag-russian-federation","14":"tag-russie","15":"tag-ukraine"},"share_on_mastodon":{"url":"https:\/\/pubeurope.com\/@fr\/115567350680895361","error":""},"_links":{"self":[{"href":"https:\/\/www.europesays.com\/fr\/wp-json\/wp\/v2\/posts\/541166","targetHints":{"allow":["GET"]}}],"collection":[{"href":"https:\/\/www.europesays.com\/fr\/wp-json\/wp\/v2\/posts"}],"about":[{"href":"https:\/\/www.europesays.com\/fr\/wp-json\/wp\/v2\/types\/post"}],"author":[{"embeddable":true,"href":"https:\/\/www.europesays.com\/fr\/wp-json\/wp\/v2\/users\/2"}],"replies":[{"embeddable":true,"href":"https:\/\/www.europesays.com\/fr\/wp-json\/wp\/v2\/comments?post=541166"}],"version-history":[{"count":0,"href":"https:\/\/www.europesays.com\/fr\/wp-json\/wp\/v2\/posts\/541166\/revisions"}],"wp:featuredmedia":[{"embeddable":true,"href":"https:\/\/www.europesays.com\/fr\/wp-json\/wp\/v2\/media\/541167"}],"wp:attachment":[{"href":"https:\/\/www.europesays.com\/fr\/wp-json\/wp\/v2\/media?parent=541166"}],"wp:term":[{"taxonomy":"category","embeddable":true,"href":"https:\/\/www.europesays.com\/fr\/wp-json\/wp\/v2\/categories?post=541166"},{"taxonomy":"post_tag","embeddable":true,"href":"https:\/\/www.europesays.com\/fr\/wp-json\/wp\/v2\/tags?post=541166"}],"curies":[{"name":"wp","href":"https:\/\/api.w.org\/{rel}","templated":true}]}}