{"id":541168,"date":"2025-11-17T22:16:13","date_gmt":"2025-11-17T22:16:13","guid":{"rendered":"https:\/\/www.europesays.com\/fr\/541168\/"},"modified":"2025-11-17T22:16:13","modified_gmt":"2025-11-17T22:16:13","slug":"les-details-de-laccord-entre-macron-et-zelensky-qui-va-payer-la-facture","status":"publish","type":"post","link":"https:\/\/www.europesays.com\/fr\/541168\/","title":{"rendered":"les d\u00e9tails de l&rsquo;accord entre Macron et Zelensky, qui va payer la facture\u00a0?"},"content":{"rendered":"<p>                    <a title=\"\" href=\"https:\/\/www.europesays.com\/fr\/wp-content\/uploads\/2025\/11\/82813505.jpg\" class=\"fancy\"><\/p>\n<p>                            <img loading=\"lazy\" decoding=\"async\" src=\"https:\/\/www.europesays.com\/fr\/wp-content\/uploads\/2025\/11\/82813505.jpg\" alt=\"Une centaine de Rafale livr\u00e9e \u00e0 l'Ukraine\u00a0: les d\u00e9tails de l'accord entre Macron et Zelensky, qui va payer la facture\u00a0?\" width=\"1500\" height=\"1000\"\/><\/p>\n<p>                    <\/a><\/p>\n<p>                Un \u00ab\u00a0accord historique\u00a0\u00bb concernant l&rsquo;achat par l&rsquo;Ukraine de 100\u00a0Rafale a \u00e9t\u00e9 conclu ce lundi 17\u00a0novembre lors de la rencontre entre Emmanuel Macron et Volodymyr Zelensky. La commande implique quelques d\u00e9tails contraignants.<\/p>\n<p>Un \u00ab\u00a0accord historique\u00a0\u00bb conclu pour la neuvi\u00e8me rencontre entre <a href=\"https:\/\/www.linternaute.com\/actualite\/monde\/2609889-volodymyr-zelensky-que-va-t-il-dire-aux-medias-francais-une-interview-attendue\/\" title=\"Volodymyr Zelensky\" rel=\"nofollow noopener\" target=\"_blank\">Volodymyr Zelensky<\/a> et Emmanuel Macron depuis le d\u00e9but de la guerre en Ukraine. Le deal, qui pr\u00e9voit \u00ab\u00a0un renforcement significatif de notre aviation de combat, de notre d\u00e9fense a\u00e9rienne et de nos autres capacit\u00e9s de d\u00e9fense\u00a0\u00bb comme annonc\u00e9 par le pr\u00e9sident ukrainien sur X avant sa visite d&rsquo;Etat, porte sur \u00ab\u00a0l&rsquo;acquisition par l&rsquo;Ukraine d&rsquo;\u00e9quipements de d\u00e9fense fran\u00e7ais\u00a0\u00bb neufs \u00ab\u00a0de l&rsquo;ordre de 100 Rafale, avec leurs armements associ\u00e9s\u00a0\u00bb a d\u00e9clar\u00e9 l&rsquo;Elys\u00e9e ce lundi 17 novembre.<\/p>\n<p>Les deux chefs d&rsquo;Etats se sont retrouv\u00e9s sur la base militaire a\u00e9rienne de Villacoublay ce lundi 17 novembre pour \u00e9voquer le renforcement des moyens de d\u00e9fense de l&rsquo;Ukraine, notamment\u00a0la lutte antidrones\u00a0\u00e9lev\u00e9e au rang de priorit\u00e9 par la pr\u00e9sidence fran\u00e7aise apr\u00e8s les r\u00e9centes frappes russes. Sur place, les deux hommes ont sign\u00e9 une lettre d&rsquo;intention et la pr\u00e9sidence a d\u00e9taill\u00e9 le contenu de l&rsquo;accord pass\u00e9 entre les deux pays. Volodymyr Zelensky et Emmanuel Macron doivent \u00e9galement s&rsquo;entretenir avec l&rsquo;\u00e9tat-major de la force multinationale Ukraine avant\u00a0de se rendre \u00e0 l&rsquo;Elys\u00e9e.<\/p>\n<p>Le pr\u00e9sident ukrainien a manifest\u00e9 son int\u00e9r\u00eat pour les avions de combat ces derni\u00e8res semaines. Fin octobre, il indiquait mener \u00ab\u00a0trois discussions parall\u00e8les avec les Su\u00e9dois, les Fran\u00e7ais et les Am\u00e9ricains\u00a0\u00bb dans le but de constituer une flotte de 250\u00a0nouveaux avions. Apr\u00e8s avoir obtenu la promesse de la livraison de 85 F-16 am\u00e9ricains et de 150 Gripen su\u00e9dois, il a act\u00e9 la livraison de 100 Rafale, mais \u00e9galement d&rsquo;autres \u00e9quipements de d\u00e9fense dont le syst\u00e8me de d\u00e9fense a\u00e9rienne SAMP-T nouvelle g\u00e9n\u00e9ration,\u00a0reposant sur des radars et des drones de nouvelle\u00a0g\u00e9n\u00e9ration. Si l&rsquo;Ukraine souhaite tant se doter de Rafale, c&rsquo;est que l&rsquo;avion,\u00a0fleuron de l&rsquo;arm\u00e9e fran\u00e7aise, est \u00ab\u00a0bien meilleur que tout ce dont disposent les Russes et les Ukrainiens et dans tous les domaines\u00a0\u00bb, assure le pilote Xavier Tytelman sur les ondes de Radio France.<\/p>\n<p>Des Rafale promis \u00e0 l&rsquo;Ukraine, mais avec quel d\u00e9lai ?<\/p>\n<p>Si la France accepte de vendre\u00a0\u00e0 l&rsquo;Ukraine de plusieurs Rafale, la livraison ne sera pas imm\u00e9diate.\u00a0L&rsquo;accord pr\u00e9voit effectivement des livraisons \u00e9tal\u00e9es \u00ab\u00a0sur un horizon d&rsquo;une dizaine d&rsquo;ann\u00e9es\u00a0\u00bb, soit d&rsquo;ici \u00e0 la fin d&rsquo;ann\u00e9e 2035. Un d\u00e9lai qui s&rsquo;explique par le temps de production n\u00e9cessaire pour les engins du constructeurs Dassault, lequel s&rsquo;est dit\u00a0\u00ab\u00a0pr\u00eat\u00a0\u00bb \u00e0 r\u00e9pondre \u00e0 une commande ukrainienne.<\/p>\n<p>Il n&rsquo;est effectivement pas question de cessions des Rafale\u00a0qui composent actuellement la flotte de l&rsquo;arm\u00e9e fran\u00e7aise, comme c&rsquo;\u00e9tait le cas pour les Mirage 2000 promis en 2024. Il faut \u00e9galement former les militaires ukrainiens au pilotage et \u00e0 la manoeuvre sur ces avions, une formation qui pourra \u00eatre assur\u00e9e d&rsquo;ici les premi\u00e8res livraisons de Rafale. A noter qu&rsquo;aucune date concernant l&rsquo;arriv\u00e9e des premiers avions \u00e0 Kiev n&rsquo;a \u00e9t\u00e9 donn\u00e9e.\u00a0Les forces ukrainiennes \u00ab\u00a0n&rsquo;auront pas [les avions de combat] tout de suite, ne serait-ce parce qu&rsquo;il faut former les m\u00e9caniciens, les pilotes et\u00a0parce qu&rsquo;on a d\u00e9j\u00e0 du mal \u00e0 avoir suffisamment de Rafale pour nous-m\u00eames\u00a0\u00bb, a expliqu\u00e9\u00a0l&rsquo;amiral Jean-Louis Vichot, ancien chef de mission militaire fran\u00e7aise aupr\u00e8s de l&rsquo;Otan, sur <a href=\"https:\/\/www.bfmtv.com\/economie\/entreprises\/defense\/vers-une-livraison-de-rafale-pour-l-ukraine-volodymyr-zelensky-evoque-un-accord-historique-avec-la-france-pour-renforcer-l-aviation-de-combat-et-la-defense-aerienne-de-l-ukraine_AD-202511160212.html\" target=\"_blank\" rel=\"nofollow noopener\">BFMTV<\/a>.<\/p>\n<p>Une commande de Rafale \u00e0 plusieurs milliards d&rsquo;euros<\/p>\n<p>Des Rafale vont donc bien \u00eatre envoy\u00e9s en Ukraine, mais il ne semble pas s&rsquo;agir de donations fran\u00e7aises au nom de l&rsquo;alliance du pays \u00e0 l&rsquo;Ukraine face \u00e0 l&rsquo;invasion russe. S&rsquo;il ne s&rsquo;agit pas de dons, alors les avions produits doivent \u00eatre achet\u00e9s, mais par qui ? L&rsquo;Ukraine, dont l&rsquo;\u00e9conomie est en berne en raison du conflit et d\u00e9j\u00e0 massivement tourn\u00e9e vers l&rsquo;effort de guerre, ne para\u00eet pas en mesure de payer la facture seule. La production d&rsquo;un Rafale est \u00e9valu\u00e9e entre 70 et 80 millions, un montant qui passe de 7 \u00e0 8 milliards pour une centaine d&rsquo;engins. Le pr\u00e9sident ukrainien pourrait cependant d\u00e9cider de r\u00e9quisitionner une partie des avoirs russes gel\u00e9s depuis le d\u00e9but de la guerre et dont la somme s&rsquo;\u00e9l\u00e8ve \u00e0 210 milliards d&rsquo;euros selon BFMTV.<\/p>\n<p>Autrement, selon un sc\u00e9nario jug\u00e9 probable, l&rsquo;Ukraine pourrait \u00eatre soutenue par l&rsquo;Otan pour l&rsquo;acquisition des Rafale gr\u00e2ce au\u00a0programme PURL (pour \u00ab\u00a0Priority Ukraine Requirements Lists\u00a0\u00bb ou \u00ab\u00a0liste des besoins prioris\u00e9s de l&rsquo;Ukraine\u00a0\u00bb en fran\u00e7ais). Cette proc\u00e9dure\u00a0a \u00e9t\u00e9 mise en place en juillet dernier par les Etats-Unis pour que l&rsquo;Otan d\u00e9finisse les besoins de l&rsquo;Ukraine, ach\u00e8te le mat\u00e9riel militaire, notamment am\u00e9ricain, et le livre \u00e0 Kiev. Le fonds, aliment\u00e9 par les pays membre de l&rsquo;Otan et alli\u00e9s du l&rsquo;Ukraine qui se sont associ\u00e9s \u00e0 l&rsquo;initiative, devrait servir \u00e0 l&rsquo;achat des avions fran\u00e7ais. La France, si elle continue de soutenir l&rsquo;Ukraine, ne s&rsquo;est pas associ\u00e9e au programme PURL, elle ne participera donc pas au financements des Rafale\u00a0construits et fournis \u00e0 l&rsquo;Ukraine.<\/p>\n<p>De pr\u00e9c\u00e9dentes livraisons d&rsquo;avions fran\u00e7ais toujours pas honor\u00e9es \u00e0 Kiev<\/p>\n<p>L&rsquo;annonce de la livraison de Rafale est une\u00a0premi\u00e8re, car jusqu&rsquo;\u00e0 pr\u00e9sent la France a uniquement promis des Mirage 2000 \u00e0 l&rsquo;Ukraine. Et sur les six avions promis en juin 2024 selon rapport budg\u00e9taire de l&rsquo;Assembl\u00e9e nationale de l&rsquo;automne 2024, seuls trois ont \u00e9t\u00e9 livr\u00e9s en f\u00e9vrier dernier. \u00ab\u00a0Nous livrerons dans les prochains jours des missiles\u00a0Aster\u00a0additionnels, de nouveaux programmes de formation et de nouveaux\u00a0Mirage\u00a0\u00bb, affirmait d&rsquo;ailleurs <a href=\"https:\/\/www.linternaute.fr\/actualite\/biographie\/1445937-emmanuel-macron-biographie-express-du-president-de-la-republique\/\" title=\"Emmanuel Macron\" rel=\"nofollow noopener\" target=\"_blank\">Emmanuel\u00a0Macron<\/a> le 24 octobre lors d&rsquo;une r\u00e9union de la Coalition des volontaires.<\/p>\n<p>La livraison de Rafale, par centaine, va elle aussi prendre du temps, car fournir ces avions sera plus difficile que livrer\u00a0des Mirage 2000.\u00a0Les six avions promis \u00e0 l&rsquo;Ukraine en 2024 devaient \u00eatre pr\u00e9lev\u00e9s au sein de la flotte de l&rsquo;arm\u00e9e de l&rsquo;air et de l&rsquo;espace fran\u00e7aise qui comptait \u00e0 l&rsquo;\u00e9poque 26 Mirage 2000, lesquels commen\u00e7aient d\u00e9j\u00e0 \u00e0 \u00eatre remplac\u00e9s par les Rafale, autre avion de Dassault. Cette fois, il est question de produire de nouveaux avions qui sont demand\u00e9s par la France, par l&rsquo;Ukraine, mais qui font \u00e9galement l&rsquo;objet des commandes venant d&rsquo;autres pays comme l&rsquo;Inde.<\/p>\n<p><a name=\"post1763414268\"\/>22:17 &#8211; Volodymyr Zelensky se dit \u00ab\u00a0convaincu que nous atteindrons les r\u00e9sultats escompt\u00e9s\u00a0\u00bb<\/p>\n<p>Dans un long post publi\u00e9 sur X, le pr\u00e9sident ukrainien s&rsquo;est r\u00e9joui de l&rsquo;accord pass\u00e9 ce lundi\u00a0avec Emmanuel Macron concernant les 100 avions Rafale F4, mais \u00e9galement d'\u00a0\u00bbun autre accord important pour l&rsquo;achat de 55 nouvelles locomotives \u00e9lectriques aupr\u00e8s de la France\u00a0\u00bb. \u00ab\u00a0Aujourd&rsquo;hui, nous nous engageons sur la voie d&rsquo;une s\u00e9curit\u00e9 essentielle et porteuse de sens, et je suis absolument convaincu que nous atteindrons les r\u00e9sultats escompt\u00e9s\u00a0\u00bb, a estim\u00e9 Volodymyr Zelensky. Et d&rsquo;ajouter :\u00a0\u00ab\u00a0Merci, Emmanuel ! Merci, France !\u00a0\u00bb<\/p>\n<blockquote class=\"twitter-tweet\"><p>&#13;<\/p>\n<p dir=\"ltr\" lang=\"en\">Our meeting today with <a href=\"https:\/\/twitter.com\/EmmanuelMacron?ref_src=twsrc%5Etfw\" rel=\"nofollow noopener\" target=\"_blank\">@EmmanuelMacron<\/a> strengthens our defense with effective, practical, and powerful elements. Agreements have been prepared \u2013 and the relevant documents are being signed today \u2013 to significantly boost our defense capabilities.<\/p>\n<p>Ukraine will be able to receive\u2026 <a href=\"https:\/\/t.co\/oaaqqpr9T2\" rel=\"nofollow\">pic.twitter.com\/oaaqqpr9T2<\/a><\/p>\n<p>&#13;<br \/>\n\u2014 Volodymyr Zelenskyy \/ \u0412\u043e\u043b\u043e\u0434\u0438\u043c\u0438\u0440 \u0417\u0435\u043b\u0435\u043d\u0441\u044c\u043a\u0438\u0439 (@ZelenskyyUa) <a href=\"https:\/\/twitter.com\/ZelenskyyUa\/status\/1990421483839959390?ref_src=twsrc%5Etfw\" rel=\"nofollow noopener\" target=\"_blank\">November 17, 2025<\/a><\/p><\/blockquote>\n<p>&#13;<\/p>\n<p><a name=\"post1763393251\"\/>16:27 &#8211; L&rsquo;Ukraine aura besoin de plus de 70 milliards d&rsquo;euros en 2026<\/p>\n<p>Selon un document de la Commission europ\u00e9enne, l&rsquo;Ukraine aura besoin de plus de 70 milliards d&rsquo;euros pour financer la guerre contre la Russie en 2026, dont 51,6 milliards destin\u00e9s aux d\u00e9penses militaires. Une somme cons\u00e9quente dont l&rsquo;essentiel sera pris en charge par les 27 pays membres de l&rsquo;Union europ\u00e9enne qui se sont engag\u00e9s en octobre \u00e0 financer l&rsquo;effort de guerre ukrainien sur la p\u00e9riode 2026-2027. Sans ce soutien financier europ\u00e9en, Kiev se retrouverait \u00e0 court de moyens d\u00e8s la fin du premier trimestre 2026 selon la Commission.<\/p>\n<p>Mais comment l&rsquo;Europe envisage-t-elle de financer ces milliards d&rsquo;euros ? La Commission \u00e9voque trois options : le financement direct sous forme de dons des pays membres \u00e0 l&rsquo;Ukraine ; un emprunt europ\u00e9en qui aurait l&rsquo;avantage de limiter l&rsquo;impact sur les budgets nationaux des pays membres ; ou le recours aux avoirs russes gel\u00e9s dans l&rsquo;Union europ\u00e9enne. Cette troisi\u00e8me option est celle privil\u00e9gi\u00e9e par plusieurs pays, dont l&rsquo;Allemagne. Elle a l&rsquo;avantage de ne pas peser sur les finances publiques nationales de chaque pays europ\u00e9en.<\/p>\n<p><a name=\"post1763392726\"\/>16:18 &#8211; Des Rafale co-produits par l&rsquo;Ukraine ?<\/p>\n<p>Alors que les Rafales sont des avions de confections 100% fran\u00e7aise, le pr\u00e9sident ukrainien Volodymyr Zelensky a \u00e9voqu\u00e9 lors de sa conf\u00e9rence de presse avec Emmanuel Macron \u00ab\u00a0la possibilit\u00e9\u00a0\u00bb de \u00ab\u00a0proc\u00e9der \u00e0 une co-production d&rsquo;une partie\u00a0\u00bb des engins entre l&rsquo;Ukraine et la France. L&rsquo;id\u00e9e d&rsquo;une \u00ab\u00a0co-production des drones\u00a0\u00bb est aussi \u00e9tudi\u00e9e par le gouvernement ukrainien.<\/p>\n<p><a name=\"post1763389731\"\/>15:28 &#8211; Macron assure que le soutien \u00e0 l&rsquo;Ukraine est financ\u00e9 <\/p>\n<p>Alors que l&rsquo;Ukraine et la France ont annonc\u00e9 l&rsquo;acquisition et la livraison de 100 Rafale \u00e0 Kiev, Emmanuel Macron a \u00e9t\u00e9 interrog\u00e9 sur le financement du soutien \u00e0 l&rsquo;Ukraine. Il a assur\u00e9 que ce dernier \u00e9tait financ\u00e9 \u00ab\u00a0pour partie (avec) nos contributions propres\u00a0\u00bb comme pr\u00e9vu dans la loi de programmation militaire, et pour partie par \u00ab\u00a0la facilit\u00e9 europ\u00e9enne de paix\u00a0\u00bb, le \u00ab\u00a0programme dit Safe\u00a0\u00bb, ainsi qu&rsquo;avec \u00ab\u00a0le programme dit ER qui a \u00e9t\u00e9 con\u00e7u avec les int\u00e9r\u00eats tir\u00e9s des avoirs gel\u00e9s russes au niveau du G7 qui permet aussi de financer des capacit\u00e9s militaires\u00a0\u00bb. Autant de moyens pr\u00e9vus par les forces occidentales.<\/p>\n<p><a name=\"post1763386162\"\/>14:29 &#8211; Macron pr\u00e9cise que l&rsquo;accord pr\u00e9voit \u00ab\u00a0l\u2019acquisition de capacit\u00e9 d\u00e9cisive \u00e0 tr\u00e8s court terme\u00a0\u00bb pour l&rsquo;Ukraine<\/p>\n<p>Emmanuel Macron et Volodymyr Zelensky ont tenu une conf\u00e9rence de presse apr\u00e8s leur visite sur la base a\u00e9rienne de Villacoublay vers 13 heures. Le pr\u00e9sident de la R\u00e9publique a rappel\u00e9 la position et le choix clair de la France concernant la <a href=\"https:\/\/www.linternaute.com\/actualite\/monde\/7335296-guerre-en-ukraine-moscou-loue-les-compromis-trouves-par-washington-une-solution-envisagee\/\" title=\"Invasion de l&#039;Ukraine\" rel=\"nofollow noopener\" target=\"_blank\">guerre en Ukraine<\/a>, \u00ab\u00a0celui du soutien, sans ambigu\u00eft\u00e9s, sans rel\u00e2che \u00e0 l\u2019Ukraine\u00a0\u00bb, et a soulign\u00e9 la \u00ab\u00a0nouvelle \u00e9tape\u00a0\u00bb franchie avec l&rsquo;accord conclu entre les deux pays pour \u00ab\u00a0soutenir l\u2019Ukraine dans la modernisation de ses forces arm\u00e9es\u00a0\u00bb et \u00ab\u00a0la dissuasion contre l\u2019agression\u00a0\u00bb.<\/p>\n<p>L&rsquo;accord, qui a \u00e9t\u00e9 davantage d\u00e9taill\u00e9 par Emmanuel Macron,\u00a0pr\u00e9voit un \u00ab\u00a0renforcement de la coop\u00e9ration bilat\u00e9rale imm\u00e9diat et sur les 10 prochaines ann\u00e9es, avec l\u2019acquisition de capacit\u00e9 d\u00e9cisive \u00e0 tr\u00e8s court terme\u00a0: drones, intercepteur de drones, bombe guid\u00e9e et des engagements de production d\u2019ici \u00e0 la fin de l\u2019ann\u00e9e et sur les trois ann\u00e9es qui viennent\u00a0\u00bb. Il n&rsquo;a pas pr\u00e9cis\u00e9 de d\u00e9lai ou d&rsquo;\u00e9tape dans la livraison des Rafale, mais a indiqu\u00e9 qu&rsquo;il s&rsquo;agissait d&rsquo;une d\u00e9cision logique \u00ab\u00a0apr\u00e8s la livraison des Mirage 2\u00a0000 qui avait \u00e9t\u00e9 act\u00e9e il y a plusieurs mois et la formation des pilotes et donc nous allons d\u00e9ployer\u00a0\u00bb.<\/p>\n<p><a name=\"post1763384506\"\/>14:01 &#8211; Les Rafale command\u00e9s par l&rsquo;Ukraine financ\u00e9s par les avoirs russes ?<\/p>\n<p>Si l&rsquo;Otan ne participe pas \u00e0 l&rsquo;achat des 100 Rafale command\u00e9s par Kiev, l&rsquo;Ukraine pourrait se reposer sur l&rsquo;argent des avoirs russes gel\u00e9s depuis le d\u00e9but de l&rsquo;invasion du pays par Moscou. Ces avoirs repr\u00e9sentent environ 210 milliards d&rsquo;euros rapporte <a href=\"https:\/\/www.bfmtv.com\/international\/europe\/ukraine\/direct-guerre-en-ukraine-emmanuel-macron-recoit-volodymyr-zelensky-a-paris-un-accord-majeur-en-preparation_LN-202511170199.html#article_444949\" target=\"_blank\" rel=\"nofollow noopener\">BFMTV<\/a>, ils couvrent largement la facture des Rafale estim\u00e9e entre 7 et 8 milliards d&rsquo;euros.<\/p>\n<p><a name=\"post1763382662\"\/>13:31 &#8211; Une commande \u00e0 plusieurs milliards d&rsquo;euros<\/p>\n<p>Un seul avion Rafale co\u00fbte entre 70 et 80 millions d&rsquo;euros \u00e0 la fabrication, en commandant 100 engins la facture s&rsquo;\u00e9l\u00e8ve donc entre 7 et 8 milliards d&rsquo;euros. La livraison devrait \u00eatre honor\u00e9e et \u00e9tal\u00e9e sur dix ans et quid du financement ? Il pourrait \u00eatre r\u00e9clam\u00e9 en une seule fois ou divis\u00e9 en plusieurs acomptes \u00e0 verser avant la production des avions.<\/p>\n<p><a name=\"post1763379849\"\/>12:44 &#8211; Les Rafale achet\u00e9s par l&rsquo;Ukraine, pay\u00e9s par qui ?<\/p>\n<p>L&rsquo;accord conclu entre Volodymyr Zelensky et Emmanuel Macron porte bien sur l&rsquo;acquisition de Rafale neufs et non sur la donation des Rafale d&rsquo;occasion issus de la flotte fran\u00e7aise. Mais qui va payer les 100 Rafale dont il est question dans l&rsquo;accord ? L&rsquo;Ukraine va naturellement participer \u00e0 l&rsquo;achat, mais avec une \u00e9conomie en berne et largement sollicit\u00e9e par l&rsquo;effort de guerre, le pays devrait b\u00e9n\u00e9ficier de l&rsquo;aide financi\u00e8re de l&rsquo;Otan via le programme \u00ab\u00a0PURL\u00a0\u00bb. Ce dernier a \u00e9t\u00e9 mis en place en juillet 2025 par les Etats-Unis et permet \u00e0 l&rsquo;Otan de d\u00e9finir les besoins de Kiev dans la guerre contre la Russie, d&rsquo;acheter le mat\u00e9riel et de le livrer \u00e0 l&rsquo;Ukraine. Le fonds est constitu\u00e9 des aides financi\u00e8res apport\u00e9es par diff\u00e9rents pays alli\u00e9s de l&rsquo;Ukraine et membres de l&rsquo;Otan ayant choisi de prendre part au programme PURL, ce qui n&rsquo;est pas le cas des Etats-Unis, ni de la France.\u00a0<\/p>\n<p><a name=\"post1763376495\"\/>11:48 &#8211; L&rsquo;Ukraine va acheter jusqu&rsquo;\u00e0 100 Rafales \u00e0 la France<\/p>\n<p>L&rsquo;Elys\u00e9e confirme que l&rsquo;Ukraine va s&rsquo;\u00e9quiper de plusieurs Rafale apr\u00e8s la signature d&rsquo;une lettre d&rsquo;intention par les deux chefs d&rsquo;Etat. Kiev va acheter jusqu&rsquo;\u00e0 100 avions Rafale, des\u00a0d\u00e9fenses antia\u00e9riennes et des drones \u00e0 la France. \u00ab\u00a0Ce sera le plus grand syst\u00e8me de d\u00e9fense a\u00e9rienne au monde\u00a0\u00bb, s&rsquo;est f\u00e9licit\u00e9 le chef d&rsquo;\u00c9tat ukrainien devant la presse.\u00a0L&rsquo;accord porte sur des achats et des livraisons d&rsquo;\u00e9quipements neufs \u00ab\u00a0de l&rsquo;ordre de 100 Rafale, avec leurs armements associ\u00e9s\u00a0\u00bb et d&rsquo;autres \u00e9quipements \u00e9tal\u00e9es \u00ab\u00a0sur un horizon d&rsquo;une dizaine d&rsquo;ann\u00e9es\u00a0\u00bb. L&rsquo;Ukraine va \u00e9galement, gr\u00e2ce \u00e0 cet accord, s&rsquo;\u00e9quiper du\u00a0syst\u00e8me de d\u00e9fense a\u00e9rienne SAMP-T nouvelle g\u00e9n\u00e9ration en cours de d\u00e9veloppement.<\/p>\n<p><a name=\"post1763373970\"\/>11:06 &#8211; Une quinzaine de Rafale accord\u00e9e \u00e0 l&rsquo;Ukraine ?<\/p>\n<p>Le pr\u00e9sident ukrainien, qui a fait part ces derni\u00e8res semaines de sa volont\u00e9 de constituer une flotte\u00a0de 250 avions pour l&rsquo;arm\u00e9e ukrainienne, a d\u00e9j\u00e0 conclu un accord avec la Su\u00e8de pour la livraison de 150 avions de chasse Gripen et a obtenu une promesse am\u00e9ricaine concernant la livraison de 85 avions F-16. C&rsquo;est avec la France qu&rsquo;il souhaiterait conclure un accord pour compl\u00e9ter cette flotte avec une quinzaine de Rafale pour atteindre l&rsquo;objectif de 250 avions. Ces avions de chasse du constructeur Dassault font-il partie de l&rsquo;accord conclu entre Volodymyr Zelensky et Emmanuel Macron et devant \u00eatre sign\u00e9 \u00e0 la mi-journ\u00e9e ? Les dirigeants pourraient r\u00e9pondre \u00e0 la question en donnant des pr\u00e9cisions sur le contenu de l&rsquo;accord apr\u00e8s sa signature.<\/p>\n<p><script async src=\"https:\/\/platform.twitter.com\/widgets.js\" charset=\"utf-8\"><\/script><\/p>\n","protected":false},"excerpt":{"rendered":"Un \u00ab\u00a0accord historique\u00a0\u00bb concernant l&rsquo;achat par l&rsquo;Ukraine de 100\u00a0Rafale a \u00e9t\u00e9 conclu ce lundi 17\u00a0novembre lors de la&hellip;\n","protected":false},"author":2,"featured_media":541169,"comment_status":"","ping_status":"","sticky":false,"template":"","format":"standard","meta":{"footnotes":""},"categories":[1590],"tags":[11,65935,51761,1777,674,51763,131,74,12,51767,220],"class_list":{"0":"post-541168","1":"post","2":"type-post","3":"status-publish","4":"format-standard","5":"has-post-thumbnail","7":"category-ukraine","8":"tag-actualites","9":"tag-cms-linternaute-9252853","10":"tag-controller-content","11":"tag-eu","12":"tag-europe","13":"tag-format-papier","14":"tag-guerre-en-ukraine","15":"tag-monde","16":"tag-news","17":"tag-parallaxeinfeed","18":"tag-ukraine"},"share_on_mastodon":{"url":"https:\/\/pubeurope.com\/@fr\/115567355190606225","error":""},"_links":{"self":[{"href":"https:\/\/www.europesays.com\/fr\/wp-json\/wp\/v2\/posts\/541168","targetHints":{"allow":["GET"]}}],"collection":[{"href":"https:\/\/www.europesays.com\/fr\/wp-json\/wp\/v2\/posts"}],"about":[{"href":"https:\/\/www.europesays.com\/fr\/wp-json\/wp\/v2\/types\/post"}],"author":[{"embeddable":true,"href":"https:\/\/www.europesays.com\/fr\/wp-json\/wp\/v2\/users\/2"}],"replies":[{"embeddable":true,"href":"https:\/\/www.europesays.com\/fr\/wp-json\/wp\/v2\/comments?post=541168"}],"version-history":[{"count":0,"href":"https:\/\/www.europesays.com\/fr\/wp-json\/wp\/v2\/posts\/541168\/revisions"}],"wp:featuredmedia":[{"embeddable":true,"href":"https:\/\/www.europesays.com\/fr\/wp-json\/wp\/v2\/media\/541169"}],"wp:attachment":[{"href":"https:\/\/www.europesays.com\/fr\/wp-json\/wp\/v2\/media?parent=541168"}],"wp:term":[{"taxonomy":"category","embeddable":true,"href":"https:\/\/www.europesays.com\/fr\/wp-json\/wp\/v2\/categories?post=541168"},{"taxonomy":"post_tag","embeddable":true,"href":"https:\/\/www.europesays.com\/fr\/wp-json\/wp\/v2\/tags?post=541168"}],"curies":[{"name":"wp","href":"https:\/\/api.w.org\/{rel}","templated":true}]}}