{"id":541170,"date":"2025-11-17T22:17:14","date_gmt":"2025-11-17T22:17:14","guid":{"rendered":"https:\/\/www.europesays.com\/fr\/541170\/"},"modified":"2025-11-17T22:17:14","modified_gmt":"2025-11-17T22:17:14","slug":"les-coupes-occidentales-dans-laide-etrangere-pourraient-provoquer-plus-de-22-millions-de-deces-selon-une-etude","status":"publish","type":"post","link":"https:\/\/www.europesays.com\/fr\/541170\/","title":{"rendered":"Les coupes occidentales dans l&rsquo;aide \u00e9trang\u00e8re pourraient provoquer plus de 22 millions de d\u00e9c\u00e8s, selon une \u00e9tude"},"content":{"rendered":"\n<p class=\"c-chapo \">\n  Les r\u00e9sultats de cette \u00e9tude men\u00e9e par des chercheurs espagnols, br\u00e9siliens et mozambicains ont \u00e9t\u00e9 soumis lundi \u00e0 la revue \u00ab\u00a0The Lancet Global Health\u00a0\u00bb et sont en attente d&rsquo;une \u00e9valuation.\n<\/p>\n<p>      lire plus tard<\/p>\n<p id=\"dialog__title\" class=\"dialog__title\">Pour sauvegarder cet article, connectez-vous ou cr\u00e9ez un compte franceinfo<\/p>\n<p class=\"dialog__description\">Sans paiement. Sans abonnement.<\/p>\n<p>        Fermer la fen\u00eatre d\u2019activation des notifications France Info<\/p>\n<p>      cr\u00e9er votre compte<\/p>\n<p>      se connecter<\/p>\n<p>        Fermer la fen\u00eatre de pr\u00e9sentation<\/p>\n<p>    <img loading=\"lazy\" decoding=\"async\" class=\"signature__image lazyload\" width=\"100\" height=\"100\" data- alt=\"\" src=\"https:\/\/www.europesays.com\/fr\/wp-content\/uploads\/2025\/05\/64a68815cd1a7_placeholder-36b69ec8.png\"\/><\/p>\n<p>    Publi\u00e9 le 17\/11\/2025 22:52<\/p>\n<p>        Temps de lecture : 2min<\/p>\n<p>    <img decoding=\"async\"  alt=\"Un vieux sac de l'USAID, une agence am\u00e9ricaine d'aide au d\u00e9veloppement, \u00e0 Maban, au Soudan du Sud, le 20 ao\u00fbt 2025. (GUY PETERSON \/ AFP)\" width=\"432\" height=\"243\" src=\"https:\/\/www.europesays.com\/fr\/wp-content\/uploads\/2025\/11\/000-72c28au-691b9887ede4d334548171.jpg\" fetchpriority=\"high\"\/><\/p>\n<p>      Un vieux sac de l&rsquo;USAID, une agence am\u00e9ricaine d&rsquo;aide au d\u00e9veloppement, \u00e0 Maban, au Soudan du Sud, le 20 ao\u00fbt 2025. (GUY PETERSON \/ AFP)<\/p>\n<p>Plus de 22 millions de personnes, dont beaucoup d&rsquo;enfants, pourraient mourir de causes \u00e9vitables d&rsquo;ici 2030 <a href=\"https:\/\/www.franceinfo.fr\/monde\/usa\/presidentielle\/donald-trump\/des-ong-francaises-inquietes-apres-le-gel-de-l-aide-internationale-americaine_7070223.html\" rel=\"nofollow noopener\" target=\"_blank\">en raison des coupes budg\u00e9taires dans l&rsquo;aide \u00e9trang\u00e8re des Etats-Unis<\/a> et de pays europ\u00e9ens, selon une \u00e9tude internationale consult\u00e9e par l&rsquo;AFP, lundi 17 novembre. Il s&rsquo;agit l\u00e0 du pire sc\u00e9nario calcul\u00e9 par les chercheurs. A l&rsquo;autre extr\u00eame, une r\u00e9duction plus mod\u00e9r\u00e9e de l&rsquo;aide \u00e9trang\u00e8re entra\u00eenerait 9,4 millions de d\u00e9c\u00e8s suppl\u00e9mentaires.<\/p>\n<p>Ces conclusions sont une mise \u00e0 jour d&rsquo;une \u00e9tude r\u00e9alis\u00e9e plus t\u00f4t cette ann\u00e9e, qui se concentrait uniquement sur les cons\u00e9quences des coupes dans l&rsquo;aide \u00e9trang\u00e8re r\u00e9alis\u00e9es par Donald Trump, notamment <a href=\"https:\/\/www.franceinfo.fr\/monde\/usa\/presidentielle\/donald-trump\/l-ensemble-des-employes-de-l-agence-americaine-pour-le-developpement-seront-places-en-conge-administratif-a-partir-de-vendredi_7056194.html\" rel=\"nofollow noopener\" target=\"_blank\">le d\u00e9mant\u00e8lement de l&rsquo;Agence am\u00e9ricaine pour le d\u00e9veloppement international<\/a> (USAID), et qui projetait 14 millions de d\u00e9c\u00e8s suppl\u00e9mentaires. Le nouveau rapport tient compte des r\u00e9ductions de l&rsquo;ensemble de l&rsquo;aide publique au d\u00e9veloppement, alors que le Royaume-Uni, l&rsquo;Allemagne <a href=\"https:\/\/www.franceinfo.fr\/replay-radio\/le-brief-eco\/apres-le-gel-de-l-aide-americaine-la-france-repense-sa-politique-d-aide-au-developpement-a-l-etranger_7147509.html\" rel=\"nofollow noopener\" target=\"_blank\">et la France ont aussi r\u00e9duit leur aide aux pays en d\u00e9veloppement<\/a>.<\/p>\n<p>\u00ab\u00a0C&rsquo;est la premi\u00e8re fois en 30 ans\u00a0\u00bb que ces quatre pays \u00ab\u00a0r\u00e9duisent tous leur aide en m\u00eame temps\u00a0\u00bb, a soulign\u00e9 aupr\u00e8s de l&rsquo;AFP l&rsquo;un des auteurs de l&rsquo;\u00e9tude, Gonzalo Fanjul, de l&rsquo;Institut pour la sant\u00e9 mondiale de Barcelone (ISGlobal). \u00ab\u00a0Les pays europ\u00e9ens ne sont pas comparables aux Etats-Unis, mais lorsqu&rsquo;on les consid\u00e8re dans leur ensemble, le coup port\u00e9 au syst\u00e8me d&rsquo;aide mondial est extraordinaire. C&rsquo;est absolument sans pr\u00e9c\u00e9dent\u00a0\u00bb, dit-il.<\/p>\n<p>Les r\u00e9sultats de cette \u00e9tude men\u00e9e par des chercheurs espagnols, br\u00e9siliens et mozambicains ont \u00e9t\u00e9 soumis lundi \u00e0 la revue The Lancet Global Health et sont en attente d&rsquo;une \u00e9valuation. Elle s&rsquo;appuie sur des donn\u00e9es montrant comment l&rsquo;aide a permis de r\u00e9duire le nombre de d\u00e9c\u00e8s dans le pass\u00e9, en particulier gr\u00e2ce \u00e0 la pr\u00e9vention face au VIH, au paludisme et la tuberculose.<\/p>\n","protected":false},"excerpt":{"rendered":"Les r\u00e9sultats de cette \u00e9tude men\u00e9e par des chercheurs espagnols, br\u00e9siliens et mozambicains ont \u00e9t\u00e9 soumis lundi \u00e0&hellip;\n","protected":false},"author":2,"featured_media":541171,"comment_status":"","ping_status":"","sticky":false,"template":"","format":"standard","meta":{"footnotes":""},"categories":[1589],"tags":[11,73,1866,12,1864,1865,1863,308],"class_list":{"0":"post-541170","1":"post","2":"type-post","3":"status-publish","4":"format-standard","5":"has-post-thumbnail","7":"category-etats-unis","8":"tag-actualites","9":"tag-etats-unis","10":"tag-etats-unis-damerique","11":"tag-news","12":"tag-united-states","13":"tag-united-states-of-america","14":"tag-us","15":"tag-usa"},"share_on_mastodon":{"url":"https:\/\/pubeurope.com\/@fr\/115567359249724691","error":""},"_links":{"self":[{"href":"https:\/\/www.europesays.com\/fr\/wp-json\/wp\/v2\/posts\/541170","targetHints":{"allow":["GET"]}}],"collection":[{"href":"https:\/\/www.europesays.com\/fr\/wp-json\/wp\/v2\/posts"}],"about":[{"href":"https:\/\/www.europesays.com\/fr\/wp-json\/wp\/v2\/types\/post"}],"author":[{"embeddable":true,"href":"https:\/\/www.europesays.com\/fr\/wp-json\/wp\/v2\/users\/2"}],"replies":[{"embeddable":true,"href":"https:\/\/www.europesays.com\/fr\/wp-json\/wp\/v2\/comments?post=541170"}],"version-history":[{"count":0,"href":"https:\/\/www.europesays.com\/fr\/wp-json\/wp\/v2\/posts\/541170\/revisions"}],"wp:featuredmedia":[{"embeddable":true,"href":"https:\/\/www.europesays.com\/fr\/wp-json\/wp\/v2\/media\/541171"}],"wp:attachment":[{"href":"https:\/\/www.europesays.com\/fr\/wp-json\/wp\/v2\/media?parent=541170"}],"wp:term":[{"taxonomy":"category","embeddable":true,"href":"https:\/\/www.europesays.com\/fr\/wp-json\/wp\/v2\/categories?post=541170"},{"taxonomy":"post_tag","embeddable":true,"href":"https:\/\/www.europesays.com\/fr\/wp-json\/wp\/v2\/tags?post=541170"}],"curies":[{"name":"wp","href":"https:\/\/api.w.org\/{rel}","templated":true}]}}