{"id":541176,"date":"2025-11-17T22:20:30","date_gmt":"2025-11-17T22:20:30","guid":{"rendered":"https:\/\/www.europesays.com\/fr\/541176\/"},"modified":"2025-11-17T22:20:30","modified_gmt":"2025-11-17T22:20:30","slug":"ios-26-2-changer-siri-par-un-autre-assistant-se-prepare-en-europe","status":"publish","type":"post","link":"https:\/\/www.europesays.com\/fr\/541176\/","title":{"rendered":"iOS 26.2 : changer Siri par un autre assistant se pr\u00e9pare en Europe"},"content":{"rendered":"<p><strong>La b\u00eata 3 d\u2019iOS 26.2, <a href=\"https:\/\/iphoneaddict.fr\/post\/news-419133-beta-3-ios-26-2-macos-26-2-watchos-26-2-tvos-26-2-visionos-26-2\" target=\"_blank\" rel=\"noopener\">disponible maintenant<\/a>, r\u00e9v\u00e8le qu\u2019Apple pr\u00e9pare le terrain pour une fonctionnalit\u00e9 attendue : <a href=\"https:\/\/iphoneaddict.fr\/post\/news-406400-changer-siri-assistant-possible-europe\" target=\"_blank\" rel=\"noopener\">la possibilit\u00e9 de choisir un assistant vocal par d\u00e9faut autre que Siri<\/a>. Cette ouverture, probablement contrainte par la r\u00e9glementation europ\u00e9enne, marquerait une nouvelle \u00e9tape dans l\u2019adaptation d\u2019Apple au Digital Markets Act (DMA).<\/strong><\/p>\n<p><img loading=\"lazy\" decoding=\"async\" class=\"aligncenter size-large wp-image-394043\" src=\"https:\/\/www.europesays.com\/fr\/wp-content\/uploads\/2025\/11\/iPhone-16-Prise-en-Main-Siri-Nouvelle-Interface-1200x675.jpg\" alt=\"iPhone 16 Prise en Main Siri Nouvelle Interface\" width=\"739\" height=\"416\"  \/><\/p>\n<p>Remplacer Siri par Gemini ou autre va \u00eatre possible<\/p>\n<p>Actuellement, un appui long sur le bouton lat\u00e9ral de l\u2019iPhone active exclusivement Siri. Cependant, des lignes de code d\u00e9couvertes par <a href=\"https:\/\/www.macrumors.com\/2025\/11\/17\/ios-26-2-iphone-users-eu-siri-replacement\/\" rel=\"external nofollow noopener\" target=\"_blank\">MacRumors<\/a> dans la b\u00eata 3 d\u2019iOS 26.2 sugg\u00e8rent que ce comportement est sur le point de changer. Plusieurs r\u00e9f\u00e9rences pointent vers une nouvelle gestion du bouton lat\u00e9ral qui permettrait d\u2019y assigner une autre application.<\/p>\n<p>Les extraits de code sont particuli\u00e8rement clairs et \u00e9voquent directement cette nouvelle possibilit\u00e9 :<\/p>\n<ul>\n<li>La fonction \u00ab Appuyer et maintenir enfonc\u00e9 pour parler \u00bb n\u2019est pas disponible lorsque le bouton lat\u00e9ral est attribu\u00e9 \u00e0 %@.<\/li>\n<li>R\u00e9glages du bouton lat\u00e9ral<\/li>\n<li>S\u00e9lectionner une autre application par d\u00e9faut pour le bouton lat\u00e9ral<\/li>\n<li>L\u2019application par d\u00e9faut du bouton lat\u00e9ral ne peut pas \u00eatre masqu\u00e9e. Vous pouvez modifier vos applications par d\u00e9faut dans R\u00e9glages.<\/li>\n<li>L\u2019application par d\u00e9faut du bouton lat\u00e9ral ne peut pas \u00eatre verrouill\u00e9e. Vous pouvez modifier vos applications par d\u00e9faut dans R\u00e9glages.<\/li>\n<li>%@ n\u2019est plus compatible avec le bouton lat\u00e9ral. Contactez le d\u00e9veloppeur de l\u2019application pour plus d\u2019informations.<\/li>\n<li>%@ n\u2019est pas disponible pour une utilisation avec le bouton lat\u00e9ral dans votre r\u00e9gion.<\/li>\n<\/ul>\n<p>Une concession forc\u00e9e par la r\u00e9glementation europ\u00e9enne<\/p>\n<p>La pr\u00e9sence de mentions relatives \u00e0 la r\u00e9gion de l\u2019utilisateur sugg\u00e8re fortement que cette fonctionnalit\u00e9 de remplacer Siri par un autre assistant sera limit\u00e9e \u00e0 l\u2019Union europ\u00e9enne. Cette modification est une cons\u00e9quence directe du DMA) qui oblige les g\u00e9ants de la tech comme Apple \u00e0 permettre aux utilisateurs de changer facilement les param\u00e8tres par d\u00e9faut qui les orientent vers leurs propres services.<\/p>\n<p>Cette \u00e9volution permettrait ainsi de configurer un appui long sur le bouton lat\u00e9ral pour lancer des assistants concurrents comme Gemini, ChatGPT ou Alexa, directement au niveau d\u2019iOS. Apple a d\u00e9j\u00e0 d\u00fb faire une concession similaire en Europe pour les paiements en autorisant le remplacement de l\u2019application Cartes par d\u00e9faut lors d\u2019un double appui sur ce m\u00eame bouton.<\/p>\n","protected":false},"excerpt":{"rendered":"La b\u00eata 3 d\u2019iOS 26.2, disponible maintenant, r\u00e9v\u00e8le qu\u2019Apple pr\u00e9pare le terrain pour une fonctionnalit\u00e9 attendue : la&hellip;\n","protected":false},"author":2,"featured_media":541177,"comment_status":"","ping_status":"","sticky":false,"template":"","format":"standard","meta":{"footnotes":""},"categories":[1586],"tags":[11,65936,733,41105,141,1777,674,1011,27,65937,12,25,1767],"class_list":{"0":"post-541176","1":"post","2":"type-post","3":"status-publish","4":"format-standard","5":"has-post-thumbnail","7":"category-europe","8":"tag-actualites","9":"tag-amazon-alexa","10":"tag-apple","11":"tag-beta","12":"tag-chatgpt","13":"tag-eu","14":"tag-europe","15":"tag-fr","16":"tag-france","17":"tag-ios-26-2","18":"tag-news","19":"tag-republique-francaise","20":"tag-siri"},"share_on_mastodon":{"url":"https:\/\/pubeurope.com\/@fr\/115567371186827682","error":""},"_links":{"self":[{"href":"https:\/\/www.europesays.com\/fr\/wp-json\/wp\/v2\/posts\/541176","targetHints":{"allow":["GET"]}}],"collection":[{"href":"https:\/\/www.europesays.com\/fr\/wp-json\/wp\/v2\/posts"}],"about":[{"href":"https:\/\/www.europesays.com\/fr\/wp-json\/wp\/v2\/types\/post"}],"author":[{"embeddable":true,"href":"https:\/\/www.europesays.com\/fr\/wp-json\/wp\/v2\/users\/2"}],"replies":[{"embeddable":true,"href":"https:\/\/www.europesays.com\/fr\/wp-json\/wp\/v2\/comments?post=541176"}],"version-history":[{"count":0,"href":"https:\/\/www.europesays.com\/fr\/wp-json\/wp\/v2\/posts\/541176\/revisions"}],"wp:featuredmedia":[{"embeddable":true,"href":"https:\/\/www.europesays.com\/fr\/wp-json\/wp\/v2\/media\/541177"}],"wp:attachment":[{"href":"https:\/\/www.europesays.com\/fr\/wp-json\/wp\/v2\/media?parent=541176"}],"wp:term":[{"taxonomy":"category","embeddable":true,"href":"https:\/\/www.europesays.com\/fr\/wp-json\/wp\/v2\/categories?post=541176"},{"taxonomy":"post_tag","embeddable":true,"href":"https:\/\/www.europesays.com\/fr\/wp-json\/wp\/v2\/tags?post=541176"}],"curies":[{"name":"wp","href":"https:\/\/api.w.org\/{rel}","templated":true}]}}