{"id":541178,"date":"2025-11-17T22:21:43","date_gmt":"2025-11-17T22:21:43","guid":{"rendered":"https:\/\/www.europesays.com\/fr\/541178\/"},"modified":"2025-11-17T22:21:43","modified_gmt":"2025-11-17T22:21:43","slug":"von-der-leyen-presente-trois-options-de-financement-a-lue-pour-lukraine-subventions-prets-ou-actifs-russes-business-am","status":"publish","type":"post","link":"https:\/\/www.europesays.com\/fr\/541178\/","title":{"rendered":"Von der Leyen pr\u00e9sente trois options de financement \u00e0 l&rsquo;UE pour l&rsquo;Ukraine : subventions, pr\u00eats ou actifs russes &#8211; Business AM"},"content":{"rendered":"<p>                    <img decoding=\"async\" style=\"aspect-ratio:16\/9\" src=\"https:\/\/www.europesays.com\/fr\/wp-content\/uploads\/2025\/11\/GettyImages-2240898039-1.jpg\" width=\"100%\" loading=\"eager\"\/><\/p>\n<p>                            <a href=\"https:\/\/fr.businessam.be\/author\/redactie\/\" class=\"author-thumbnail\" style=\"border: 2px inset #00000099;\" target=\"_blank\" rel=\"noopener\"><img loading=\"lazy\" decoding=\"async\" src=\"https:\/\/www.europesays.com\/fr\/wp-content\/uploads\/2025\/11\/1763418103_878_cropped-favicon-192x192.png\" width=\"80\" height=\"80\" alt=\"Business AM\"\/><\/a>\ue05bpar <a href=\"https:\/\/fr.businessam.be\/author\/redactie\/\" target=\"_blank\" rel=\"noopener\">Business AM<\/a><br \/>\ue010publi\u00e9 le lundi 17 novembre 2025 \u00e0 21:33 \u2022 <br \/>\ue00c3 min de lecture<\/p>\n<p>Principaux renseignements<\/p>\n<ul class=\"wp-block-list\">\n<li><strong>La Commission europ\u00e9enne propose trois options pour financer l\u2019Ukraine : des subventions des \u00c9tats membres, un pr\u00eat soutenu par l\u2019UE et un pr\u00eat garanti par des actifs russes confisqu\u00e9s.<\/strong><\/li>\n<li><strong>Ces solutions de financement sont con\u00e7ues comme une mesure temporaire jusqu\u2019\u00e0 ce que le nouveau budget \u00e0 long terme de l\u2019UE commence en 2028.<\/strong><\/li>\n<li><strong>Von der Leyen invite les dirigeants europ\u00e9ens \u00e0 parvenir \u00e0 un consensus sur les m\u00e9canismes de financement lors de la r\u00e9union du Conseil europ\u00e9en de d\u00e9cembre.<\/strong><\/li>\n<\/ul>\n<p>La pr\u00e9sidente de la Commission europ\u00e9enne, Ursula von der Leyen, a pr\u00e9sent\u00e9 aux gouvernements de l\u2019UE trois options possibles pour r\u00e9pondre aux besoins financiers de <a href=\"https:\/\/fr.businessam.be\/lukraine-entame-des-negociations-avec-le-fmi-au-sujet-dun-nouveau-programme-de-pret\/\" target=\"_blank\" rel=\"noreferrer noopener\">l\u2019Ukraine<\/a> au cours des deux prochaines ann\u00e9es. Il s\u2019agit de subventions accord\u00e9es par les \u00c9tats membres, d\u2019un pr\u00eat garanti par l\u2019UE sur les march\u00e9s financiers et d\u2019un pr\u00eat li\u00e9 aux <a href=\"https:\/\/fr.businessam.be\/zelensky-exhorte-lue-a-debloquer-les-avoirs-russes-geles\/\" target=\"_blank\" rel=\"noreferrer noopener\">actifs russes<\/a> saisis. Von der Leyen a soulign\u00e9 que ces options ne s\u2019excluent pas mutuellement et peuvent \u00eatre combin\u00e9es ou appliqu\u00e9es successivement.<\/p>\n<p>D\u00e9cision rapide<\/p>\n<p>L\u2019urgence de la situation exige une d\u00e9cision rapide. Le document pr\u00e9sentant les diff\u00e9rentes options joint \u00e0 la lettre de von der Leyen sugg\u00e8re que toute solution pourrait \u00eatre temporaire, destin\u00e9e \u00e0 combler le d\u00e9ficit de financement jusqu\u2019\u00e0 l\u2019entr\u00e9e en vigueur du nouveau budget \u00e0 long terme de l\u2019UE en 2028. Ce budget pourrait \u00e9ventuellement garantir les pr\u00eats accord\u00e9s \u00e0 l\u2019Ukraine par l\u2019UE.<\/p>\n<p>Von der Leyen a exhort\u00e9 les capitales europ\u00e9ennes \u00e0 parvenir rapidement \u00e0 un consensus sur les m\u00e9canismes de financement de l\u2019Ukraine. Elle a soulign\u00e9 qu\u2019il \u00e9tait important de finaliser cet accord lors de la prochaine r\u00e9union du Conseil europ\u00e9en en d\u00e9cembre. Le besoin d\u2019aide financi\u00e8re fait suite \u00e0 un sommet europ\u00e9en qui s\u2019est tenu le mois dernier, au cours duquel les dirigeants se sont engag\u00e9s \u00e0 couvrir les besoins financiers urgents de l\u2019Ukraine pour les deux prochaines ann\u00e9es. (fc)<\/p>\n<p><a href=\"https:\/\/news.google.com\/publications\/CAowtseUCw?hl=fr&amp;gl=BE&amp;ceid=BE%3Afr\" target=\"_blank\" rel=\"noopener\">Suivez \u00e9galement Business AM sur Google Actualit\u00e9s<\/a><\/p>\n<p><a href=\"https:\/\/portalfr.businessam.be\/plans\/business-am-fr-offre-dete\/\" target=\"_blank\" rel=\"noopener\">Si vous souhaitez acc\u00e9der \u00e0 tous les articles, abonnez-vous ici!<\/a><\/p>\n","protected":false},"excerpt":{"rendered":"\ue05bpar Business AM\ue010publi\u00e9 le lundi 17 novembre 2025 \u00e0 21:33 \u2022 \ue00c3 min de lecture Principaux renseignements La&hellip;\n","protected":false},"author":2,"featured_media":541179,"comment_status":"","ping_status":"","sticky":false,"template":"","format":"standard","meta":{"footnotes":""},"categories":[1586],"tags":[11,2196,1777,674,1779,1011,27,1861,12,25,1778,220,364,19665],"class_list":{"0":"post-541178","1":"post","2":"type-post","3":"status-publish","4":"format-standard","5":"has-post-thumbnail","7":"category-europe","8":"tag-actualites","9":"tag-commission-europeenne","10":"tag-eu","11":"tag-europe","12":"tag-european-union","13":"tag-fr","14":"tag-france","15":"tag-lue","16":"tag-news","17":"tag-republique-francaise","18":"tag-ue","19":"tag-ukraine","20":"tag-union-europeenne","21":"tag-von-der-leyen"},"share_on_mastodon":{"url":"https:\/\/pubeurope.com\/@fr\/115567374933637447","error":""},"_links":{"self":[{"href":"https:\/\/www.europesays.com\/fr\/wp-json\/wp\/v2\/posts\/541178","targetHints":{"allow":["GET"]}}],"collection":[{"href":"https:\/\/www.europesays.com\/fr\/wp-json\/wp\/v2\/posts"}],"about":[{"href":"https:\/\/www.europesays.com\/fr\/wp-json\/wp\/v2\/types\/post"}],"author":[{"embeddable":true,"href":"https:\/\/www.europesays.com\/fr\/wp-json\/wp\/v2\/users\/2"}],"replies":[{"embeddable":true,"href":"https:\/\/www.europesays.com\/fr\/wp-json\/wp\/v2\/comments?post=541178"}],"version-history":[{"count":0,"href":"https:\/\/www.europesays.com\/fr\/wp-json\/wp\/v2\/posts\/541178\/revisions"}],"wp:featuredmedia":[{"embeddable":true,"href":"https:\/\/www.europesays.com\/fr\/wp-json\/wp\/v2\/media\/541179"}],"wp:attachment":[{"href":"https:\/\/www.europesays.com\/fr\/wp-json\/wp\/v2\/media?parent=541178"}],"wp:term":[{"taxonomy":"category","embeddable":true,"href":"https:\/\/www.europesays.com\/fr\/wp-json\/wp\/v2\/categories?post=541178"},{"taxonomy":"post_tag","embeddable":true,"href":"https:\/\/www.europesays.com\/fr\/wp-json\/wp\/v2\/tags?post=541178"}],"curies":[{"name":"wp","href":"https:\/\/api.w.org\/{rel}","templated":true}]}}