{"id":541182,"date":"2025-11-17T22:24:22","date_gmt":"2025-11-17T22:24:22","guid":{"rendered":"https:\/\/www.europesays.com\/fr\/541182\/"},"modified":"2025-11-17T22:24:22","modified_gmt":"2025-11-17T22:24:22","slug":"lequipe-de-france-devrait-affronter-la-colombie-et-le-bresil-lors-dune-tournee-aux-etats-unis-en-mars-2026","status":"publish","type":"post","link":"https:\/\/www.europesays.com\/fr\/541182\/","title":{"rendered":"L\u2019\u00e9quipe de France devrait affronter la Colombie et le Br\u00e9sil lors d\u2019une tourn\u00e9e aux \u00c9tats-Unis en mars\u00a02026"},"content":{"rendered":"<p class=\"paragraph text_align_left lp-f-body-02\"><a href=\"https:\/\/www.leparisien.fr\/sports\/football\/equipe-de-france\/\" target=\"_self\" rel=\"noopener\">L\u2019\u00e9quipe de France<\/a> devrait bien prendre la direction des \u00c9tats-Unis au mois de mars 2026. Comme ils l\u2019avaient fait en 2018 se rendant en Russie pour y d\u00e9fier le pays organisateur de <a href=\"https:\/\/www.leparisien.fr\/sports\/football\/coupe-du-monde\/\" target=\"_self\" rel=\"noopener\">la Coupe du monde<\/a> trois mois avant le d\u00e9but de l\u2019\u00e9ch\u00e9ance plan\u00e9taire, les Bleus vont probablement poser leurs valises sur le continent am\u00e9ricain \u00e0 l\u2019occasion de l\u2019unique tr\u00eave internationale pr\u00e9c\u00e9dant<a href=\"https:\/\/www.leparisien.fr\/sports\/football\/coupe-du-monde\/coupe-du-monde-2026-didier-deschamps-precise-la-date-dannonce-de-sa-liste-des-joueurs-retenus-16-11-2025-7F64SHQT4RARJP6HXPKN73MR3I.php\" target=\"_self\" rel=\"noopener\"> l\u2019annonce de la liste finale par Didier Deschamps<\/a>, \u00e0 la mi-mai.<\/p>\n<p class=\"paragraph text_align_left lp-f-body-02\">Selon les informations de <a href=\"https:\/\/www.lequipe.fr\/Football\/Actualites\/Les-bleus-devraient-affronter-la-colombie-et-le-bresil-en-mars-lors-de-leur-tournee-americaine-quelques-mois-avant-la-coupe-du-monde\/1610497\" target=\"_self\" rel=\"noopener\">L\u2019\u00c9quipe<\/a>, que nous sommes en mesure de confirmer, <a href=\"https:\/\/www.leparisien.fr\/sports\/football\/litige-mbappe-psg-le-prononce-du-jugement-fixe-au-16-decembre-apres-laudience-aux-prudhommes-17-11-2025-TAX6ESER6ZGUBIYM5UL3XRQEEU.php\" target=\"_self\" rel=\"noopener\">Kylian Mbapp\u00e9<\/a> et ses partenaires disputeront deux matchs amicaux sur la c\u00f4te est des \u00c9tats-Unis, l\u2019un en Floride, l\u2019autre dans le Massachusetts, mais ils ne devraient pas croiser le fer avec le pays h\u00f4te.<\/p>\n<p>Des retrouvailles de prestige face au Br\u00e9sil ?<\/p>\n<p class=\"paragraph text_align_left lp-f-body-02\">Comme sous-entendu par le s\u00e9lectionneur des Bleus dimanche soir, \u00e0 l\u2019issue du <a href=\"https:\/\/www.leparisien.fr\/sports\/football\/coupe-du-monde\/azerbaidjan-france-1-3-pour-les-jeunes-bleus-des-bons-coups-a-bakou-16-11-2025-WPY757TRQJDC7ITTJXP5A6XZ7U.php\" target=\"_self\" rel=\"noopener\">succ\u00e8s en Azerba\u00efdjan (1-3)<\/a>, ce sont plut\u00f4t deux nations sud-am\u00e9ricaines qui devraient \u00eatre au menu pour ses hommes, \u00e0 commencer par la Colombie. Un adversaire que la France n\u2019a plus affront\u00e9 depuis 2018 et une rencontre de pr\u00e9paration, d\u00e9j\u00e0 programm\u00e9e au mois de mars, perdue \u00e0 l\u2019issue d\u2019un sc\u00e9nario spectaculaire au Stade de France (2-3).<\/p>\n<p class=\"paragraph text_align_left lp-f-body-02\">Les Tricolores monteront en intensit\u00e9 quelques jours plus tard avec un affrontement face au Br\u00e9sil de Carlo Ancelotti. Alors que <a href=\"https:\/\/www.leparisien.fr\/sports\/football\/equipe-de-france\/equipe-de-france-un-match-amical-face-au-bresil-organise-en-mars-aux-etats-unis-14-09-2025-G2HKWNNLT5HZBG6PNPQSSVMFLY.php\" target=\"_self\" rel=\"noopener\">la rumeur d\u2019un amical de prestige face \u00e0 la Sele\u00e7\u00e3o enfle depuis quelques mois<\/a>, l\u2019hypoth\u00e8se devrait bien devenir r\u00e9alit\u00e9, m\u00eame si rien n\u2019est encore sign\u00e9.<\/p>\n<p class=\"paragraph text_align_left lp-f-body-02\">\u00ab C\u2019est dans les tuyaux qu\u2019on puisse aller aux \u00c9tats-Unis faire deux matchs \u00bb, avait confi\u00e9 Deschamps au micro de La Cha\u00eene L\u2019\u00c9quipe dimanche soir. \u00ab En faisant en sorte que ce soit le moins contraignant possible pour les joueurs, \u00e9videmment. On devrait rencontrer deux \u00e9quipes sud-am\u00e9ricaines, dont une qui a un bon palmar\u00e8s. Le Br\u00e9sil ? Peut-\u00eatre ! \u00bb, avait-il plaisant\u00e9, confirmant \u00e0 demi-mot les retrouvailles \u00e0 venir avec les Auriverde, sortis vainqueurs de leurs deux derni\u00e8res rencontres amicales face aux Bleus, en 2013 (3-0) et en 2015 (1-3).<\/p>\n","protected":false},"excerpt":{"rendered":"L\u2019\u00e9quipe de France devrait bien prendre la direction des \u00c9tats-Unis au mois de mars 2026. Comme ils l\u2019avaient&hellip;\n","protected":false},"author":2,"featured_media":541183,"comment_status":"","ping_status":"","sticky":false,"template":"","format":"standard","meta":{"footnotes":""},"categories":[4],"tags":[11,27345,63,1011,27,12,25,60],"class_list":{"0":"post-541182","1":"post","2":"type-post","3":"status-publish","4":"format-standard","5":"has-post-thumbnail","7":"category-france","8":"tag-actualites","9":"tag-equipe_france_foot","10":"tag-football","11":"tag-fr","12":"tag-france","13":"tag-news","14":"tag-republique-francaise","15":"tag-sports"},"share_on_mastodon":{"url":"https:\/\/pubeurope.com\/@fr\/115567385860452318","error":""},"_links":{"self":[{"href":"https:\/\/www.europesays.com\/fr\/wp-json\/wp\/v2\/posts\/541182","targetHints":{"allow":["GET"]}}],"collection":[{"href":"https:\/\/www.europesays.com\/fr\/wp-json\/wp\/v2\/posts"}],"about":[{"href":"https:\/\/www.europesays.com\/fr\/wp-json\/wp\/v2\/types\/post"}],"author":[{"embeddable":true,"href":"https:\/\/www.europesays.com\/fr\/wp-json\/wp\/v2\/users\/2"}],"replies":[{"embeddable":true,"href":"https:\/\/www.europesays.com\/fr\/wp-json\/wp\/v2\/comments?post=541182"}],"version-history":[{"count":0,"href":"https:\/\/www.europesays.com\/fr\/wp-json\/wp\/v2\/posts\/541182\/revisions"}],"wp:featuredmedia":[{"embeddable":true,"href":"https:\/\/www.europesays.com\/fr\/wp-json\/wp\/v2\/media\/541183"}],"wp:attachment":[{"href":"https:\/\/www.europesays.com\/fr\/wp-json\/wp\/v2\/media?parent=541182"}],"wp:term":[{"taxonomy":"category","embeddable":true,"href":"https:\/\/www.europesays.com\/fr\/wp-json\/wp\/v2\/categories?post=541182"},{"taxonomy":"post_tag","embeddable":true,"href":"https:\/\/www.europesays.com\/fr\/wp-json\/wp\/v2\/tags?post=541182"}],"curies":[{"name":"wp","href":"https:\/\/api.w.org\/{rel}","templated":true}]}}