{"id":541184,"date":"2025-11-17T22:27:12","date_gmt":"2025-11-17T22:27:12","guid":{"rendered":"https:\/\/www.europesays.com\/fr\/541184\/"},"modified":"2025-11-17T22:27:12","modified_gmt":"2025-11-17T22:27:12","slug":"comment-la-belgique-sest-retrouvee-a-un-tout-petit-match-dune-premiere-qualification-a-la-coupe-du-monde-de-rugby","status":"publish","type":"post","link":"https:\/\/www.europesays.com\/fr\/541184\/","title":{"rendered":"Comment la Belgique s&rsquo;est retrouv\u00e9e \u00e0 un tout petit match d&rsquo;une premi\u00e8re qualification \u00e0 la Coupe du monde de rugby\u00a0?"},"content":{"rendered":"\n<p>Comment la Belgique s&rsquo;est retrouv\u00e9e \u00e0 un tout petit match d&rsquo;une premi\u00e8re qualification \u00e0 la Coupe du monde de rugby\u00a0?<\/p>\n<p>La s\u00e9lection de Belgique de rugby affronte les Samoa, ce mardi \u00e0 16\u00a0h\u00a030, dans une \u00ab\u00a0finale\u00a0\u00bb du tournoi qualificatif \u00e0 la Coupe du monde, \u00e0 Duba\u00ef. Les Diables Noirs, dont la plupart des joueurs \u00e9voluent entre la Pro D2 et la Nationale\u00a02, ne partent pas favoris, mais croient \u00e0 l&rsquo;exploit.<\/p>\n","protected":false},"excerpt":{"rendered":"Comment la Belgique s&rsquo;est retrouv\u00e9e \u00e0 un tout petit match d&rsquo;une premi\u00e8re qualification \u00e0 la Coupe du monde&hellip;\n","protected":false},"author":2,"featured_media":541185,"comment_status":"","ping_status":"","sticky":false,"template":"","format":"standard","meta":{"footnotes":""},"categories":[1416],"tags":[1011,27,479,1468,60],"class_list":{"0":"post-541184","1":"post","2":"type-post","3":"status-publish","4":"format-standard","5":"has-post-thumbnail","7":"category-rugby","8":"tag-fr","9":"tag-france","10":"tag-rugby","11":"tag-rugby-football","12":"tag-sports"},"share_on_mastodon":{"url":"https:\/\/pubeurope.com\/@fr\/115567397950596872","error":""},"_links":{"self":[{"href":"https:\/\/www.europesays.com\/fr\/wp-json\/wp\/v2\/posts\/541184","targetHints":{"allow":["GET"]}}],"collection":[{"href":"https:\/\/www.europesays.com\/fr\/wp-json\/wp\/v2\/posts"}],"about":[{"href":"https:\/\/www.europesays.com\/fr\/wp-json\/wp\/v2\/types\/post"}],"author":[{"embeddable":true,"href":"https:\/\/www.europesays.com\/fr\/wp-json\/wp\/v2\/users\/2"}],"replies":[{"embeddable":true,"href":"https:\/\/www.europesays.com\/fr\/wp-json\/wp\/v2\/comments?post=541184"}],"version-history":[{"count":0,"href":"https:\/\/www.europesays.com\/fr\/wp-json\/wp\/v2\/posts\/541184\/revisions"}],"wp:featuredmedia":[{"embeddable":true,"href":"https:\/\/www.europesays.com\/fr\/wp-json\/wp\/v2\/media\/541185"}],"wp:attachment":[{"href":"https:\/\/www.europesays.com\/fr\/wp-json\/wp\/v2\/media?parent=541184"}],"wp:term":[{"taxonomy":"category","embeddable":true,"href":"https:\/\/www.europesays.com\/fr\/wp-json\/wp\/v2\/categories?post=541184"},{"taxonomy":"post_tag","embeddable":true,"href":"https:\/\/www.europesays.com\/fr\/wp-json\/wp\/v2\/tags?post=541184"}],"curies":[{"name":"wp","href":"https:\/\/api.w.org\/{rel}","templated":true}]}}