{"id":541186,"date":"2025-11-17T22:28:12","date_gmt":"2025-11-17T22:28:12","guid":{"rendered":"https:\/\/www.europesays.com\/fr\/541186\/"},"modified":"2025-11-17T22:28:12","modified_gmt":"2025-11-17T22:28:12","slug":"coupe-davis-les-bleus-veulent-le-saladier-sports","status":"publish","type":"post","link":"https:\/\/www.europesays.com\/fr\/541186\/","title":{"rendered":"Coupe Davis\u00a0: Les Bleus veulent le saladier : Sports"},"content":{"rendered":"<p class=\"date\">\n                                                            Cl\u00e9ment P\u00e9dron, Media365 : publi\u00e9 le lundi 17 novembre 2025 \u00e0 22h19\n                                                    <\/p>\n<p>L&rsquo;\u00e9quipe de France affronte ce mardi la Belgique en quarts de finale de la Coupe Davis. Malgr\u00e9 la difficult\u00e9 de ce duel et des \u00e9quipes qualifi\u00e9es \u00e0 ce stade de la comp\u00e9tition, Paul-Henri Mathieu, le s\u00e9lectionneur des Bleus, vise un sacre, huit ans apr\u00e8s le pr\u00e9c\u00e9dent.<\/p>\n<p>Le grand jour est presque arriv\u00e9. Ce mardi, l&rsquo;\u00e9quipe de France lance sa phase finale de la Coupe Davis par un rendez-vous \u00f4 combien important face \u00e0 la Belgique, en quarts de finale de la Coupe Davis. Pour rappel, ce match se dispute au meilleur des trois rencontres avec deux rencontres simples et un double. <a href=\"https:\/\/sports.orange.fr\/tennis\/article\/coupe-davis-rinderknech-motive-pour-mener-les-bleus-CNT000002lLfRA.html\" rel=\"nofollow noopener\" target=\"_blank\">Si les Bleus l&#8217;emportent<\/a>, l&rsquo;Italie ou l&rsquo;Autriche sera le prochain adversaire en demi-finales avant une potentielle finale contre l&rsquo;Espagne, la R\u00e9publique tch\u00e8que, l&rsquo;Argentine ou encore l&rsquo;Allemagne.<\/p>\n<p>Avant de voir aussi loin, il est \u00e9vident qu&rsquo;il faut d&rsquo;abord se focaliser sur le match face \u00e0 la Belgique. Et \u00e7a, Paul-Henri Mathieu l&rsquo;a bien compris. \u00ab\u00a0\u00c7a va \u00eatre une rencontre difficile pour les deux \u00e9quipes, avec des joueurs qui sont en confiance en cette fin de saison et qui ont \u00e9norm\u00e9ment progress\u00e9 cette ann\u00e9e, explique le s\u00e9lectionneur dans des propos repris par L&rsquo;\u00c9quipe. On est tous impatients. Avec ce format assez court, on sait qu&rsquo;il peut se passer beaucoup de choses, dans un sens comme dans l&rsquo;autre, donc on va devoir \u00eatre tr\u00e8s concentr\u00e9s d\u00e8s le d\u00e9but de la rencontre.\u00a0\u00bb<\/p>\n<p>Objectif victoire<\/p>\n<p>La derni\u00e8re opposition entre les deux nations remonte \u00e0 septembre 2022 et un succ\u00e8s fran\u00e7ais (2-1). \u00c9videmment, personne n&rsquo;a oubli\u00e9 non plus la finale de la <a href=\"https:\/\/sports.orange.fr\/tennis\/article\/bleus-herbert-retrouve-la-belgique-en-coupe-davis-huit-ans-apres-le-sacre-de-2017-exclu-CNT000002lKrOS.html\" rel=\"nofollow noopener\" target=\"_blank\">Coupe Davis 2017 o\u00f9 les Bleus s&rsquo;\u00e9taient impos\u00e9s (3-2)<\/a>. \u00ab\u00a0Ce serait une erreur de penser que c&rsquo;est une rencontre facile et je n&rsquo;aurais pas du tout la pr\u00e9tention de le dire, simplement parce que nos classements sont l\u00e9g\u00e8rement sup\u00e9rieurs, bien au contraire, a balay\u00e9 Paul-Henri Mathieu. Surtout sur des formats comme celui-ci, o\u00f9 on joue sur une journ\u00e9e, avec deux simples et un double. On conna\u00eet aussi le peu de diff\u00e9rence qu&rsquo;il peut y avoir entre des joueurs sur un jour J. J&rsquo;ai bien \u00e9videmment une grande confiance en mes joueurs.\u00a0\u00bb<\/p>\n<p>\u00c0 quelques heures de l&rsquo;\u00e9v\u00e8nement, les Tricolores sont donc pleinement focalis\u00e9s sur l&rsquo;objectif principal qui n&rsquo;est ni plus ni moins qu&rsquo;une victoire en finale. \u00ab\u00a0Je veux aller au bout de mes id\u00e9es. Bien \u00e9videmment, tout le monde a envie d&rsquo;aller chercher ce saladier. Aujourd&rsquo;hui, l&rsquo;objectif, il est clair, c&rsquo;est d&rsquo;aller au bout de cette comp\u00e9tition.\u00a0\u00bb<\/p>\n","protected":false},"excerpt":{"rendered":"Cl\u00e9ment P\u00e9dron, Media365 : publi\u00e9 le lundi 17 novembre 2025 \u00e0 22h19 L&rsquo;\u00e9quipe de France affronte ce mardi&hellip;\n","protected":false},"author":2,"featured_media":541187,"comment_status":"","ping_status":"","sticky":false,"template":"","format":"standard","meta":{"footnotes":""},"categories":[1415],"tags":[1011,27,60,1467],"class_list":{"0":"post-541186","1":"post","2":"type-post","3":"status-publish","4":"format-standard","5":"has-post-thumbnail","7":"category-tennis","8":"tag-fr","9":"tag-france","10":"tag-sports","11":"tag-tennis"},"share_on_mastodon":{"url":"https:\/\/pubeurope.com\/@fr\/115567401565792368","error":""},"_links":{"self":[{"href":"https:\/\/www.europesays.com\/fr\/wp-json\/wp\/v2\/posts\/541186","targetHints":{"allow":["GET"]}}],"collection":[{"href":"https:\/\/www.europesays.com\/fr\/wp-json\/wp\/v2\/posts"}],"about":[{"href":"https:\/\/www.europesays.com\/fr\/wp-json\/wp\/v2\/types\/post"}],"author":[{"embeddable":true,"href":"https:\/\/www.europesays.com\/fr\/wp-json\/wp\/v2\/users\/2"}],"replies":[{"embeddable":true,"href":"https:\/\/www.europesays.com\/fr\/wp-json\/wp\/v2\/comments?post=541186"}],"version-history":[{"count":0,"href":"https:\/\/www.europesays.com\/fr\/wp-json\/wp\/v2\/posts\/541186\/revisions"}],"wp:featuredmedia":[{"embeddable":true,"href":"https:\/\/www.europesays.com\/fr\/wp-json\/wp\/v2\/media\/541187"}],"wp:attachment":[{"href":"https:\/\/www.europesays.com\/fr\/wp-json\/wp\/v2\/media?parent=541186"}],"wp:term":[{"taxonomy":"category","embeddable":true,"href":"https:\/\/www.europesays.com\/fr\/wp-json\/wp\/v2\/categories?post=541186"},{"taxonomy":"post_tag","embeddable":true,"href":"https:\/\/www.europesays.com\/fr\/wp-json\/wp\/v2\/tags?post=541186"}],"curies":[{"name":"wp","href":"https:\/\/api.w.org\/{rel}","templated":true}]}}