{"id":541194,"date":"2025-11-17T22:35:15","date_gmt":"2025-11-17T22:35:15","guid":{"rendered":"https:\/\/www.europesays.com\/fr\/541194\/"},"modified":"2025-11-17T22:35:15","modified_gmt":"2025-11-17T22:35:15","slug":"un-tableau-prestigieux-va-etre-presente-au-musee-de-dieppe","status":"publish","type":"post","link":"https:\/\/www.europesays.com\/fr\/541194\/","title":{"rendered":"Un tableau prestigieux va \u00eatre pr\u00e9sent\u00e9 au mus\u00e9e de Dieppe"},"content":{"rendered":"<p>                    Par<br \/>\n        <strong><br \/>\n            <a href=\"https:\/\/actu.fr\/auteur\/veronique-weber\" title=\"Consulter tous les articles de Veronique Weber\" target=\"_blank\" rel=\"noopener\">Veronique Weber<\/a><br \/>\n                    <\/strong><\/p>\n<p>        Publi\u00e9 le<\/p>\n<p>            17 nov. 2025 \u00e0 17h15        <\/p>\n<p>Il est certain qu\u2019\u00e0 partir de ce vendredi 21 novembre 2025, il sera longuement scrut\u00e9, admir\u00e9, \u00e9tudier\u2026 En cette fin de semaine,<b> La Seine \u00e0 Bougival<\/b>, l\u2019\u0153uvre peinte par Alfred Sisley, va rejoindre les <b>collections impressionnistes<\/b> du <b>mus\u00e9e <\/b>de <a href=\"https:\/\/actu.fr\/normandie\/dieppe_76217\" target=\"_blank\" rel=\"noopener\">Dieppe (Seine-Maritime)<\/a>.<\/p>\n<p class=\" wall-content\">\u00ab\u2009La Ville et le mus\u00e9e de Dieppe poursuivent leur collaboration \u00e9troite avec le mus\u00e9e d\u2019Orsay et le minist\u00e8re de la Culture en accueillant le d\u00e9p\u00f4t d\u2019une toile d\u2019<b>Alfred Sisley<\/b> affect\u00e9e au mus\u00e9e d\u2019Orsay au mus\u00e9e de Dieppe. La Seine \u00e0 Bougival sera expos\u00e9e au public \u00e0 partir du 21 novembre\u2009\u00bb, soulignent Pierre Ickowicz, le conservateur du mus\u00e9e, et Pauline Le Jossic, la directrice ajointe.<\/p>\n<p>Une \u0153uvre spoli\u00e9e durant la Seconde Guerre mondiale<\/p>\n<p class=\" wall-content\">Le sujet de cette \u0153uvre est donc la Seine qui \u00ab\u2009incarne, \u00e0 elle seule, l\u2019itin\u00e9raire g\u00e9ographique et artistique qui relie l\u2019\u00cele-de-France \u00e0 la Normandie \u00e0 travers un courant pictural de renomm\u00e9e internationale\u2009: l\u2019impressionnisme\u2009\u00bb, expliquent-ils.<\/p>\n<p class=\" wall-content\">Mais le mus\u00e9e de Dieppe n\u2019accueille que de mani\u00e8re provisoire cette \u0153uvre. Car elle a \u00e9t\u00e9 <b>r\u00e9f\u00e9renc\u00e9e \u00ab\u2009Mus\u00e9es nationaux de r\u00e9cup\u00e9ration<\/b> au num\u00e9ro 208\u2009\u00bb.<\/p>\n<p>Vid\u00e9os : en ce moment sur Actu<\/p>\n<p class=\" wall-content\">C\u2019est-\u00e0-dire qu\u2019elle fait partie des \u0153uvres <b>spoli\u00e9es durant la Seconde Guerre mondiale<\/b> et qu\u2019elle est dans l\u2019attente de sa restitution \u00e0 ses l\u00e9gitimes propri\u00e9taires.<\/p>\n<p class=\" wall-content\">Elle a \u00e9t\u00e9 retrouv\u00e9e en Allemagne. Dans un premier temps, elle a \u00e9t\u00e9 attribu\u00e9e au Louvre, puis \u00e0 la Galerie du Jeu de Paume. Elle est conserv\u00e9e depuis 1986 au mus\u00e9e d\u2019Orsay.<\/p>\n<p>Votre r\u00e9gion, votre actu !<\/p>\n<p>Recevez chaque jour les infos qui comptent pour vous.<\/p>\n<p>\t<a href=\"https:\/\/actu.fr\/newsletter\" class=\"ac-btn ac-btn--corner ac-btn--medium ac-btn--blue800\" target=\"_blank\" rel=\"noopener\">S&rsquo;incrire<\/a><br \/>\nDans l\u2019attente de sa restitution \u00e0 ses propri\u00e9taires<\/p>\n<p class=\" wall-content\">L\u2019appellation\u2009\u00a0\u00bbMus\u00e9es nationaux r\u00e9cup\u00e9ration\u00a0\u00bb\u2009\u2013 MNR \u2013 est donn\u00e9e, dans les ann\u00e9es 1950, \u00e0 2\u2009200 \u0153uvres retrouv\u00e9es en Allemagne et renvoy\u00e9es en France.<\/p>\n<p class=\" wall-content\">Majoritairement issues de spoliations de familles juives, les \u0153uvres MNR sont confi\u00e9es \u00e0 la bonne garde des mus\u00e9es nationaux.<\/p>\n<p class=\" wall-content\">Ces derniers ont plac\u00e9 en d\u00e9p\u00f4t au sein de mus\u00e9es territoriaux une partie de ces \u0153uvres afin qu\u2019elles puissent \u00eatre pr\u00e9sent\u00e9es au public dans l\u2019attente de l\u2019identification de leurs l\u00e9gitimes propri\u00e9taires.<\/p>\n<p class=\" wall-content\">\u00ab\u00a0N\u2019appartenant pas aux collections nationales, les \u0153uvres MNR peuvent \u00eatre restitu\u00e9es aux ayants droit des personnes ayant \u00e9t\u00e9 spoli\u00e9es sans proc\u00e9dure l\u00e9gislative\u00a0\u00bb, explique le mus\u00e9e.<\/p>\n<p class=\" wall-content\">Ainsi, depuis 1950, ce sont 200 \u0153uvres qui ont \u00e9t\u00e9 restitu\u00e9es. On se souvient d\u2019ailleurs qu\u2019\u00e0 deux reprises, en 2022 et en 2024, le mus\u00e9e de Dieppe avait d\u00e9j\u00e0 pris part <b>aux restitutions de deux \u0153uvres spoli\u00e9es\u2009<\/b>: Temp\u00eate en mer, une toile hollandaise du 17e si\u00e8cle et Les P\u00e9niches, toile peinte \u00e9galement par Alfred Sisley en 1870.<\/p>\n<p class=\" wall-content\">\u00ab\u2009R\u00e9f\u00e9renc\u00e9es respectivement MNR 645 et MNR 206, la premi\u00e8re est encore en cours de restitution \u00e0 ses ayants droit. La Ville et le mus\u00e9e de Dieppe poursuivent leur collaboration \u00e9troite avec le mus\u00e9e d\u2019Orsay et le minist\u00e8re de la Culture dans le cadre de ce processus essentiel de r\u00e9paration de l\u2019Histoire\u2009\u00bb, conclut le mus\u00e9e.<\/p>\n<p class=\" wall-content\">Personnalisez votre actualit\u00e9 en ajoutant vos villes et m\u00e9dias en favori avec <a href=\"https:\/\/moncompte.actu.fr\" title=\"D\u00e9couvez Mon Actu\" rel=\"nofollow noopener\" data-trk=\"{&quot;cta&quot;:{&quot;action&quot;:&quot;https:\\\/\\\/moncompte.actu.fr&quot;,&quot;category&quot;:&quot;mon compte&quot;,&quot;from&quot;:&quot;article footer&quot;,&quot;name&quot;:&quot;Mon actu&quot;,&quot;type&quot;:&quot;cta&quot;}}\" target=\"_blank\">Mon Actu<\/a>.<\/p>\n","protected":false},"excerpt":{"rendered":"Par Veronique Weber Publi\u00e9 le 17 nov. 2025 \u00e0 17h15 Il est certain qu\u2019\u00e0 partir de ce vendredi&hellip;\n","protected":false},"author":2,"featured_media":541195,"comment_status":"","ping_status":"","sticky":false,"template":"","format":"standard","meta":{"footnotes":""},"categories":[1358],"tags":[1348,1384,1385,1386,58,59,1011,27,11949,41636,104],"class_list":{"0":"post-541194","1":"post","2":"type-post","3":"status-publish","4":"format-standard","5":"has-post-thumbnail","7":"category-arts-et-design","8":"tag-arts","9":"tag-arts-and-design","10":"tag-arts-et-design","11":"tag-design","12":"tag-divertissement","13":"tag-entertainment","14":"tag-fr","15":"tag-france","16":"tag-impressionnisme","17":"tag-musee-de-dieppe","18":"tag-societe"},"share_on_mastodon":{"url":"https:\/\/pubeurope.com\/@fr\/115567429130180631","error":""},"_links":{"self":[{"href":"https:\/\/www.europesays.com\/fr\/wp-json\/wp\/v2\/posts\/541194","targetHints":{"allow":["GET"]}}],"collection":[{"href":"https:\/\/www.europesays.com\/fr\/wp-json\/wp\/v2\/posts"}],"about":[{"href":"https:\/\/www.europesays.com\/fr\/wp-json\/wp\/v2\/types\/post"}],"author":[{"embeddable":true,"href":"https:\/\/www.europesays.com\/fr\/wp-json\/wp\/v2\/users\/2"}],"replies":[{"embeddable":true,"href":"https:\/\/www.europesays.com\/fr\/wp-json\/wp\/v2\/comments?post=541194"}],"version-history":[{"count":0,"href":"https:\/\/www.europesays.com\/fr\/wp-json\/wp\/v2\/posts\/541194\/revisions"}],"wp:featuredmedia":[{"embeddable":true,"href":"https:\/\/www.europesays.com\/fr\/wp-json\/wp\/v2\/media\/541195"}],"wp:attachment":[{"href":"https:\/\/www.europesays.com\/fr\/wp-json\/wp\/v2\/media?parent=541194"}],"wp:term":[{"taxonomy":"category","embeddable":true,"href":"https:\/\/www.europesays.com\/fr\/wp-json\/wp\/v2\/categories?post=541194"},{"taxonomy":"post_tag","embeddable":true,"href":"https:\/\/www.europesays.com\/fr\/wp-json\/wp\/v2\/tags?post=541194"}],"curies":[{"name":"wp","href":"https:\/\/api.w.org\/{rel}","templated":true}]}}