{"id":541200,"date":"2025-11-17T22:39:25","date_gmt":"2025-11-17T22:39:25","guid":{"rendered":"https:\/\/www.europesays.com\/fr\/541200\/"},"modified":"2025-11-17T22:39:25","modified_gmt":"2025-11-17T22:39:25","slug":"le-nouveau-film-dalan-ritchson-reacher-cartonne-et-simpose-au-sommet-du-top-dans-plus-de-41-pays","status":"publish","type":"post","link":"https:\/\/www.europesays.com\/fr\/541200\/","title":{"rendered":"Le nouveau film d&rsquo;Alan Ritchson (\u00ab\u00a0Reacher\u00a0\u00bb) cartonne et s&rsquo;impose au sommet du top dans plus de 41 pays"},"content":{"rendered":"<p>                <img loading=\"lazy\" decoding=\"async\" src=\"https:\/\/www.europesays.com\/fr\/wp-content\/uploads\/2025\/04\/82-65703a09b7c5d-35x35-1.jpg\" class=\"author-article-picture\" width=\"35\" height=\"35\"\/><\/p>\n<p>                    Par<\/p>\n<p>                                            <a class=\"author-article-bio-link\" href=\"https:\/\/www.ozap.com\/auteur\/bruna-fernandez_a82\" rel=\"nofollow noopener\" target=\"_blank\">Bruna Fernandez<\/a><\/p>\n<p>                    |<\/p>\n<p>                                            Journaliste<\/p>\n<p>\n                    N\u00e9e \u00e0 l\u2019\u00e9poque des \u201cInconnus\u201d, Bruna grandit entre le Br\u00e9sil et la France. Enfant, elle enrichit son imaginaire devant le grand et le petit \u00e9cran. Devenue journaliste, elle passe derri\u00e8re la cam\u00e9ra et travaille pour plusieurs \u00e9missions. Un petit monde qu\u2019elle se pla\u00eet \u00e0 d\u00e9cortiquer pour puremedias.\n                <\/p>\n<p>\n    Cette com\u00e9die d&rsquo;action loufoque s&rsquo;est hiss\u00e9e directement \u00e0 la premi\u00e8re place du classement mondial de Prime Video.\n<\/p>\n<p>                            <img loading=\"lazy\" decoding=\"async\" class=\"player-thumbnail\" src=\"https:\/\/www.europesays.com\/fr\/wp-content\/uploads\/2025\/11\/b4aa04711f62217f-580x326-1.png\" width=\"580\" height=\"326\"\/><\/p>\n<p>                    La bande annonce en VF de \u00ab\u00a0Une journ\u00e9e incontr\u00f4lable\u00a0\u00bb \u00a9 Prime Video<\/p>\n<p>La suite apr\u00e8s la publicit\u00e9<\/p>\n<p>La plateforme tient visiblement son carton du moment. Disponible depuis le 12 novembre sur Prime Video, \u00ab\u00a0Une journ\u00e9e incontr\u00f4lable\u00a0\u00bb r\u00e9alise un d\u00e9marrage spectaculaire. Selon les donn\u00e9es de FlixPatrol, la com\u00e9die d&rsquo;action men\u00e9e par Alan Ritchson et Kevin James s&rsquo;est hiss\u00e9e \u00e0 la premi\u00e8re place du top dans 41 pays, dont les \u00c9tats-Unis, le Royaume-Uni et la France.<\/p>\n<p>Une situation rocambolesque<\/p>\n<p>R\u00e9alis\u00e9 par Luke Greenfield (\u00ab\u00a0Let&rsquo;s Be Cops\u00a0\u00bb) et \u00e9crit par Neil Goldman (\u00ab\u00a0Community\u00a0\u00bb, \u00ab\u00a0Family Guy\u00a0\u00bb), le film m\u00eale humour et action dans un d\u00e9cor de banlieue am\u00e9ricaine en apparence tout ce qu&rsquo;il y a de plus anodin. Le film suit deux p\u00e8res que tout oppose : Brian (Kevin James), comptable fra\u00eechement licenci\u00e9, et Jeff (Alan Ritchson), p\u00e8re au foyer muscl\u00e9 et un rien fantasque. Ce qui devait \u00eatre un simple apr\u00e8s-midi au parc pour leurs fils se transforme en une cavale de survie quand un commando de mercenaires surgit sans pr\u00e9venir.<\/p>\n<p>L&rsquo;intrigue, volontairement rocambolesque, s&rsquo;appuie sur la dynamique entre les deux p\u00e8res, forc\u00e9s d&rsquo;improviser pour prot\u00e9ger leurs enfants. Kevin James incarne un antih\u00e9ros d\u00e9pass\u00e9, tandis qu&rsquo;Alan Ritchson apporte une \u00e9nergie physique et d\u00e9jant\u00e9e qui semble d\u00e9j\u00e0 marquer les spectateurs.<\/p>\n<p>Tourn\u00e9 courant 2024 aux \u00c9tats-Unis, le long-m\u00e9trage r\u00e9unit \u00e9galement Sarah Chalke (\u00ab\u00a0Scrubs\u00a0\u00bb), Alan Tudyk, Isla Fisher et Stephen Root. Entre courses-poursuites, maladresses h\u00e9ro\u00efques et situations absurdes, \u00ab\u00a0Une journ\u00e9e incontr\u00f4lable\u00a0\u00bb revendique pleinement son c\u00f4t\u00e9 buddy movie d\u00e9complex\u00e9. Et pour les fans de la s\u00e9rie \u00ab\u00a0Reacher\u00a0\u00bb, la pr\u00e9sence d&rsquo;Alan Ritchson dans un registre ouvertement comique constitue un argument de poids en attendant la saison 4 du show d&rsquo;Amazon.<\/p>\n<p>Netflix : 24 heures apr\u00e8s sa sortie, ce film de science-fiction tr\u00e8s attendu s\u2019impose en t\u00eate du classement dans 81 pays<\/p>\n<p>Car si la critique am\u00e9ricaine se montre extr\u00eamement s\u00e9v\u00e8re \u2013 certains m\u00e9dias parlant de \u00ab\u00a0chaos laid et b\u00eate\u00a0\u00bb ou de \u00ab\u00a0nanar agressivement pas dr\u00f4le\u00a0\u00bb \u2013, beaucoup reconnaissent tout de m\u00eame l&rsquo;impact d&rsquo;Alan Ritchson, d\u00e9crit comme \u00ab\u00a0inoubliable\u00a0\u00bb.En parall\u00e8le du succ\u00e8s de \u00ab\u00a0Une journ\u00e9e incontr\u00f4lable\u00a0\u00bb, l&rsquo;acteur s&rsquo;appr\u00eate \u00e0 retrouver son r\u00f4le f\u00e9tiche dans la saison 4 de <a href=\"https:\/\/www.ozap.com\/actu\/reacher-anggun-se-confie-sur-son-arrivee-dans-la-saison-4-de-la-serie-americaine-qui-cartonne-sur-la-plateforme-prime-video\/650386\" rel=\"nofollow noopener\" target=\"_blank\">\u00ab\u00a0Reacher\u00a0\u00bb, <\/a>actuellement en production.\u00a0<\/p>\n<p>Cette nouvelle salve d&rsquo;\u00e9pisodes accueillera Sydelle Noel (\u00ab\u00a0Glow\u00a0\u00bb), qui incarnera Tamara Green, inspectrice du NYPD et nouvelle partenaire \u2013 professionnelle et sentimentale \u2013 de Jack Reacher. Inspir\u00e9e du personnage de Theresa Lee dans le roman \u00ab\u00a0Elle savait\u00a0\u00bb de Lee Child, Green formera un duo \u00e0 haut risque avec le g\u00e9ant interpr\u00e9t\u00e9 par Alan Ritchson dans une enqu\u00eate men\u00e9e en plein c\u0153ur de New York.\u00a0<\/p>\n<p>Aucune date de sortie n&rsquo;a encore \u00e9t\u00e9 annonc\u00e9e, mais la s\u00e9rie devrait revenir d\u00e9but 2026, tandis qu&rsquo;un spin-off centr\u00e9 sur Frances Neagley, incarn\u00e9e par Maria Sten, est attendu entre fin 2025 et d\u00e9but 2026.<\/p>\n<p>        <img decoding=\"async\" class=\"thumb-img-100 thumb-img\" src=\"https:\/\/www.europesays.com\/fr\/wp-content\/uploads\/2025\/11\/89e886f2fb009a45-320x180-1.jpg\" alt=\"&quot;LOL : Qui rit sort !&quot; : Prime Video annonce la date de sortie de la &quot;version&quot; IRL avec Michou et Clara Luciani\" width=\"320\" height=\"180\" loading=\"lazy\" role=\"presentation\"\/><\/p>\n<p>                                            \u00ab\u00a0LOL : Qui rit sort !\u00a0\u00bb : Prime Video annonce la date de sortie de la \u00ab\u00a0version\u00a0\u00bb IRL avec Michou et Clara Luciani<\/p>\n<p>        <img decoding=\"async\" class=\"thumb-img-100 thumb-img\" src=\"https:\/\/www.europesays.com\/fr\/wp-content\/uploads\/2025\/11\/188d902693a8f405-320x180-1.png\" alt=\"Netflix : Cette sortie cor\u00e9enne sortie de nulle part cr\u00e9\u00e9 la surprise et s'impose au sommet du top en France et dans 25 autres pays\" width=\"320\" height=\"180\" loading=\"lazy\" role=\"presentation\"\/><\/p>\n<p>                                            Netflix : Cette sortie cor\u00e9enne sortie de nulle part cr\u00e9\u00e9 la surprise et s&rsquo;impose au sommet du top en France et dans 25 autres pays<\/p>\n<p>        <img decoding=\"async\" class=\"thumb-img-100 thumb-img\" src=\"https:\/\/www.europesays.com\/fr\/wp-content\/uploads\/2025\/11\/594c650c0abeacff-320x180-1.jpg\" alt=\"Box-office : J\u00e9r\u00f4me Commandeur r\u00e9ussit son retour au cin\u00e9ma, \u00e9chec confirm\u00e9 pour &quot;Kaamelott&quot; 2, flop pour le nouveau film de Virginie Efira\" width=\"320\" height=\"180\" loading=\"lazy\" role=\"presentation\"\/><\/p>\n<p>                                            Box-office : J\u00e9r\u00f4me Commandeur r\u00e9ussit son retour au cin\u00e9ma, \u00e9chec confirm\u00e9 pour \u00ab\u00a0Kaamelott\u00a0\u00bb 2, flop pour le nouveau film de Virginie Efira<\/p>\n","protected":false},"excerpt":{"rendered":"Par Bruna Fernandez | Journaliste N\u00e9e \u00e0 l\u2019\u00e9poque des \u201cInconnus\u201d, Bruna grandit entre le Br\u00e9sil et la France.&hellip;\n","protected":false},"author":2,"featured_media":541201,"comment_status":"","ping_status":"","sticky":false,"template":"","format":"standard","meta":{"footnotes":""},"categories":[1354],"tags":[58,59,1346,1011,27,1360],"class_list":{"0":"post-541200","1":"post","2":"type-post","3":"status-publish","4":"format-standard","5":"has-post-thumbnail","7":"category-films","8":"tag-divertissement","9":"tag-entertainment","10":"tag-films","11":"tag-fr","12":"tag-france","13":"tag-movies"},"share_on_mastodon":{"url":"https:\/\/pubeurope.com\/@fr\/115567446485900526","error":""},"_links":{"self":[{"href":"https:\/\/www.europesays.com\/fr\/wp-json\/wp\/v2\/posts\/541200","targetHints":{"allow":["GET"]}}],"collection":[{"href":"https:\/\/www.europesays.com\/fr\/wp-json\/wp\/v2\/posts"}],"about":[{"href":"https:\/\/www.europesays.com\/fr\/wp-json\/wp\/v2\/types\/post"}],"author":[{"embeddable":true,"href":"https:\/\/www.europesays.com\/fr\/wp-json\/wp\/v2\/users\/2"}],"replies":[{"embeddable":true,"href":"https:\/\/www.europesays.com\/fr\/wp-json\/wp\/v2\/comments?post=541200"}],"version-history":[{"count":0,"href":"https:\/\/www.europesays.com\/fr\/wp-json\/wp\/v2\/posts\/541200\/revisions"}],"wp:featuredmedia":[{"embeddable":true,"href":"https:\/\/www.europesays.com\/fr\/wp-json\/wp\/v2\/media\/541201"}],"wp:attachment":[{"href":"https:\/\/www.europesays.com\/fr\/wp-json\/wp\/v2\/media?parent=541200"}],"wp:term":[{"taxonomy":"category","embeddable":true,"href":"https:\/\/www.europesays.com\/fr\/wp-json\/wp\/v2\/categories?post=541200"},{"taxonomy":"post_tag","embeddable":true,"href":"https:\/\/www.europesays.com\/fr\/wp-json\/wp\/v2\/tags?post=541200"}],"curies":[{"name":"wp","href":"https:\/\/api.w.org\/{rel}","templated":true}]}}