{"id":541208,"date":"2025-11-17T22:43:21","date_gmt":"2025-11-17T22:43:21","guid":{"rendered":"https:\/\/www.europesays.com\/fr\/541208\/"},"modified":"2025-11-17T22:43:21","modified_gmt":"2025-11-17T22:43:21","slug":"le-pre-black-friday-fait-son-cinema-avec-850-e-sur-ce-tv-philips-oled-4k-ambilight-120-hz-frandroid","status":"publish","type":"post","link":"https:\/\/www.europesays.com\/fr\/541208\/","title":{"rendered":"Le pr\u00e9-Black Friday fait son cin\u00e9ma avec -850 \u20ac sur ce TV Philips OLED 4K Ambilight 120 Hz \u2014 Frandroid"},"content":{"rendered":"<p>Pour une exp\u00e9rience cin\u00e9ma digne de ce nom, cet \u00e9cran Philips OLED 4K 120 Hz Ambilight se retrouve \u00e0 1 147 euros au lieu de 1 999 euros.<\/p>\n<p><a href=\"https:\/\/images.frandroid.com\/wp-content\/uploads\/2025\/11\/philips-ambilight-65oled760-pre-black-friday-2025.jpg\" target=\"_blank\" class=\"article-content__figure\" rel=\"noopener\"><img fetchpriority=\"high\" decoding=\"async\" loading=\"eager\" width=\"1200\" height=\"675\" src=\"https:\/\/www.europesays.com\/fr\/wp-content\/uploads\/2025\/11\/philips-ambilight-65oled760-pre-black-friday-2025.jpg\" alt=\"\" class=\"wp-image-2871271 wp-image wp-image\"  \/><\/a><\/p>\n<p>Le Philips OLED760 a point\u00e9 le bout de son nez <a href=\"https:\/\/www.frandroid.com\/marques\/philips\/2485652_philips-devoile-sa-nouvelle-gamme-de-tv-oled-avec-les-series-oled950-oled910-oled810-et-oled760-pour-2025\" target=\"_blank\" rel=\"noreferrer noopener\">en d\u00e9but d\u2019ann\u00e9e<\/a>. Ce mod\u00e8le de 65 pouces en fait partie et il se d\u00e9cline aussi en 48, 55 et 77 pouces. Il s\u2019agit d\u2019un mod\u00e8le de milieu de gamme qui \u00e9tait sorti aux alentours de 2 000 euros et qui <a href=\"https:\/\/shop.frandroid.com\/b86sa3db\" target=\"_blank\" rel=\"noreferrer noopener affiliate nofollow\" data-gtm=\"{&quot;event&quot;:&quot;afficlic&quot;,&quot;nom_marchand&quot;:&quot;amazon_fr&quot;,&quot;nom_produit&quot;:&quot;inconnu&quot;,&quot;categorie_produit&quot;:&quot;inconnu&quot;,&quot;module_produit&quot;:&quot;editolink&quot;,&quot;position_marchand&quot;:0,&quot;texte&quot;:&quot;baisse-de-850-euros&quot;,&quot;offer_url&quot;:&quot;https:\/\/shop.frandroid.com\/b86sa3db&quot;,&quot;zone&quot;:&quot;contenu-page&quot;}\">baisse de 850 euros<\/a> pendant le <a href=\"https:\/\/www.frandroid.com\/bons-plans\/2864479_black-friday-2025-meilleures-offres-week-end-en-direct-amazon\" target=\"_blank\" rel=\"noreferrer noopener\">pr\u00e9-Black Friday<\/a>. En plus, vous profitez de la technologie exclusive Ambilight qui \u00e9claire le TV en fonction de l\u2019image affich\u00e9e \u00e0 l\u2019\u00e9cran.<\/p>\n<p>Les points forts du Philips 65OLED760<\/p>\n<ul class=\"wp-block-list\">\n<li>La technologie OLED soigne vraiment l\u2019image<\/li>\n<li>L\u2019Ambilight est un vrai plus pour l\u2019immersion<\/li>\n<li>Le processeur utilise l\u2019IA pour am\u00e9liorer l\u2019image<\/li>\n<\/ul>\n<p>Comme pr\u00e9cis\u00e9 plus haut, le Philips 65OLED760 est sorti en d\u00e9but d\u2019ann\u00e9e \u00e0 1 999 euros. Pendant les Soldes d\u2019\u00e9t\u00e9 il \u00e9tait \u00e0 1 599 euros et l\u00e0 pour le pr\u00e9-Black Friday, <a href=\"https:\/\/shop.frandroid.com\/b86sa3db\" target=\"_blank\" rel=\"noreferrer noopener affiliate nofollow\" data-gtm=\"{&quot;event&quot;:&quot;afficlic&quot;,&quot;nom_marchand&quot;:&quot;amazon_fr&quot;,&quot;nom_produit&quot;:&quot;inconnu&quot;,&quot;categorie_produit&quot;:&quot;inconnu&quot;,&quot;module_produit&quot;:&quot;editolink&quot;,&quot;position_marchand&quot;:0,&quot;texte&quot;:&quot;il-passe-a-1-149-euros&quot;,&quot;offer_url&quot;:&quot;https:\/\/shop.frandroid.com\/b86sa3db&quot;,&quot;zone&quot;:&quot;contenu-page&quot;}\">il passe \u00e0 1 147 euros<\/a>.<\/p>\n<p>                <img decoding=\"async\" width=\"1152\" height=\"470\" loading=\"lazy\" alt=\"Fond d\u2019e\u0301cran \u2013 C89K v3\" title=\"Fond d\u2019e\u0301cran \u2013 C89K v3\" class=\"is-radiusless placeholder-default wp-image\" src=\"https:\/\/www.europesays.com\/fr\/wp-content\/uploads\/2025\/11\/fond-decran-c89k-v3-3.jpg\" \/>            <\/p>\n<p>\n                    Le top du Mini LED \u00e0 moins de 1 000 euros                <\/p>\n<p class=\"has-text-weight-medium is-size-6 is-line-height-normal\">\n                    Not\u00e9 9\/10 par la r\u00e9daction de Frandroid, le t\u00e9l\u00e9viseur TCL C89K est \u00ab une valeur s\u00fbre pour qui cherche un t\u00e9l\u00e9viseur Mini LED polyvalent, performant et durable \u00bb. Pour le Black Friday, la version 65 pouces du C89K profite de 200 \u20ac de remise.                <\/p>\n<p>La technologie Ambilight, vecteur d\u2019immersion<\/p>\n<p>De face, le Philips Ambilight 65OLED760 est d\u00e9j\u00e0 impressionnant : une dalle OLED de 65 pouces avec un taux de rafra\u00eechissement \u00e0 120 Hz qui fait plaisir pour tous les divertissements. Il est donc tout aussi indiqu\u00e9 pour le gaming. Mais de dos, il est tout aussi int\u00e9ressant. Il est \u00e9quip\u00e9 de la technologie Ambilight qui \u00e9claire l\u2019arri\u00e8re, le mur, en fonction de vos envies.<\/p>\n<p>Son fonctionnement normal, c\u2019est de refl\u00e9ter les couleurs affich\u00e9es \u00e0 l\u2019\u00e9cran, pour donner une impression que l\u2019image d\u00e9borde de son cadre. Mais vous pouvez choisir des couleurs pr\u00e9cises ou juste mettre du blanc tamis\u00e9 pour renforcer les contrastes. C\u2019est une exclusivit\u00e9 Philips que vous retrouvez sur ce t\u00e9l\u00e9viseur.<\/p>\n<p>Un TV aux belles images pour le gaming<\/p>\n<p>On l\u2019a dit juste au-dessus, ce TV profite d\u2019une dalle OLED de qualit\u00e9 qui prend en charge les principaux formats HDR, \u00e0 savoir Dolby VIsion, HDR10+ Adaptive, HLG et HGiG. Les images sont color\u00e9es, fluides avec le rafra\u00eechissement \u00e0 120 Hz et les contrastes infinis. Sans oublier que le processeur P5 AI Perfect Picture Engine utilise l\u2019IA pour optimier les images en temps r\u00e9el et mettre \u00e0 niveau celles qui ne sont pas en 4K<\/p>\n<p>M\u00eame l\u2019audio est de qualit\u00e9 avec la compatibilit\u00e9 Dolby Atmos et DTS:X qui propose une vraie immersion sonore. M\u00eame si l\u2019utilisation d\u2019une barre de son est quand m\u00eame vivement recommand\u00e9e. Enfin, pour la connectique, vous avez quatre ports HDMI 2.1 compatibles 4K@120 Hz et de l\u2019USB pour lire vos fichiers personnels. Quant \u00e0 l\u2019OS, c\u2019est Titan, avec une interface fluide qui ne vaut pas Google OS, mais qui fait tr\u00e8s bien ce qu\u2019on lui demande.<\/p>\n<p>Si vous cherchez un bon t\u00e9l\u00e9viseur et que celui-ci ne vous convainc pas, notre guide d\u2019achat sur <a href=\"https:\/\/www.frandroid.com\/guide-dachat\/679063_quelles-sont-les-meilleures-tv-oled-en-2020-notre-selection\" target=\"_blank\" rel=\"noreferrer noopener\">les meilleurs TV du moment<\/a> est l\u00e0 pour vous donner des pistes.<\/p>\n<p>Pr\u00e9-Black Friday et Singles Day (11.11) : pour ne rien rater des offres<\/p>\n<p>Le v\u00e9ritable Black Friday ne commencera que le 28 novembre prochain, mais les e-commer\u00e7ants ont d\u00e9j\u00e0 partag\u00e9 des offres en avance lors d\u2019une sorte d\u2019avant-premi\u00e8re du vendredi noir. En ce moment, il y a m\u00eame le Singles Day, ou 11.11, pour faire encore plus de bonnes affaires. Une aubaine si vous voulez anticiper vos achats de fin d\u2019ann\u00e9e.<\/p>\n<p>Si vous n\u2019avez pas trouv\u00e9 votre bonheur dans les s\u00e9lections pr\u00e9c\u00e9demment cit\u00e9es, voici ce qu\u2019il vous reste \u00e0 faire : <\/p>\n<ul class=\"wp-block-list\">\n<li>Suivez notre compte X\u00a0<a href=\"https:\/\/twitter.com\/FrandroidPromos\" target=\"_blank\" rel=\"noreferrer noopener\">@FrandroidPromos<\/a> uniquement d\u00e9di\u00e9 aux bons plans (pensez \u00e0 activer la cloche pour recevoir les notifications en temps r\u00e9el)<\/li>\n<li><a href=\"https:\/\/whatsapp.com\/channel\/0029VabYxm5LI8YhSlD8xc05\" target=\"_blank\" rel=\"noreferrer noopener\">Rejoignez notre canal WhatsApp<\/a> pour recevoir une fois par jour un condens\u00e9 des meilleures offres<\/li>\n<li>T\u00e9l\u00e9chargez notre <a href=\"https:\/\/www.frandroid.com\/telecharger\/apps\/frandroid\" target=\"_blank\" rel=\"noreferrer noopener\">application Frandroid<\/a> (disponible sur iOS et Android) pour activer les notifications de la cat\u00e9gorie \u00ab Bons Plans \u00bb et ainsi recevoir en temps r\u00e9el les nouveaux articles li\u00e9s au Black Friday 2025 at au Singles Day (11.11)<\/li>\n<li>Abonnez-vous \u00e0 notre newsletter pour \u00eatre s\u00fbr de recevoir les offres en avant-premi\u00e8re (pas plus d\u2019un mail par jour, d\u00e9sinscription en 1 clic, aucune diffusion \u00e0 des tiers) :<\/li>\n<\/ul>\n<p class=\"newsletter-form__title is-size-6 is-size-7-mobile is-uppercase has-text-good-deals has-text-weight-semibold mb-4 px-5\">Frandroid Bons plans<\/p>\n<p class=\"has-text-centered-tablet newsletter-form__subtitle is-size-4 has-text-weight-bold has-text-primary column is-9-tablet is-10-mobile\">\n                C\u2019est enregistr\u00e9 ! Surveillez votre bo\u00eete aux lettres, vous allez entendre parler de nous\u00a0!\n            <\/p>\n<p class=\"newsletter-form__subtitle is-size-4 has-text-weight-bold has-text-gradient-pink\">Ne manquez aucun bon plan avec notre newsletter<\/p>\n<p class=\"is-size-7\">\n                Les donn\u00e9es transmises par le biais de ce formulaire sont destin\u00e9es \u00e0 Humanoid,<br \/>\n                soci\u00e9t\u00e9 \u00e9ditrice du site Frandroid en sa qualit\u00e9 de responsable de traitement.<br \/>\n                Elles ne seront en aucun cas c\u00e9d\u00e9es \u00e0 des tiers. Ces donn\u00e9es sont trait\u00e9es sous r\u00e9serve d\u2019obtention de<br \/>\n                votre consentement pour vous envoyer par e-mail des actualit\u00e9s et informations relatives aux contenus<br \/>\n                \u00e9ditoriaux publi\u00e9s sur Frandroid. Vous pouvez vous opposer \u00e0 tout moment \u00e0 ces e-mails<br \/>\n                en cliquant sur les liens de d\u00e9sinscriptions pr\u00e9sents dans chacun d\u2019eux. Pour plus d\u2019informations, vous<br \/>\n                pouvez consulter l\u2019int\u00e9gralit\u00e9 de notre <a href=\"https:\/\/www.frandroid.com\/politique-donnees-personnelles\" target=\"_blank\" rel=\"noopener\"><br \/>\n                politique de traitement de vos donn\u00e9es personnelles<\/a>.<br \/>\n                Vous disposez d\u2019un droit d\u2019acc\u00e8s, de rectification, d\u2019effacement, de limitation, de portabilit\u00e9 et<br \/>\n                d\u2019opposition pour motif l\u00e9gitime aux donn\u00e9es personnelles vous concernant. Pour exercer l\u2019un de ces droits,<br \/>\n                merci d\u2019effectuer votre demande via notre <a href=\"https:\/\/www.frandroid.com\/contact\/#RGPD\" target=\"_blank\" rel=\"noopener\">formulaire<br \/>\n                de demandes d\u2019exercices de droits d\u00e9di\u00e9<\/a>.\n            <\/p>\n<p>            <script async src=\"https:\/\/platform.twitter.com\/widgets.js\" charset=\"utf-8\"><\/script><\/p>\n","protected":false},"excerpt":{"rendered":"Pour une exp\u00e9rience cin\u00e9ma digne de ce nom, cet \u00e9cran Philips OLED 4K 120 Hz Ambilight se retrouve&hellip;\n","protected":false},"author":2,"featured_media":541209,"comment_status":"","ping_status":"","sticky":false,"template":"","format":"standard","meta":{"footnotes":""},"categories":[7],"tags":[13051,62374,201,1011,27,43,40,41,39,42,44],"class_list":{"0":"post-541208","1":"post","2":"type-post","3":"status-publish","4":"format-standard","5":"has-post-thumbnail","7":"category-sciences-et-technologies","8":"tag-ambilight","9":"tag-black-friday-2025","10":"tag-bons-plans-amazon","11":"tag-fr","12":"tag-france","13":"tag-science","14":"tag-science-and-technology","15":"tag-sciences","16":"tag-sciences-et-technologies","17":"tag-technologies","18":"tag-technology"},"share_on_mastodon":{"url":"https:\/\/pubeurope.com\/@fr\/115567461084188048","error":""},"_links":{"self":[{"href":"https:\/\/www.europesays.com\/fr\/wp-json\/wp\/v2\/posts\/541208","targetHints":{"allow":["GET"]}}],"collection":[{"href":"https:\/\/www.europesays.com\/fr\/wp-json\/wp\/v2\/posts"}],"about":[{"href":"https:\/\/www.europesays.com\/fr\/wp-json\/wp\/v2\/types\/post"}],"author":[{"embeddable":true,"href":"https:\/\/www.europesays.com\/fr\/wp-json\/wp\/v2\/users\/2"}],"replies":[{"embeddable":true,"href":"https:\/\/www.europesays.com\/fr\/wp-json\/wp\/v2\/comments?post=541208"}],"version-history":[{"count":0,"href":"https:\/\/www.europesays.com\/fr\/wp-json\/wp\/v2\/posts\/541208\/revisions"}],"wp:featuredmedia":[{"embeddable":true,"href":"https:\/\/www.europesays.com\/fr\/wp-json\/wp\/v2\/media\/541209"}],"wp:attachment":[{"href":"https:\/\/www.europesays.com\/fr\/wp-json\/wp\/v2\/media?parent=541208"}],"wp:term":[{"taxonomy":"category","embeddable":true,"href":"https:\/\/www.europesays.com\/fr\/wp-json\/wp\/v2\/categories?post=541208"},{"taxonomy":"post_tag","embeddable":true,"href":"https:\/\/www.europesays.com\/fr\/wp-json\/wp\/v2\/tags?post=541208"}],"curies":[{"name":"wp","href":"https:\/\/api.w.org\/{rel}","templated":true}]}}