{"id":541215,"date":"2025-11-17T22:47:10","date_gmt":"2025-11-17T22:47:10","guid":{"rendered":"https:\/\/www.europesays.com\/fr\/541215\/"},"modified":"2025-11-17T22:47:10","modified_gmt":"2025-11-17T22:47:10","slug":"le-conseil-de-securite-de-lonu-vote-pour-le-plan-de-trump-et-le-deploiement-dune-force-internationale","status":"publish","type":"post","link":"https:\/\/www.europesays.com\/fr\/541215\/","title":{"rendered":"le Conseil de s\u00e9curit\u00e9 de l&rsquo;ONU vote pour le plan de Trump et le d\u00e9ploiement d\u2019une force internationale"},"content":{"rendered":"<p>\n    Treize membres du Conseil se sont prononc\u00e9s en faveur du texte. La Russie et la Chine se sont abstenues.<\/p>\n<p class=\"fig-paragraph\">Le Conseil de s\u00e9curit\u00e9 de l&rsquo;ONU a vot\u00e9 lundi pour le\u00a0<a href=\"http:\/\/www.lefigaro.fr\/international\/plan-de-paix-a-gaza-moscou-soumet-a-l-onu-un-projet-de-resolution-concurrent-du-texte-americain-20251114\" target=\"_blank\" data-fig-type=\"NewsFlash\" rel=\"noopener\" data-gtm-custom-categorie=\"navigation\" data-gtm-custom-action=\"crossclick\" data-gtm-custom-label=\"Contextuel\" data-gtm-event=\"customEventSPE\" data-fig-domain=\"LEFIGARO\">plan de paix<\/a>\u00a0de\u00a0<a href=\"https:\/\/www.lefigaro.fr\/tag\/donald-trump\" target=\"_blank\" rel=\"sponsored noopener\" data-gtm-custom-categorie=\"navigation\" data-gtm-custom-action=\"crossclick\" data-gtm-custom-label=\"Contextuel\" data-gtm-event=\"customEventSPE\">Donald Trump<\/a>\u00a0\u00e0 Gaza, pr\u00e9voyant en particulier le d\u00e9ploiement d&rsquo;une force internationale, sous la pression des \u00c9tats-Unis qui mettaient en garde contre le risque d&rsquo;une reprise de la guerre.<\/p>\n<p class=\"fig-paragraph\">Treize membres du Conseil se sont prononc\u00e9s en faveur du texte, que l&rsquo;ambassadeur am\u00e9ricain aux Nations unies Mike Waltz a qualifi\u00e9 d&rsquo;\u00abhistorique et constructif\u00bb. La Russie et la Chine se sont abstenues.<\/p>\n<p>                                    <a class=\"fig-a11y-skip a11y-hidden\" href=\"#fig-a11y-skip-main-inarticle\"><br \/>\n        Passer la publicit\u00e9<br \/>\n    <\/a><\/p>\n<p class=\"fig-paragraph\">La r\u00e9solution am\u00e9ricaine, plusieurs fois modifi\u00e9e lors de n\u00e9gociations sensibles, \u00abendosse\u00bb le plan du pr\u00e9sident am\u00e9ricain ayant permis la mise en place, le 10 octobre, d&rsquo;un cessez-le-feu fragile entre Isra\u00ebl et le Hamas dans le territoire palestinien ravag\u00e9 par deux ann\u00e9es de guerre provoqu\u00e9e par l&rsquo;attaque sanglante du mouvement islamiste palestinien du 7 octobre 2023.<\/p>\n","protected":false},"excerpt":{"rendered":"Treize membres du Conseil se sont prononc\u00e9s en faveur du texte. La Russie et la Chine se sont&hellip;\n","protected":false},"author":2,"featured_media":541216,"comment_status":"","ping_status":"","sticky":false,"template":"","format":"standard","meta":{"footnotes":""},"categories":[2],"tags":[1111,47,11,1109,1112,118,1108,107,1106,1107,1011,27,1110,1114,14,12,1113,316],"class_list":{"0":"post-541215","1":"post","2":"type-post","3":"status-publish","4":"format-standard","5":"has-post-thumbnail","7":"category-actualites","8":"tag-actu","9":"tag-actualite","10":"tag-actualites","11":"tag-breves","12":"tag-depeches","13":"tag-faits-divers","14":"tag-fil","15":"tag-fil-info","16":"tag-flash","17":"tag-flash-actu","18":"tag-fr","19":"tag-france","20":"tag-informations","21":"tag-infos","22":"tag-international","23":"tag-news","24":"tag-nouvelles","25":"tag-politique"},"share_on_mastodon":{"url":"https:\/\/pubeurope.com\/@fr\/115567476330685425","error":""},"_links":{"self":[{"href":"https:\/\/www.europesays.com\/fr\/wp-json\/wp\/v2\/posts\/541215","targetHints":{"allow":["GET"]}}],"collection":[{"href":"https:\/\/www.europesays.com\/fr\/wp-json\/wp\/v2\/posts"}],"about":[{"href":"https:\/\/www.europesays.com\/fr\/wp-json\/wp\/v2\/types\/post"}],"author":[{"embeddable":true,"href":"https:\/\/www.europesays.com\/fr\/wp-json\/wp\/v2\/users\/2"}],"replies":[{"embeddable":true,"href":"https:\/\/www.europesays.com\/fr\/wp-json\/wp\/v2\/comments?post=541215"}],"version-history":[{"count":0,"href":"https:\/\/www.europesays.com\/fr\/wp-json\/wp\/v2\/posts\/541215\/revisions"}],"wp:featuredmedia":[{"embeddable":true,"href":"https:\/\/www.europesays.com\/fr\/wp-json\/wp\/v2\/media\/541216"}],"wp:attachment":[{"href":"https:\/\/www.europesays.com\/fr\/wp-json\/wp\/v2\/media?parent=541215"}],"wp:term":[{"taxonomy":"category","embeddable":true,"href":"https:\/\/www.europesays.com\/fr\/wp-json\/wp\/v2\/categories?post=541215"},{"taxonomy":"post_tag","embeddable":true,"href":"https:\/\/www.europesays.com\/fr\/wp-json\/wp\/v2\/tags?post=541215"}],"curies":[{"name":"wp","href":"https:\/\/api.w.org\/{rel}","templated":true}]}}