{"id":541217,"date":"2025-11-17T22:48:22","date_gmt":"2025-11-17T22:48:22","guid":{"rendered":"https:\/\/www.europesays.com\/fr\/541217\/"},"modified":"2025-11-17T22:48:22","modified_gmt":"2025-11-17T22:48:22","slug":"firminy-relais-ondaine-face-a-une-baisse-dactivite-inedite-en-2024","status":"publish","type":"post","link":"https:\/\/www.europesays.com\/fr\/541217\/","title":{"rendered":"Firminy. Relais Ondaine face \u00e0 une baisse d\u2019activit\u00e9 in\u00e9dite en 2024"},"content":{"rendered":"<p>Relais Ondaine est form\u00e9e de deux structures, une association interm\u00e9diaire pour l\u2019emploi (AIE) et Relais Ondaine int\u00e9rim, une entreprise de travail temporaire d\u2019insertion (ETTI). La premi\u00e8re met \u00e0 disposition, essentiellement dans la vall\u00e9e de l\u2019Ondaine, du personnel aupr\u00e8s de clients qui, s\u2019ils sont essentiellement des particuliers, peuvent \u00e9galement \u00eatre des associations, des collectivit\u00e9s ou m\u00eame des professions lib\u00e9rales. Les missions propos\u00e9es vont du m\u00e9nage au jardinage en passant par le petit bricolage ou encore la petite manutention.<\/p>\n<p>En ce qui&#8230;<\/p>\n","protected":false},"excerpt":{"rendered":"Relais Ondaine est form\u00e9e de deux structures, une association interm\u00e9diaire pour l\u2019emploi (AIE) et Relais Ondaine int\u00e9rim, une&hellip;\n","protected":false},"author":2,"featured_media":541218,"comment_status":"","ping_status":"","sticky":false,"template":"","format":"standard","meta":{"footnotes":""},"categories":[9653],"tags":[1111,11,2430,7539,341,1777,674,10282,10283,1011,27,12,25,4001,801],"class_list":{"0":"post-541217","1":"post","2":"type-post","3":"status-publish","4":"format-standard","5":"has-post-thumbnail","7":"category-saint-etienne","8":"tag-actu","9":"tag-actualites","10":"tag-auvergne-rhone-alpes","11":"tag-edition-loire-sud","12":"tag-emploi","13":"tag-eu","14":"tag-europe","15":"tag-firminy","16":"tag-firminy-ville","17":"tag-fr","18":"tag-france","19":"tag-news","20":"tag-republique-francaise","21":"tag-saint-etienne","22":"tag-social"},"share_on_mastodon":{"url":"https:\/\/pubeurope.com\/@fr\/115567480161427556","error":""},"_links":{"self":[{"href":"https:\/\/www.europesays.com\/fr\/wp-json\/wp\/v2\/posts\/541217","targetHints":{"allow":["GET"]}}],"collection":[{"href":"https:\/\/www.europesays.com\/fr\/wp-json\/wp\/v2\/posts"}],"about":[{"href":"https:\/\/www.europesays.com\/fr\/wp-json\/wp\/v2\/types\/post"}],"author":[{"embeddable":true,"href":"https:\/\/www.europesays.com\/fr\/wp-json\/wp\/v2\/users\/2"}],"replies":[{"embeddable":true,"href":"https:\/\/www.europesays.com\/fr\/wp-json\/wp\/v2\/comments?post=541217"}],"version-history":[{"count":0,"href":"https:\/\/www.europesays.com\/fr\/wp-json\/wp\/v2\/posts\/541217\/revisions"}],"wp:featuredmedia":[{"embeddable":true,"href":"https:\/\/www.europesays.com\/fr\/wp-json\/wp\/v2\/media\/541218"}],"wp:attachment":[{"href":"https:\/\/www.europesays.com\/fr\/wp-json\/wp\/v2\/media?parent=541217"}],"wp:term":[{"taxonomy":"category","embeddable":true,"href":"https:\/\/www.europesays.com\/fr\/wp-json\/wp\/v2\/categories?post=541217"},{"taxonomy":"post_tag","embeddable":true,"href":"https:\/\/www.europesays.com\/fr\/wp-json\/wp\/v2\/tags?post=541217"}],"curies":[{"name":"wp","href":"https:\/\/api.w.org\/{rel}","templated":true}]}}