{"id":541222,"date":"2025-11-17T22:51:14","date_gmt":"2025-11-17T22:51:14","guid":{"rendered":"https:\/\/www.europesays.com\/fr\/541222\/"},"modified":"2025-11-17T22:51:14","modified_gmt":"2025-11-17T22:51:14","slug":"circulation-perturbee-en-raison-de-travaux","status":"publish","type":"post","link":"https:\/\/www.europesays.com\/fr\/541222\/","title":{"rendered":"circulation perturb\u00e9e en raison de travaux"},"content":{"rendered":"<p>Des travaux de r\u00e9fection de chauss\u00e9e sont actuellement en cours, avenue Charles-de-Gaulle, face \u00e0 l\u2019hypermarch\u00e9 Carrefour. Dans le sens Carrefour &#8211; Pulnoy, la voie de droite est totalement ferm\u00e9e \u00e0 la circulation en raison de la pose d\u2019un nouvel enrob\u00e9. Le passage des v\u00e9hicules est, pour l\u2019heure, impossible sur cette portion. Une circulation altern\u00e9e pourrait \u00eatre mise en place en fonction de l\u2019avanc\u00e9e du s\u00e9chage de l\u2019enrob\u00e9. Le retour \u00e0 la normale est pr\u00e9vu mardi en fin de journ\u00e9e, sauf al\u00e9as techniques ou m\u00e9t\u00e9orologiques. Les usagers sont invit\u00e9s \u00e0 anticiper les ralentissements.<\/p>\n","protected":false},"excerpt":{"rendered":"Des travaux de r\u00e9fection de chauss\u00e9e sont actuellement en cours, avenue Charles-de-Gaulle, face \u00e0 l\u2019hypermarch\u00e9 Carrefour. Dans le&hellip;\n","protected":false},"author":2,"featured_media":541223,"comment_status":"","ping_status":"","sticky":false,"template":"","format":"standard","meta":{"footnotes":""},"categories":[9635],"tags":[1111,11,3542,1704,11361,1777,674,1011,27,775,11362,1702,12,25,2803],"class_list":{"0":"post-541222","1":"post","2":"type-post","3":"status-publish","4":"format-standard","5":"has-post-thumbnail","7":"category-nancy","8":"tag-actu","9":"tag-actualites","10":"tag-circulation","11":"tag-edition-nancy-et-agglomeration","12":"tag-essey-les-nancy","13":"tag-eu","14":"tag-europe","15":"tag-fr","16":"tag-france","17":"tag-grand-est","18":"tag-metropole-du-grand-nancy-54b3","19":"tag-nancy","20":"tag-news","21":"tag-republique-francaise","22":"tag-transport"},"share_on_mastodon":{"url":"https:\/\/pubeurope.com\/@fr\/115567492108447841","error":""},"_links":{"self":[{"href":"https:\/\/www.europesays.com\/fr\/wp-json\/wp\/v2\/posts\/541222","targetHints":{"allow":["GET"]}}],"collection":[{"href":"https:\/\/www.europesays.com\/fr\/wp-json\/wp\/v2\/posts"}],"about":[{"href":"https:\/\/www.europesays.com\/fr\/wp-json\/wp\/v2\/types\/post"}],"author":[{"embeddable":true,"href":"https:\/\/www.europesays.com\/fr\/wp-json\/wp\/v2\/users\/2"}],"replies":[{"embeddable":true,"href":"https:\/\/www.europesays.com\/fr\/wp-json\/wp\/v2\/comments?post=541222"}],"version-history":[{"count":0,"href":"https:\/\/www.europesays.com\/fr\/wp-json\/wp\/v2\/posts\/541222\/revisions"}],"wp:featuredmedia":[{"embeddable":true,"href":"https:\/\/www.europesays.com\/fr\/wp-json\/wp\/v2\/media\/541223"}],"wp:attachment":[{"href":"https:\/\/www.europesays.com\/fr\/wp-json\/wp\/v2\/media?parent=541222"}],"wp:term":[{"taxonomy":"category","embeddable":true,"href":"https:\/\/www.europesays.com\/fr\/wp-json\/wp\/v2\/categories?post=541222"},{"taxonomy":"post_tag","embeddable":true,"href":"https:\/\/www.europesays.com\/fr\/wp-json\/wp\/v2\/tags?post=541222"}],"curies":[{"name":"wp","href":"https:\/\/api.w.org\/{rel}","templated":true}]}}