{"id":541227,"date":"2025-11-17T22:54:09","date_gmt":"2025-11-17T22:54:09","guid":{"rendered":"https:\/\/www.europesays.com\/fr\/541227\/"},"modified":"2025-11-17T22:54:09","modified_gmt":"2025-11-17T22:54:09","slug":"plusieurs-coups-de-feu-tires-sur-une-avenue-a-la-mosson-aucun-blesse","status":"publish","type":"post","link":"https:\/\/www.europesays.com\/fr\/541227\/","title":{"rendered":"plusieurs coups de feu tir\u00e9s sur une avenue \u00e0 la Mosson, aucun bless\u00e9"},"content":{"rendered":"<p>                    Par<br \/>\n        <strong><br \/>\n            <a href=\"https:\/\/actu.fr\/auteur\/jm-aubert\" title=\"Consulter tous les articles de Jean-Marc Aubert\" rel=\"nofollow noopener\" target=\"_blank\">Jean-Marc Aubert<\/a><br \/>\n                    <\/strong><\/p>\n<p>        Publi\u00e9 le<\/p>\n<p>            17 nov. 2025 \u00e0 22h41<br \/>\n        ; mis \u00e0 jour le 17 nov. 2025 \u00e0 22h45    <\/p>\n<p>Que s\u2019est-il pass\u00e9, ce lundi 17 novembre 2025 dans le quartier de la Mosson, \u00e0 <strong>Montpellier<\/strong> ? Vers 20h15, <strong>plusieurs coups de feu<\/strong> ont claqu\u00e9 sur l\u2019avenue de Barcelone. Il n\u2019y aurait aucun bless\u00e9.<\/p>\n<p class=\" wall-content\">Les tirs ont eu lieu au niveau de plusieurs commerces, dont une \u00e9picerie de nuit, tr\u00e8s fr\u00e9quent\u00e9s 24h sur 24. Les <strong>policiers nationaux<\/strong> rapidement sur zone ont s\u00e9curis\u00e9 les lieux et, selon un t\u00e9moin, ont fait \u00e9vacu\u00e9 les g\u00e9rants et les clients de ces commerces.<\/p>\n<p>    <a href=\"https:\/\/www.google.com\/maps\/embed?pb=!1m18!1m12!1m3!1d2576.0494014895735!2d3.8148815260451445!3d43.623641736414235!2m3!1f0!2f0!3f0!3m2!1i1024!2i768!4f13.1!3m3!1m2!1s0x12b6ac25a5d999b3%3A0x20cd269de1509074!2sAv.%20de%20Barcelone%2C%2034080%20Montpellier!5e0!3m2!1sfr!2sfr!4v1763415628102!5m2!1sfr!2sfr\" title=\"Ouvrie le lien\" rel=\"nofollow noopener\" target=\"_blank\">Cliquez ici pour visualiser le contenu<\/a><\/p>\n<p class=\" wall-content\">Au moins quatre d\u00e9tonations ont \u00e9t\u00e9 entendues. Le ou les tireurs ont rapidement pris la fuite. Il n\u2019y a aucun bless\u00e9. Quel est le but de cette action ? Une ou des personnes \u00e9taient-elles vis\u00e9es et les auteurs ont rat\u00e9 leurs cibles ? S\u2019agit-il d\u2019un avertissement ?\u00a0<\/p>\n<p class=\" wall-content\">Les coups de feu ont \u00e9t\u00e9 tir\u00e9s \u00e0 proximit\u00e9 d\u2019un point de deal, selon nos informations. Une enqu\u00eate va \u00eatre ouverte au commissariat central : les policiers devraient saisir les bandes des cam\u00e9ras de vid\u00e9o-protection de la Ville de Montpellier et les exploiter en qu\u00eate d\u2019un indice. Pour l\u2019heure, le myst\u00e8re reste entier.<\/p>\n<p class=\" wall-content\">Personnalisez votre actualit\u00e9 en ajoutant vos villes et m\u00e9dias en favori avec <a href=\"https:\/\/moncompte.actu.fr\" title=\"D\u00e9couvez Mon Actu\" rel=\"nofollow noopener\" data-trk=\"{&quot;cta&quot;:{&quot;action&quot;:&quot;https:\\\/\\\/moncompte.actu.fr&quot;,&quot;category&quot;:&quot;mon compte&quot;,&quot;from&quot;:&quot;article footer&quot;,&quot;name&quot;:&quot;Mon actu&quot;,&quot;type&quot;:&quot;cta&quot;}}\" target=\"_blank\">Mon Actu<\/a>.<\/p>\n","protected":false},"excerpt":{"rendered":"Par Jean-Marc Aubert Publi\u00e9 le 17 nov. 2025 \u00e0 22h41 ; mis \u00e0 jour le 17 nov. 2025&hellip;\n","protected":false},"author":2,"featured_media":541228,"comment_status":"","ping_status":"","sticky":false,"template":"","format":"standard","meta":{"footnotes":""},"categories":[9599],"tags":[1111,11,1052,1777,674,118,1011,27,303,2208,12,2680,1072,25],"class_list":{"0":"post-541227","1":"post","2":"type-post","3":"status-publish","4":"format-standard","5":"has-post-thumbnail","7":"category-montpellier","8":"tag-actu","9":"tag-actualites","10":"tag-drogue","11":"tag-eu","12":"tag-europe","13":"tag-faits-divers","14":"tag-fr","15":"tag-france","16":"tag-justice","17":"tag-montpellier","18":"tag-news","19":"tag-occitanie","20":"tag-police","21":"tag-republique-francaise"},"share_on_mastodon":{"url":"https:\/\/pubeurope.com\/@fr\/115567503943064751","error":""},"_links":{"self":[{"href":"https:\/\/www.europesays.com\/fr\/wp-json\/wp\/v2\/posts\/541227","targetHints":{"allow":["GET"]}}],"collection":[{"href":"https:\/\/www.europesays.com\/fr\/wp-json\/wp\/v2\/posts"}],"about":[{"href":"https:\/\/www.europesays.com\/fr\/wp-json\/wp\/v2\/types\/post"}],"author":[{"embeddable":true,"href":"https:\/\/www.europesays.com\/fr\/wp-json\/wp\/v2\/users\/2"}],"replies":[{"embeddable":true,"href":"https:\/\/www.europesays.com\/fr\/wp-json\/wp\/v2\/comments?post=541227"}],"version-history":[{"count":0,"href":"https:\/\/www.europesays.com\/fr\/wp-json\/wp\/v2\/posts\/541227\/revisions"}],"wp:featuredmedia":[{"embeddable":true,"href":"https:\/\/www.europesays.com\/fr\/wp-json\/wp\/v2\/media\/541228"}],"wp:attachment":[{"href":"https:\/\/www.europesays.com\/fr\/wp-json\/wp\/v2\/media?parent=541227"}],"wp:term":[{"taxonomy":"category","embeddable":true,"href":"https:\/\/www.europesays.com\/fr\/wp-json\/wp\/v2\/categories?post=541227"},{"taxonomy":"post_tag","embeddable":true,"href":"https:\/\/www.europesays.com\/fr\/wp-json\/wp\/v2\/tags?post=541227"}],"curies":[{"name":"wp","href":"https:\/\/api.w.org\/{rel}","templated":true}]}}