{"id":541229,"date":"2025-11-17T22:55:20","date_gmt":"2025-11-17T22:55:20","guid":{"rendered":"https:\/\/www.europesays.com\/fr\/541229\/"},"modified":"2025-11-17T22:55:20","modified_gmt":"2025-11-17T22:55:20","slug":"bifurcation-a66-a61-fermee-direction-toulouse-et-montpellier","status":"publish","type":"post","link":"https:\/\/www.europesays.com\/fr\/541229\/","title":{"rendered":"Bifurcation A66-A61 ferm\u00e9e direction Toulouse et Montpellier"},"content":{"rendered":"<ol class=\"breadcrumb\" itemscope=\"\" itemtype=\"https:\/\/schema.org\/BreadcrumbList\">\n<li itemprop=\"itemListElement\" itemscope=\"\" itemtype=\"https:\/\/schema.org\/ListItem\">\n                    <a itemprop=\"item\" href=\"https:\/\/radio.vinci-autoroutes.com\/\" target=\"_blank\" rel=\"noopener\"><br \/>\n                        Accueil<br \/>\n                    <\/a><\/p>\n<\/li>\n<li itemprop=\"itemListElement\" itemscope=\"\" itemtype=\"https:\/\/schema.org\/ListItem\">\n                        <a itemprop=\"item\" href=\"https:\/\/radio.vinci-autoroutes.com\/rubrique\/infotrafic\" target=\"_blank\" rel=\"noopener\"><br \/>\n                            Actu trafic<br \/>\n                        <\/a><\/p>\n<\/li>\n<li itemprop=\"itemListElement\" itemscope=\"\" itemtype=\"https:\/\/schema.org\/ListItem\">\n                        <a itemprop=\"item\" href=\"https:\/\/radio.vinci-autoroutes.com\/rubrique\/travaux\" target=\"_blank\" rel=\"noopener\"><br \/>\n                            Travaux<br \/>\n                        <\/a><\/p>\n<\/li>\n<\/ol>\n<p class=\"article-chapeau\" itemprop=\"description\">Au sud-est de Toulouse, la nuit du mardi 18 au mercredi 19 novembre, \u00e0 partir de 21h00 et au plus tard jusqu&rsquo;\u00e0 06h du matin, la bifurcation, qui permet de passer de l&rsquo;A66 \u00e0 l&rsquo;A61, direction Toulouse et Montpellier, est ferm\u00e9e pour effectuer des travaux sur la chauss\u00e9e.<\/p>\n<p class=\"article-author\">Auteur : Christophe Cherchour<\/p>\n<p class=\"article-modification\">Derni\u00e8re modification : 17\/11\/2025 15:48<\/p>\n<p>                <img decoding=\"async\" src=\"https:\/\/www.europesays.com\/fr\/wp-content\/uploads\/2025\/04\/VDN-Travaux-2022-7-Nuit-Toulouse-Copyright-VA.jpg\" alt=\"Bifurcation A66-A61 ferm\u00e9e direction Toulouse et Montpellier\"\/><\/p>\n<p>                                                    0:24\n                                            <\/p>\n<p class=\"legende\">Travaux nocturnes \u00e0 Toulouse<\/p>\n<p>                            \u00a9 VINCI Autoroutes                        <\/p>\n<p>\n        Vous devez sortir \u00e0 Nailloux N\u00b01, puis emprunter le r\u00e9seau secondaire pour reprendre l&rsquo;A61 \u00e0 Montgiscard N\u00b019.1.    <\/p>\n<p>            Pour approfondir le sujet<\/p>\n<p>        Partager cet article<\/p>\n","protected":false},"excerpt":{"rendered":"Accueil Actu trafic Travaux Au sud-est de Toulouse, la nuit du mardi 18 au mercredi 19 novembre, \u00e0&hellip;\n","protected":false},"author":2,"featured_media":45495,"comment_status":"","ping_status":"","sticky":false,"template":"","format":"standard","meta":{"footnotes":""},"categories":[9599],"tags":[65941,1111,11,58575,13635,1777,674,4069,1011,27,9778,6774,2208,12,293,2680,25,2968,2312],"class_list":{"0":"post-541229","1":"post","2":"type-post","3":"status-publish","4":"format-standard","5":"has-post-thumbnail","7":"category-montpellier","8":"tag-a66-a61","9":"tag-actu","10":"tag-actualites","11":"tag-bifurcation","12":"tag-direction","13":"tag-eu","14":"tag-europe","15":"tag-fermee","16":"tag-fr","17":"tag-france","18":"tag-mardi","19":"tag-mercredi","20":"tag-montpellier","21":"tag-news","22":"tag-nuit","23":"tag-occitanie","24":"tag-republique-francaise","25":"tag-sud-est","26":"tag-toulouse"},"share_on_mastodon":{"url":"https:\/\/pubeurope.com\/@fr\/115567507821898848","error":""},"_links":{"self":[{"href":"https:\/\/www.europesays.com\/fr\/wp-json\/wp\/v2\/posts\/541229","targetHints":{"allow":["GET"]}}],"collection":[{"href":"https:\/\/www.europesays.com\/fr\/wp-json\/wp\/v2\/posts"}],"about":[{"href":"https:\/\/www.europesays.com\/fr\/wp-json\/wp\/v2\/types\/post"}],"author":[{"embeddable":true,"href":"https:\/\/www.europesays.com\/fr\/wp-json\/wp\/v2\/users\/2"}],"replies":[{"embeddable":true,"href":"https:\/\/www.europesays.com\/fr\/wp-json\/wp\/v2\/comments?post=541229"}],"version-history":[{"count":0,"href":"https:\/\/www.europesays.com\/fr\/wp-json\/wp\/v2\/posts\/541229\/revisions"}],"wp:featuredmedia":[{"embeddable":true,"href":"https:\/\/www.europesays.com\/fr\/wp-json\/wp\/v2\/media\/45495"}],"wp:attachment":[{"href":"https:\/\/www.europesays.com\/fr\/wp-json\/wp\/v2\/media?parent=541229"}],"wp:term":[{"taxonomy":"category","embeddable":true,"href":"https:\/\/www.europesays.com\/fr\/wp-json\/wp\/v2\/categories?post=541229"},{"taxonomy":"post_tag","embeddable":true,"href":"https:\/\/www.europesays.com\/fr\/wp-json\/wp\/v2\/tags?post=541229"}],"curies":[{"name":"wp","href":"https:\/\/api.w.org\/{rel}","templated":true}]}}