{"id":541230,"date":"2025-11-17T22:57:16","date_gmt":"2025-11-17T22:57:16","guid":{"rendered":"https:\/\/www.europesays.com\/fr\/541230\/"},"modified":"2025-11-17T22:57:16","modified_gmt":"2025-11-17T22:57:16","slug":"les-jokers-de-cergy-pontoise-vs-les-dragons-de-rouen-j18-13-comme-une","status":"publish","type":"post","link":"https:\/\/www.europesays.com\/fr\/541230\/","title":{"rendered":"Les Jokers de Cergy-Pontoise vs les Dragons de Rouen \/ J18 \u2013 13 Comme Une"},"content":{"rendered":"<p><strong>Synerglace Ligue Magnus<\/strong>, le championnat de France de hockey sur glace \/<strong> Journ\u00e9e 18<\/strong><\/p>\n<p><strong>Confirmer \u00e0 domicile !<\/strong><\/p>\n<p data-start=\"240\" data-end=\"382\">Apr\u00e8s un succ\u00e8s \u00e0 domicile vendredi dernier mettant fin \u00e0 une s\u00e9rie de 11 d\u00e9faites cons\u00e9cutives, les Jokers auront \u00e0 c\u0153ur de confirmer face \u00e0 l\u2019un des leaders du championnat : <strong>les Dragons de Rouen.<\/strong><\/p>\n<p data-start=\"1444\" data-end=\"1638\">Cette 18\u00e8me de journ\u00e9e,<strong> vendredi 21 novembre<\/strong>, se promet d\u2019\u00eatre intensive.<\/p>\n<p data-start=\"1444\" data-end=\"1638\">Enflammons l\u2019Aren\u2019ice de votre ferveur et de votre \u00e9nergie !<\/p>\n<p>Prenez vos places d\u00e8s maintenant\u00a0<b>&gt;&gt; <\/b><strong><a href=\"https:\/\/www.lesjokers.net\/billetterie\/\" target=\"_blank\" rel=\"noopener nofollow\">Billetterie ici<\/a><\/strong><\/p>\n<p data-testid=\"NAGfCXkZr\">D\u00e9but du spectacle \u00e0<strong> 20h15<\/strong>, ouverture des portes \u00e0 19h30 \u2013 coup d\u2019envoi \u00e0 20h30<\/p>\n<p><img fetchpriority=\"high\" decoding=\"async\" class=\"alignnone wp-image-93817 size-large\" src=\"https:\/\/www.europesays.com\/fr\/wp-content\/uploads\/2025\/11\/vs-rouen-13-1024x390.jpg\" alt=\"\" width=\"1024\" height=\"390\"  \/><\/p>\n<p><strong>#TOUSJOKERS<\/strong><\/p>\n","protected":false},"excerpt":{"rendered":"Synerglace Ligue Magnus, le championnat de France de hockey sur glace \/ Journ\u00e9e 18 Confirmer \u00e0 domicile !&hellip;\n","protected":false},"author":2,"featured_media":541231,"comment_status":"","ping_status":"","sticky":false,"template":"","format":"standard","meta":{"footnotes":""},"categories":[9587],"tags":[1111,11,1777,674,1011,27,12,5161,25,9590],"class_list":{"0":"post-541230","1":"post","2":"type-post","3":"status-publish","4":"format-standard","5":"has-post-thumbnail","7":"category-rouen","8":"tag-actu","9":"tag-actualites","10":"tag-eu","11":"tag-europe","12":"tag-fr","13":"tag-france","14":"tag-news","15":"tag-normandie","16":"tag-republique-francaise","17":"tag-rouen"},"share_on_mastodon":{"url":"https:\/\/pubeurope.com\/@fr\/115567516402774760","error":""},"_links":{"self":[{"href":"https:\/\/www.europesays.com\/fr\/wp-json\/wp\/v2\/posts\/541230","targetHints":{"allow":["GET"]}}],"collection":[{"href":"https:\/\/www.europesays.com\/fr\/wp-json\/wp\/v2\/posts"}],"about":[{"href":"https:\/\/www.europesays.com\/fr\/wp-json\/wp\/v2\/types\/post"}],"author":[{"embeddable":true,"href":"https:\/\/www.europesays.com\/fr\/wp-json\/wp\/v2\/users\/2"}],"replies":[{"embeddable":true,"href":"https:\/\/www.europesays.com\/fr\/wp-json\/wp\/v2\/comments?post=541230"}],"version-history":[{"count":0,"href":"https:\/\/www.europesays.com\/fr\/wp-json\/wp\/v2\/posts\/541230\/revisions"}],"wp:featuredmedia":[{"embeddable":true,"href":"https:\/\/www.europesays.com\/fr\/wp-json\/wp\/v2\/media\/541231"}],"wp:attachment":[{"href":"https:\/\/www.europesays.com\/fr\/wp-json\/wp\/v2\/media?parent=541230"}],"wp:term":[{"taxonomy":"category","embeddable":true,"href":"https:\/\/www.europesays.com\/fr\/wp-json\/wp\/v2\/categories?post=541230"},{"taxonomy":"post_tag","embeddable":true,"href":"https:\/\/www.europesays.com\/fr\/wp-json\/wp\/v2\/tags?post=541230"}],"curies":[{"name":"wp","href":"https:\/\/api.w.org\/{rel}","templated":true}]}}