{"id":541232,"date":"2025-11-17T22:58:42","date_gmt":"2025-11-17T22:58:42","guid":{"rendered":"https:\/\/www.europesays.com\/fr\/541232\/"},"modified":"2025-11-17T22:58:42","modified_gmt":"2025-11-17T22:58:42","slug":"musique-kendji-girac-en-concert-a-grenoble-chambery-et-vienne-en-2026","status":"publish","type":"post","link":"https:\/\/www.europesays.com\/fr\/541232\/","title":{"rendered":"Musique. Kendji Girac en concert \u00e0 Grenoble, Chamb\u00e9ry et Vienne en 2026"},"content":{"rendered":"<p>Pour c\u00e9l\u00e9brer une d\u00e9cennie de succ\u00e8s, <a href=\"https:\/\/www.ledauphine.com\/p\/kendji-girac\" target=\"_blank\" rel=\"noopener\">Kendji Girac<\/a> se lance dans une tourn\u00e9e exceptionnelle dans toute la France en 2026. Une tourn\u00e9e qui passera par le Summum de Grenoble le 19\u00a0mars, le Phare de Chamb\u00e9ry le 22\u00a0mars et\u00a0le Th\u00e9\u00e2tre antique de Vienne le 26\u00a0juillet (avec L\u00e9man en premi\u00e8re partie).<\/p>\n<p>D\u00e9couvert dans The Voice, Kendji Girac a d\u00e9j\u00e0 dix ans de carri\u00e8re derri\u00e8re lui, plus de 6\u00a0millions d\u2019albums vendus et plus de 2\u00a0millions de spectateurs lors de ses spectacles.<\/p>\n<p>Pour rappel, sont \u00e9galement annonc\u00e9s au Th\u00e9\u00e2tre antique de Vienne l\u2019\u00e9t\u00e9 prochain\u00a0: Benjamin Biolay et Jeanne Cherhal vendredi 12\u00a0juin, le DJ Paul Kalkbrenner le 13\u00a0juin, Gims mardi\u00a016 et mercredi 17\u00a0juin, Christophe Ma\u00e9 jeudi 18\u00a0juin, Nick Cave &amp; The Bad Seeds mercredi 15\u00a0juillet, Mika jeudi 16\u00a0juillet, le ballet Bol\u00e9ro, B\u00e9jart et nous, L\u2019Oiseau de feu dimanche 19\u00a0juillet, et enfin Sting mardi 28\u00a0juillet (complet). Sans oublier bien s\u00fbr Jazz \u00e0 Vienne du 25\u00a0juin au 11\u00a0juillet, dont les premiers noms seront d\u00e9voil\u00e9s le 25\u00a0novembre.<\/p>\n<p class=\"note\">R\u00e9servations sur les sites habituels et sur www.rpo.net. Tarif pour Grenoble et Chamb\u00e9ry\u00a0: \u00e0 partir de 40\u00a0euros. Au Th\u00e9\u00e2tre antique de Vienne\u00a0: 59\u00a0euros.<\/p>\n","protected":false},"excerpt":{"rendered":"Pour c\u00e9l\u00e9brer une d\u00e9cennie de succ\u00e8s, Kendji Girac se lance dans une tourn\u00e9e exceptionnelle dans toute la France&hellip;\n","protected":false},"author":2,"featured_media":541233,"comment_status":"","ping_status":"","sticky":false,"template":"","format":"standard","meta":{"footnotes":""},"categories":[9566],"tags":[1111,11,2430,5509,1687,7001,112,111,1777,674,1011,27,2731,108,873,12,25,3140,1584,10589],"class_list":{"0":"post-541232","1":"post","2":"type-post","3":"status-publish","4":"format-standard","5":"has-post-thumbnail","7":"category-grenoble","8":"tag-actu","9":"tag-actualites","10":"tag-auvergne-rhone-alpes","11":"tag-chambery","12":"tag-culture-loisirs","13":"tag-edition-chambery-aix-les-bains","14":"tag-edition-grenoble-agglomeration","15":"tag-edition-vienne-roussillon","16":"tag-eu","17":"tag-europe","18":"tag-fr","19":"tag-france","20":"tag-grenoble","21":"tag-isere","22":"tag-musique","23":"tag-news","24":"tag-republique-francaise","25":"tag-spectacle","26":"tag-vienne","27":"tag-vienne-bassin"},"share_on_mastodon":{"url":"https:\/\/pubeurope.com\/@fr\/115567519533470636","error":""},"_links":{"self":[{"href":"https:\/\/www.europesays.com\/fr\/wp-json\/wp\/v2\/posts\/541232","targetHints":{"allow":["GET"]}}],"collection":[{"href":"https:\/\/www.europesays.com\/fr\/wp-json\/wp\/v2\/posts"}],"about":[{"href":"https:\/\/www.europesays.com\/fr\/wp-json\/wp\/v2\/types\/post"}],"author":[{"embeddable":true,"href":"https:\/\/www.europesays.com\/fr\/wp-json\/wp\/v2\/users\/2"}],"replies":[{"embeddable":true,"href":"https:\/\/www.europesays.com\/fr\/wp-json\/wp\/v2\/comments?post=541232"}],"version-history":[{"count":0,"href":"https:\/\/www.europesays.com\/fr\/wp-json\/wp\/v2\/posts\/541232\/revisions"}],"wp:featuredmedia":[{"embeddable":true,"href":"https:\/\/www.europesays.com\/fr\/wp-json\/wp\/v2\/media\/541233"}],"wp:attachment":[{"href":"https:\/\/www.europesays.com\/fr\/wp-json\/wp\/v2\/media?parent=541232"}],"wp:term":[{"taxonomy":"category","embeddable":true,"href":"https:\/\/www.europesays.com\/fr\/wp-json\/wp\/v2\/categories?post=541232"},{"taxonomy":"post_tag","embeddable":true,"href":"https:\/\/www.europesays.com\/fr\/wp-json\/wp\/v2\/tags?post=541232"}],"curies":[{"name":"wp","href":"https:\/\/api.w.org\/{rel}","templated":true}]}}