{"id":541236,"date":"2025-11-17T23:02:22","date_gmt":"2025-11-17T23:02:22","guid":{"rendered":"https:\/\/www.europesays.com\/fr\/541236\/"},"modified":"2025-11-17T23:02:22","modified_gmt":"2025-11-17T23:02:22","slug":"une-grande-panoplie-de-metiers-dans-la-metallurgie","status":"publish","type":"post","link":"https:\/\/www.europesays.com\/fr\/541236\/","title":{"rendered":"une grande panoplie de m\u00e9tiers dans la m\u00e9tallurgie"},"content":{"rendered":"<p>                    Par<br \/>\n        <strong><br \/>\n            <a href=\"https:\/\/actu.fr\/auteur\/manuel-rodriguez\" title=\"Consulter tous les articles de Manuel Rodriguez\" target=\"_blank\" rel=\"noopener\">Manuel Rodriguez<\/a><br \/>\n                    <\/strong><\/p>\n<p>        Publi\u00e9 le<\/p>\n<p>            17 nov. 2025 \u00e0 17h56        <\/p>\n<p>L\u2019Union des industries et<b> m\u00e9tiers de la m\u00e9tallurgie <\/b>(UIMM) 35-56 est un syndicat patronal de la m\u00e9tallurgie. Il est l\u00e0 pour accompagner les entreprises du secteur (code naf m\u00e9tallurgie) sur les deux d\u00e9partements de l<a href=\"https:\/\/actu.fr\/la-chronique-republicaine\/\" target=\"_blank\" rel=\"noopener\">\u2019Ille-et-Vilaine<\/a> et du Morbihan sur toutes leurs questions li\u00e9es \u00e0 l\u2019emploi, la formation et la certification professionnelle. \u00ab\u2009Nous sommes un <b>vrai soutien de proximit\u00e9<\/b>\u2009: 75\u2009% de nos entreprises ont moins de 50 salari\u00e9s et pas de service ressources humaines. Quand on parle emploi, il faut savoir r\u00e9diger une annonce, o\u00f9 la d\u00e9poser et conna\u00eetre les partenaires de l\u2019emploi. C\u2019est l\u00e0 qu\u2019on intervient en priorit\u00e9\u2009\u00bb, souligne <b>Maryline Daireaux, r<\/b>esponsable service emploi et comp\u00e9tences de l\u2019UIMM.<\/p>\n<p>Une image \u00e0 rafra\u00eechir<\/p>\n<p class=\" wall-content\">Dans le bassin d\u2019emploi de Foug\u00e8res vingt-cinq entreprises rel\u00e8vent de l\u2019UIMM. Dans des domaines d\u2019activit\u00e9 tr\u00e8s vari\u00e9s.<\/p>\n<blockquote class=\"ac-article-quote wall-content\">\n<p>Safran en fait partie, comme Zeiss, Sadex, Otima ou la SFPI. C\u2019est un territoire extr\u00eamement vari\u00e9 en typologie d\u2019entreprise avec beaucoup de toutes petites, mais aussi des moyennes<\/p>\n<p>Maryline Daireaux<\/p><\/blockquote>\n<p class=\" wall-content\">Pendant<a href=\"https:\/\/actu.fr\/bretagne\/fougeres_35115\/a-fougeres-le-grand-job-dating-de-la-chronique-republicaine-approche_63386163.html\" target=\"_blank\" rel=\"noopener\"> le job dating de la Chronique r\u00e9publicaine-Actu.fr<\/a>, elle va animer des conf\u00e9rences. \u00ab\u2009La m\u00e9tallurgie est m\u00e9connue. Elle p\u00e8se pourtant autant de poids que l\u2019agroalimentaire en Bretagne, c\u2019est-\u00e0-dire un tiers des emplois.<\/p>\n<p class=\" wall-content\">J\u2019explique que l\u2019on y travaille bien des m\u00e9taux mais que nous avons une grande panoplie de m\u00e9tiers\u2009: des op\u00e9rateurs, des techniciens de maintenance, des fonctions support jusqu\u2019\u00e0 des directeurs industriels\u2009\u00bb, explique Maryline Daireaux avant d\u2019ajouter que, \u00ab\u2009bonne nouvelle\u2009\u00bb, si des gens veulent se former, cela peut se faire \u00e0 Foug\u00e8res avec le Gr\u00e9ta, \u00e0 Vitr\u00e9 ou Rennes.<\/p>\n<p class=\" wall-content\">Elle se bat aussi pour rectifier l\u2019image ancienne des m\u00e9tiers de la m\u00e9tallurgie.<\/p>\n<p class=\" wall-content\">Notamment en direction des femmes\u2009:<\/p>\n<blockquote class=\"ac-article-quote wall-content\">\n<p>L\u2019usinage est un m\u00e9tier est devenu extr\u00eamement propre avec beaucoup de minutie, de pr\u00e9cision. Dans nos TPE, PME, qui repr\u00e9sentent 75\u2009% des entreprises, on ne fait pas du 3-8, ce sont des horaires \u00e0 la journ\u00e9e. C\u2019est donc des opportunit\u00e9s \u00e0 c\u00f4t\u00e9 de chez elles, dans des m\u00e9tiers valorisants, dans lesquels on commence \u00e0 toucher des salaires int\u00e9ressants rapidement. On les attend de pied ferme.<\/p>\n<p>Maryline Daireaux<\/p><\/blockquote>\n<p>Votre r\u00e9gion, votre actu !<\/p>\n<p>Recevez chaque jour les infos qui comptent pour vous.<\/p>\n<p>\t<a href=\"https:\/\/actu.fr\/newsletter\" class=\"ac-btn ac-btn--corner ac-btn--medium ac-btn--blue800\" target=\"_blank\" rel=\"noopener\">S&rsquo;incrire<\/a><br \/>\nFabrik emploi<\/p>\n<p class=\" wall-content\">Celles et ceux qui voudront approfondir et entrer dans le c\u0153ur des m\u00e9tiers de la m\u00e9tallurgie, l\u2019UIMM aura un stand. \u00ab\u2009On accompagne les <b>demandeurs d\u2019emploi <\/b>ou les gens en <b>reconversion <\/b>sur leur projet professionnel. On est\u00a0l\u00e0 pour leur faire <b>d\u00e9couvrir<\/b>, les accompagner s\u2019ils souhaitent rentrer en formation. On a de l\u2019emploi sur le bassin de Foug\u00e8res\u2009\u00bb, assure Maryline Daireaux.<\/p>\n<p class=\" wall-content\">Elle met en avant <b>Fabrik emploi<\/b>, la coop\u00e9rative d\u2019emploi propre \u00e0 l\u2019UIMM et ses adh\u00e9rents\u2009: \u00ab\u2009Il y avait un besoin. On fonctionne comme une agence d\u2019int\u00e9rim, mais \u00e0 l\u2019envers\u2009: on part de la personne qu\u2019on a accompagn\u00e9e et, apr\u00e8s, on tente de lui trouver l\u2019entreprise qui lui correspond sp\u00e9cifique aux m\u00e9tiers de la m\u00e9tallurgie\u2009\u00bb.<\/p>\n<p class=\" wall-content\">Personnalisez votre actualit\u00e9 en ajoutant vos villes et m\u00e9dias en favori avec <a href=\"https:\/\/moncompte.actu.fr\" title=\"D\u00e9couvez Mon Actu\" rel=\"nofollow noopener\" data-trk=\"{&quot;cta&quot;:{&quot;action&quot;:&quot;https:\\\/\\\/moncompte.actu.fr&quot;,&quot;category&quot;:&quot;mon compte&quot;,&quot;from&quot;:&quot;article footer&quot;,&quot;name&quot;:&quot;Mon actu&quot;,&quot;type&quot;:&quot;cta&quot;}}\" target=\"_blank\">Mon Actu<\/a>.<\/p>\n","protected":false},"excerpt":{"rendered":"Par Manuel Rodriguez Publi\u00e9 le 17 nov. 2025 \u00e0 17h56 L\u2019Union des industries et m\u00e9tiers de la m\u00e9tallurgie&hellip;\n","protected":false},"author":2,"featured_media":541237,"comment_status":"","ping_status":"","sticky":false,"template":"","format":"standard","meta":{"footnotes":""},"categories":[2821],"tags":[1111,11,829,33,341,1777,674,1011,27,5113,12,584,25],"class_list":{"0":"post-541236","1":"post","2":"type-post","3":"status-publish","4":"format-standard","5":"has-post-thumbnail","7":"category-rennes","8":"tag-actu","9":"tag-actualites","10":"tag-bretagne","11":"tag-economie","12":"tag-emploi","13":"tag-eu","14":"tag-europe","15":"tag-fr","16":"tag-france","17":"tag-job-dating","18":"tag-news","19":"tag-rennes","20":"tag-republique-francaise"},"share_on_mastodon":{"url":"https:\/\/pubeurope.com\/@fr\/115567535698626466","error":""},"_links":{"self":[{"href":"https:\/\/www.europesays.com\/fr\/wp-json\/wp\/v2\/posts\/541236","targetHints":{"allow":["GET"]}}],"collection":[{"href":"https:\/\/www.europesays.com\/fr\/wp-json\/wp\/v2\/posts"}],"about":[{"href":"https:\/\/www.europesays.com\/fr\/wp-json\/wp\/v2\/types\/post"}],"author":[{"embeddable":true,"href":"https:\/\/www.europesays.com\/fr\/wp-json\/wp\/v2\/users\/2"}],"replies":[{"embeddable":true,"href":"https:\/\/www.europesays.com\/fr\/wp-json\/wp\/v2\/comments?post=541236"}],"version-history":[{"count":0,"href":"https:\/\/www.europesays.com\/fr\/wp-json\/wp\/v2\/posts\/541236\/revisions"}],"wp:featuredmedia":[{"embeddable":true,"href":"https:\/\/www.europesays.com\/fr\/wp-json\/wp\/v2\/media\/541237"}],"wp:attachment":[{"href":"https:\/\/www.europesays.com\/fr\/wp-json\/wp\/v2\/media?parent=541236"}],"wp:term":[{"taxonomy":"category","embeddable":true,"href":"https:\/\/www.europesays.com\/fr\/wp-json\/wp\/v2\/categories?post=541236"},{"taxonomy":"post_tag","embeddable":true,"href":"https:\/\/www.europesays.com\/fr\/wp-json\/wp\/v2\/tags?post=541236"}],"curies":[{"name":"wp","href":"https:\/\/api.w.org\/{rel}","templated":true}]}}