{"id":541253,"date":"2025-11-17T23:11:16","date_gmt":"2025-11-17T23:11:16","guid":{"rendered":"https:\/\/www.europesays.com\/fr\/541253\/"},"modified":"2025-11-17T23:11:16","modified_gmt":"2025-11-17T23:11:16","slug":"pres-de-bordeaux-un-cycliste-est-mort-dans-un-accident-de-la-route-impliquant-un-camion-toupie","status":"publish","type":"post","link":"https:\/\/www.europesays.com\/fr\/541253\/","title":{"rendered":"Pr\u00e8s de Bordeaux, un cycliste est mort dans un accident de la route impliquant un camion toupie"},"content":{"rendered":"<p>                    Par<br \/>\n        <strong><br \/>\n            <a href=\"https:\/\/actu.fr\/auteur\/sports33\" title=\"Consulter tous les articles de Nicolas Gosselin\" rel=\"nofollow noopener\" target=\"_blank\">Nicolas Gosselin<\/a><br \/>\n                    <\/strong><\/p>\n<p>        Publi\u00e9 le<\/p>\n<p>            17 nov. 2025 \u00e0 18h18        <\/p>\n<p>Un <strong>homme de 56 ans est mort<\/strong> dans un <a href=\"https:\/\/actu.fr\/tag\/accident\" rel=\"nofollow noopener\" target=\"_blank\">accident de la route<\/a> \u00e0 <a href=\"https:\/\/actu.fr\/nouvelle-aquitaine\/gradignan_33192\" rel=\"nofollow noopener\" target=\"_blank\">Gradignan<\/a> (Gironde), \u00e0 l\u2019angle de la rue Croix de Monjous et de la rue de B\u00e9n\u00e9digues, ce lundi 17 novembre 2025.<\/p>\n<p class=\" wall-content\">La victime, qui circulait \u00e0 v\u00e9lo, est d\u00e9c\u00e9d\u00e9e dans <strong>une collision avec un camion toupie<\/strong>. Le conducteur du poids lourd, \u00e2g\u00e9 de 31 ans, n\u2019a pas \u00e9t\u00e9 bless\u00e9.<\/p>\n<p>Des questions autour de ce drame<\/p>\n<p class=\" wall-content\">L\u2019<a href=\"https:\/\/actu.fr\/tag\/police\" rel=\"nofollow noopener\" target=\"_blank\">enqu\u00eate de police<\/a> doit permettre d\u2019en savoir plus sur les circonstances du drame et sur les responsabilit\u00e9s des uns et des autres. Pour l\u2019heure, on n\u2019en sait pas beaucoup plus.<\/p>\n<p class=\" wall-content\">Dans le secteur de l\u2019accident, la circulation a \u00e9t\u00e9 fortement perturb\u00e9e pendant une heure.<\/p>\n<p class=\" wall-content\">Personnalisez votre actualit\u00e9 en ajoutant vos villes et m\u00e9dias en favori avec <a href=\"https:\/\/moncompte.actu.fr\" title=\"D\u00e9couvez Mon Actu\" rel=\"nofollow noopener\" data-trk=\"{&quot;cta&quot;:{&quot;action&quot;:&quot;https:\\\/\\\/moncompte.actu.fr&quot;,&quot;category&quot;:&quot;mon compte&quot;,&quot;from&quot;:&quot;article footer&quot;,&quot;name&quot;:&quot;Mon actu&quot;,&quot;type&quot;:&quot;cta&quot;}}\" target=\"_blank\">Mon Actu<\/a>.<\/p>\n","protected":false},"excerpt":{"rendered":"Par Nicolas Gosselin Publi\u00e9 le 17 nov. 2025 \u00e0 18h18 Un homme de 56 ans est mort dans&hellip;\n","protected":false},"author":2,"featured_media":118997,"comment_status":"","ping_status":"","sticky":false,"template":"","format":"standard","meta":{"footnotes":""},"categories":[2817],"tags":[119,1111,11,1997,1777,674,118,1011,27,12,2219,25],"class_list":{"0":"post-541253","1":"post","2":"type-post","3":"status-publish","4":"format-standard","5":"has-post-thumbnail","7":"category-bordeaux","8":"tag-accident","9":"tag-actu","10":"tag-actualites","11":"tag-bordeaux","12":"tag-eu","13":"tag-europe","14":"tag-faits-divers","15":"tag-fr","16":"tag-france","17":"tag-news","18":"tag-nouvelle-aquitaine","19":"tag-republique-francaise"},"share_on_mastodon":{"url":"https:\/\/pubeurope.com\/@fr\/115567570818890894","error":""},"_links":{"self":[{"href":"https:\/\/www.europesays.com\/fr\/wp-json\/wp\/v2\/posts\/541253","targetHints":{"allow":["GET"]}}],"collection":[{"href":"https:\/\/www.europesays.com\/fr\/wp-json\/wp\/v2\/posts"}],"about":[{"href":"https:\/\/www.europesays.com\/fr\/wp-json\/wp\/v2\/types\/post"}],"author":[{"embeddable":true,"href":"https:\/\/www.europesays.com\/fr\/wp-json\/wp\/v2\/users\/2"}],"replies":[{"embeddable":true,"href":"https:\/\/www.europesays.com\/fr\/wp-json\/wp\/v2\/comments?post=541253"}],"version-history":[{"count":0,"href":"https:\/\/www.europesays.com\/fr\/wp-json\/wp\/v2\/posts\/541253\/revisions"}],"wp:featuredmedia":[{"embeddable":true,"href":"https:\/\/www.europesays.com\/fr\/wp-json\/wp\/v2\/media\/118997"}],"wp:attachment":[{"href":"https:\/\/www.europesays.com\/fr\/wp-json\/wp\/v2\/media?parent=541253"}],"wp:term":[{"taxonomy":"category","embeddable":true,"href":"https:\/\/www.europesays.com\/fr\/wp-json\/wp\/v2\/categories?post=541253"},{"taxonomy":"post_tag","embeddable":true,"href":"https:\/\/www.europesays.com\/fr\/wp-json\/wp\/v2\/tags?post=541253"}],"curies":[{"name":"wp","href":"https:\/\/api.w.org\/{rel}","templated":true}]}}