{"id":541254,"date":"2025-11-17T23:12:18","date_gmt":"2025-11-17T23:12:18","guid":{"rendered":"https:\/\/www.europesays.com\/fr\/541254\/"},"modified":"2025-11-17T23:12:18","modified_gmt":"2025-11-17T23:12:18","slug":"college-marengo-lenquete-administrative-est-terminee","status":"publish","type":"post","link":"https:\/\/www.europesays.com\/fr\/541254\/","title":{"rendered":"Coll\u00e8ge Marengo : l\u2019enqu\u00eate administrative est termin\u00e9e"},"content":{"rendered":"<p><b>Le directeur acad\u00e9mique de la Haute-Garonne indique \u00e0 Mediacit\u00e9s que l&rsquo;enqu\u00eate administrative sur le coll\u00e8ge Marengo vient de se terminer. Il ne donne aucun \u00e9l\u00e9ment sur son contenu, mais liste plusieurs actions mises en place suite aux signalements sur les violences et dysfonctionnements de l&rsquo;\u00e9tablissement.<\/b><\/p>\n<p style=\"font-weight: 400;\">Quatre jours apr\u00e8s la publication du <a href=\"https:\/\/www.mediacites.fr\/enquete\/toulouse\/2025\/11\/10\/violences-a-marengo-le-principal-du-college-et-le-rectorat-mis-en-cause-pour-leur-attentisme\/\" target=\"_blank\" rel=\"noopener\">deuxi\u00e8me volet de notre enqu\u00eate<\/a> sur les violences au coll\u00e8ge Marengo, le 14 novembre, nous avons re\u00e7u une r\u00e9ponse \u00e9crite de Christian Mendiv\u00e9, le directeur acad\u00e9mique des services d\u00e9partementaux de l\u2019\u00c9ducation nationale de la Haute\u2010Garonne (Dasen).\u00a0<\/p>\n<p style=\"font-weight: 400;\">\u00ab\u202fNous ne souhaitions pas communiquer en amont de l\u2019enqu\u00eate administrative qui vient de se terminer ce jour\u202f\u00bb, pr\u00e9cise le Dasen, pour expliquer le long d\u00e9lai de sa r\u00e9ponse aux questions que nous lui avons adress\u00e9es le 27 octobre. Une enqu\u00eate administrative, qui avait pour but de \u00ab\u202ffaire toute la lumi\u00e8re sur des dysfonctionnements de gestion ou de communication qui pourraient persister\u202f\u00bb. Mais dont le rectorat ne donne aucun d\u00e9tail, ni sur les conclusions ni sur la suite qu\u2019il pr\u00e9voit d\u2019y donner.\u00a0<\/p>\n<p style=\"font-weight: 400;\">Pour preuve du \u00ab\u202fsuivi attentif de la part de la Direction des services d\u00e9partementaux de l\u2019\u00c9ducation nationale de la Haute\u2010Garonne\u202f\u00bb, le directeur acad\u00e9mique liste plusieurs r\u00e9ponses apport\u00e9es, \u00e0 la suite des signalements r\u00e9alis\u00e9s par les \u00e9quipes et des parents en janvier 2025. \u00ab\u202fUn premier plan d\u2019action a \u00e9t\u00e9 \u00e9labor\u00e9 et mis en \u0153uvre, avec des actions \u00e0 court, moyen et long terme en direction des \u00e9l\u00e8ves, des personnels et des parents\u202f\u00bb, affirme\u2010t\u2010il.<\/p>\n<p>Des formations pour les \u00e9l\u00e8ves et l\u2019\u00e9quipe p\u00e9dagogique<\/p>\n<p style=\"font-weight: 400;\">\u00c0 l\u2019heure o\u00f9 nous publiions\u00a0\u2026<\/p>\n<p>Nous vous offrons l\u2019acc\u00e8s \u00e0 cet article<\/p>\n<p>Et \u00e0 toutes nos enqu\u00eates pendant deux jours\u00a0\u00a0! <br \/>Oui, on est g\u00e9n\u00e9reux \ud83d\ude09 Mais pensez aussi \u00e0 <a href=\"https:\/\/www.mediacites.fr\/sabonner\/\" target=\"_blank\" style=\"color:#fff\" rel=\"noopener\">vous abonner<\/a>\u00a0\u00a0!<\/p>\n<p>\t\tEn renseignant votre adresse, vous acceptez nos <a href=\"https:\/\/www.mediacites.fr\/conditions-generales-d-utilisation\/\" target=\"_blank\" rel=\"noopener\">conditions g\u00e9n\u00e9rales d\u2019utilisation<\/a>. <br \/>Mediacit\u00e9s s\u2019engage \u00e0 ne pas c\u00e9der votre adresse \u00e0 des tiers. En cas d\u2019\u00e9chec, \u00e9crivez \u00e0 <a href=\"https:\/\/www.mediacites.fr\/breve\/toulouse\/2025\/11\/17\/college-marengo-lenquete-administrative-est-terminee\/mailto:contact@mediacites.fr\" target=\"_blank\" rel=\"noopener\">contact@mediacites.fr<\/a><\/p>\n<ul>\n<li>J\u2019acc\u00e8de aux 4 \u00e9ditions de Mediacit\u00e9s (Lille, Lyon, Nantes et Toulouse)<\/li>\n<li>Je d\u00e9couvre un m\u00e9dia 100 % ind\u00e9pendant, avec 0 % de publicit\u00e9<\/li>\n<\/ul>\n<p>Envie de lire la\u00a0suite\u202f?<\/p>\n<p>Depuis neuf ans, Mediacit\u00e9s enqu\u00eate en toute ind\u00e9pendance dans votre ville. Gr\u00e2ce \u00e0 ses lecteurs\u202f! Abonnez\u2010vous pour ne rien manquer de nos enqu\u00eates, suivre les \u00e9lections municipales et soutenir un journal local d\u2019investigation.<\/p>\n<ul>\n<li>Acc\u00e8s aux 4 \u00e9ditions de Mediacit\u00e9s (Lille, Lyon, Nantes et Toulouse)<\/li>\n<li>100 % ind\u00e9pendant, avec 0 % de publicit\u00e9<\/li>\n<li>R\u00e9siliation facile \u00e0 tout moment<\/li>\n<\/ul>\n<p>Mediacit\u00e9s offre l\u2019acc\u00e8s \u00e0 cet article aux lecteurs de News2Com<\/p>\n<p>Et \u00e0 toutes nos enqu\u00eates pendant deux jours\u00a0\u00a0! <br \/>Oui, on est g\u00e9n\u00e9reux \ud83d\ude09 Mais pensez aussi \u00e0 <a href=\"https:\/\/www.mediacites.fr\/sabonner\/\" target=\"_blank\" style=\"color:#fff\" rel=\"noopener\">vous abonner<\/a>\u00a0\u00a0!<\/p>\n<p>\t\tEn renseignant votre adresse, vous acceptez nos <a href=\"https:\/\/www.mediacites.fr\/conditions-generales-d-utilisation\/\" target=\"_blank\" rel=\"noopener\">conditions g\u00e9n\u00e9rales d\u2019utilisation<\/a>. <br \/>Mediacit\u00e9s s\u2019engage \u00e0 ne pas c\u00e9der votre adresse \u00e0 des tiers. En cas d\u2019\u00e9chec, \u00e9crivez \u00e0 <a href=\"https:\/\/www.mediacites.fr\/breve\/toulouse\/2025\/11\/17\/college-marengo-lenquete-administrative-est-terminee\/mailto:contact@mediacites.fr\" target=\"_blank\" rel=\"noopener\">contact@mediacites.fr<\/a><\/p>\n<ul>\n<li>J\u2019acc\u00e8de aux 4 \u00e9ditions de Mediacit\u00e9s (Lille, Lyon, Nantes et Toulouse)<\/li>\n<li>Je d\u00e9couvre un m\u00e9dia 100 % ind\u00e9pendant, avec 0 % de publicit\u00e9<\/li>\n<\/ul>\n","protected":false},"excerpt":{"rendered":"Le directeur acad\u00e9mique de la Haute-Garonne indique \u00e0 Mediacit\u00e9s que l&rsquo;enqu\u00eate administrative sur le coll\u00e8ge Marengo vient de&hellip;\n","protected":false},"author":2,"featured_media":509658,"comment_status":"","ping_status":"","sticky":false,"template":"","format":"standard","meta":{"footnotes":""},"categories":[2816],"tags":[1111,11,64554,1777,674,1011,27,51816,12,2680,65943,25,2312,2949],"class_list":{"0":"post-541254","1":"post","2":"type-post","3":"status-publish","4":"format-standard","5":"has-post-thumbnail","7":"category-toulouse","8":"tag-actu","9":"tag-actualites","10":"tag-college-marengo","11":"tag-eu","12":"tag-europe","13":"tag-fr","14":"tag-france","15":"tag-loeil-de-mediacites","16":"tag-news","17":"tag-occitanie","18":"tag-rectorat-toulouse","19":"tag-republique-francaise","20":"tag-toulouse","21":"tag-violences"},"share_on_mastodon":{"url":"https:\/\/pubeurope.com\/@fr\/115567575127914427","error":""},"_links":{"self":[{"href":"https:\/\/www.europesays.com\/fr\/wp-json\/wp\/v2\/posts\/541254","targetHints":{"allow":["GET"]}}],"collection":[{"href":"https:\/\/www.europesays.com\/fr\/wp-json\/wp\/v2\/posts"}],"about":[{"href":"https:\/\/www.europesays.com\/fr\/wp-json\/wp\/v2\/types\/post"}],"author":[{"embeddable":true,"href":"https:\/\/www.europesays.com\/fr\/wp-json\/wp\/v2\/users\/2"}],"replies":[{"embeddable":true,"href":"https:\/\/www.europesays.com\/fr\/wp-json\/wp\/v2\/comments?post=541254"}],"version-history":[{"count":0,"href":"https:\/\/www.europesays.com\/fr\/wp-json\/wp\/v2\/posts\/541254\/revisions"}],"wp:featuredmedia":[{"embeddable":true,"href":"https:\/\/www.europesays.com\/fr\/wp-json\/wp\/v2\/media\/509658"}],"wp:attachment":[{"href":"https:\/\/www.europesays.com\/fr\/wp-json\/wp\/v2\/media?parent=541254"}],"wp:term":[{"taxonomy":"category","embeddable":true,"href":"https:\/\/www.europesays.com\/fr\/wp-json\/wp\/v2\/categories?post=541254"},{"taxonomy":"post_tag","embeddable":true,"href":"https:\/\/www.europesays.com\/fr\/wp-json\/wp\/v2\/tags?post=541254"}],"curies":[{"name":"wp","href":"https:\/\/api.w.org\/{rel}","templated":true}]}}