{"id":541255,"date":"2025-11-17T23:13:12","date_gmt":"2025-11-17T23:13:12","guid":{"rendered":"https:\/\/www.europesays.com\/fr\/541255\/"},"modified":"2025-11-17T23:13:12","modified_gmt":"2025-11-17T23:13:12","slug":"affaire-moudenc-3t-ecole-integriste-et-promesses-de-campagne-limpact-des-enquetes-de-mediacites-toulouse-en-2025","status":"publish","type":"post","link":"https:\/\/www.europesays.com\/fr\/541255\/","title":{"rendered":"Affaire Moudenc, 3T, \u00e9cole int\u00e9griste et promesses de campagne\u2026 L\u2019impact des enqu\u00eates de Mediacit\u00e9s Toulouse en 2025"},"content":{"rendered":"<p>R\u00e9v\u00e9ler des faits d\u2019int\u00e9r\u00eat public \u00e0 <a href=\"https:\/\/www.mediacites.fr\/toulouse\/\" target=\"_blank\" rel=\"noopener\">Toulouse et dans ses alentours<\/a>. Voil\u00e0 depuis maintenant huit ans la promesse \u00e9ditoriale de Mediacit\u00e9s. Notre travail est donc de r\u00e9colter, v\u00e9rifier, v\u00e9rifier et encore v\u00e9rifier des informations, pour les hi\u00e9rarchiser et enfin les publier chaque lundi matin. Nous ajoutons \u00e0 cette d\u00e9finition une mission sociale\u00a0: celle d\u2019\u00e9clairer des probl\u00e9matiques m\u00e9connues afin de participer \u00e0 des changements concrets dans la soci\u00e9t\u00e9.\u00a0<\/p>\n<p>Semaine apr\u00e8s semaine, nous cherchons \u00e0 g\u00e9n\u00e9rer une prise de conscience et \u00e0 inciter les pouvoirs \u2013 quels qu\u2019ils soient \u2013 \u00e0 rendre des comptes et \u00e0 r\u00e9agir, si n\u00e9cessaire, face aux dysfonctionnements ou aux injustices r\u00e9v\u00e9l\u00e9s. Depuis la cr\u00e9ation de notre m\u00e9dia d\u2019investigation, le journalisme d\u2019impact est la colonne vert\u00e9brale de Mediacit\u00e9s, d\u00e9taill\u00e9e dans notre <a href=\"https:\/\/www.mediacites.fr\/forum\/national\/2016\/11\/30\/notre-manifeste\/\" target=\"_blank\" rel=\"noopener\">manifeste<\/a>.<\/p>\n<p>Pour ne pas se contenter de mots, nous nous astreignons \u00e0 revenir une fois par an sur notre impact. Un travail qui force \u00e0 l\u2019humilit\u00e9, car les cons\u00e9quences clairement imputables \u00e0 nos r\u00e9v\u00e9lations se comptent chaque fois sur les doigts de la main, malgr\u00e9 la publication de dizaines d\u2019articles chaque ann\u00e9e.\u00a0<\/p>\n<p>2025 n\u2019est pas encore achev\u00e9e, mais apr\u00e8s <a href=\"https:\/\/www.mediacites.fr\/complement-denquete\/toulouse\/2019\/12\/30\/coupe-du-monde-de-rugby-chu-saint-jory-ce-quil-sest-passe-depuis-les-enquetes-de-mediacites-toulouse\/\" target=\"_blank\" rel=\"noopener\">2019<\/a>, <a href=\"https:\/\/www.mediacites.fr\/la-fabrique\/national\/2021\/01\/07\/quel-a-ete-limpact-des-enquetes-de-mediacites-en-2020\/\" target=\"_blank\" rel=\"noopener\">2020<\/a>, <a href=\"https:\/\/www.mediacites.fr\/impact-des-enquetes-de-mediacites-en-2021\/\" target=\"_blank\" rel=\"noopener\">2021<\/a>, <a href=\"https:\/\/www.mediacites.fr\/rapport-dimpact\/toulouse\/2022\/12\/26\/moudenc-cric-penurie-medicale-limpact-des-enquetes-de-mediacites-toulouse-en-2022\/\" target=\"_blank\" rel=\"noopener\">2022<\/a>, <a href=\"https:\/\/www.mediacites.fr\/complement-denquete\/toulouse\/2023\/12\/26\/quel-impact-pour-les-enquetes-de-mediacites-toulouse-en-2023\/\" target=\"_blank\" rel=\"noopener\">2023<\/a> et <a href=\"https:\/\/www.mediacites.fr\/rapport-dimpact\/toulouse\/2024\/11\/04\/quel-a-ete-limpact-de-mediacites-a-toulouse-en-2024\/\" target=\"_blank\" rel=\"noopener\">2024<\/a>, voici notre coup d\u2019\u0153il dans le r\u00e9troviseur des effets produits par les 160 et quelques articles publi\u00e9s cette ann\u00e9e par la r\u00e9daction de Mediacit\u00e9s Toulouse.\u00a0<\/p>\n<p>Affaire Moudenc<br \/>\n\u2666\u00a0Les faits\u00a0:<\/p>\n<p>Des mois d\u2019enqu\u00eate, de v\u00e9rifications et de recoupements nous ont permis de d\u00e9voiler une affaire potentiellement explosive pour le maire de Toulouse. Selon des centaines de documents \u00e9chang\u00e9s entre 2019 et 2020 au sein de l\u2019\u00e9quipe de campagne de Jean\u2010Luc Moudenc, <a href=\"https:\/\/www.mediacites.fr\/enquete\/toulouse\/2025\/06\/16\/une-douzaine-de-salaries-de-la-mairie-de-toulouse-au-coeur-de-la-campagne-2020-de-jean-luc-moudenc\/\" target=\"_blank\" rel=\"noopener\">des membres du cabinet du maire sortant<\/a>, salari\u00e9s par la collectivit\u00e9, ont particip\u00e9 \u00e0 la campagne du candidat LR.<\/p>\n<p>Sous la houlette du directeur de cabinet du maire de Toulouse, Arnaud Mounier, et de son adjointe Sabine Villeneuve, une douzaine de salari\u00e9s municipaux auraient \u0153uvr\u00e9 \u00e0 la campagne du maire, en semaine et pendant des horaires de bureau. R\u00e9union de pr\u00e9paration de r\u00e9unions publiques ou de rendez\u2010vous m\u00e9diatiques, r\u00e9daction du programme, r\u00e9ponses aux courriers, r\u00e9daction de discours, d\u2019argumentaires, de contre\u2010argumentaires et d\u2019\u00e9l\u00e9ments de langage en tout genre, les missions r\u00e9alis\u00e9es \u00e9tait nombreuses. Une telle mobilisation de ces \u00ab\u202fpetites mains\u202f\u00bb, si elle a eu lieu sur leur temps de travail, <a href=\"https:\/\/www.mediacites.fr\/decryptage\/toulouse\/2025\/06\/23\/affaire-moudenc-le-maire-de-toulouse-pourrait-il-etre-inquiete-par-la-justice-apres-les-revelations-de-mediacites\/\" target=\"_blank\" rel=\"noopener\">pourrait contrevenir aux codes p\u00e9nal et \u00e9lectoral<\/a>.<\/p>\n<blockquote class=\"wp-embedded-content\" data-secret=\"9GthnnTb6Z\">\n<p><a href=\"https:\/\/www.mediacites.fr\/enquete\/toulouse\/2025\/07\/14\/affaire-moudenc-les-preuves-de-limplication-du-maire-de-toulouse\/\" target=\"_blank\" rel=\"noopener\">Affaire Moudenc\u00a0: les preuves de l\u2019implication du maire de Toulouse<\/a><\/p>\n<\/blockquote>\n<p>Selon les documents que nous avons pu consult\u00e9, <a href=\"https:\/\/www.mediacites.fr\/enquete\/toulouse\/2025\/07\/14\/affaire-moudenc-les-preuves-de-limplication-du-maire-de-toulouse\/\" target=\"_blank\" rel=\"noopener\">Jean\u2010Luc Moudenc\u00a0ne pouvait ignorer<\/a> que ses collaborateurs de cabinet travaillaient pendant leur temps de travail pour sa candidature. Il leur a lui\u2010m\u00eame donn\u00e9 des consignes alors qu\u2019ils \u00e9taient salari\u00e9s par la mairie.<\/p>\n<p>\ud83d\udc4a Impact\u00a0:<\/p>\n<p>Sur la base des r\u00e9v\u00e9lations de Mediacit\u00e9s et des documents dont elle dispose, l\u2019association de lutte contre la corruption <a href=\"https:\/\/www.mediacites.fr\/enquete\/toulouse\/2025\/10\/27\/affaire-moudenc-ces-proches-du-maire-de-toulouse-soupconnes-par-la-justice-de-complicite-de-detournement-de-fonds-publics\/\" target=\"_blank\" rel=\"noopener\">Anticor a port\u00e9 plainte, d\u00e9but juin, contre Jean\u2010Luc Moudenc pour d\u00e9tournement de fonds publics et financement illicite de campagne<\/a> dans le cadre de l\u2019\u00e9lection municipale de 2020 du maire de Toulouse. Le maire de Toulouse, son ancien directeur de cabinet, son ancienne directrice adjointe de cabinet et <a href=\"https:\/\/www.mediacites.fr\/enquete\/toulouse\/2025\/10\/27\/affaire-moudenc-ces-proches-du-maire-de-toulouse-soupconnes-par-la-justice-de-complicite-de-detournement-de-fonds-publics\/\" target=\"_blank\" rel=\"noopener\">plusieurs adjoints<\/a> sont vis\u00e9s \u00e0 des degr\u00e9s divers. Ils sont toutes et tous pr\u00e9sum\u00e9s innocents \u00e0 ce\u00a0stade.<\/p>\n<blockquote class=\"wp-embedded-content\" data-secret=\"RfxOUTRQLy\">\n<p><a href=\"https:\/\/www.mediacites.fr\/enquete\/toulouse\/2025\/10\/27\/affaire-moudenc-ces-proches-du-maire-de-toulouse-soupconnes-par-la-justice-de-complicite-de-detournement-de-fonds-publics\/\" target=\"_blank\" rel=\"noopener\">Affaire Moudenc\u00a0: Ces proches du maire de Toulouse soup\u00e7onn\u00e9s par la justice de complicit\u00e9 de d\u00e9tournement de fonds publics<\/a><\/p>\n<\/blockquote>\n<p>Dans sa plainte adress\u00e9e au procureur de la R\u00e9publique de Toulouse, Anticor explique que\u00a0: \u00ab\u202fEn ayant obtenu de la part de la mairie de Toulouse et de diff\u00e9rentes collectivit\u00e9s territoriales la mise \u00e0 disposition des salari\u00e9s, r\u00e9mun\u00e9r\u00e9s par ces derni\u00e8res, sur leur temps de travail, ainsi que leur \u00e9quipement informatique, Jean\u2010Luc Moudenc aurait per\u00e7u un avantage prohib\u00e9 et commis l\u2019infraction de financement illicite de campagne.\u202f\u00bb<\/p>\n<p>Trop compliqu\u00e9 \u00e0 g\u00e9rer au tribunal de Toulouse o\u00f9 le parquet et la mairie sont souvent en interaction, le dossier a \u00e9t\u00e9 d\u00e9pays\u00e9. Durant l\u2019\u00e9t\u00e9, le dossier a atterrit sur le bureau du procureur g\u00e9n\u00e9ral d\u2019Agen qui l\u2019a confi\u00e9 \u00e0 Cl\u00e9mence Meyer, la procureure d\u2019Auch, dans le Gers. \u202fCelle\u2010ci a ouvert une enqu\u00eate pr\u00e9liminaire pour d\u00e9tournement de fonds publics et financement illicite de campagne, en ao\u00fbt dernier.\u00a0<\/p>\n<p>Le maire a toujours refus\u00e9 de r\u00e9pondre \u00e0 nos questions pour r\u00e9futer les faits qu\u2019il conteste. Depuis le lancement de sa campagne, il abord\u00e9 la question avec certains m\u00e9dias, comme <a href=\"https:\/\/actu.fr\/occitanie\/toulouse_31555\/municipales-2026-nous-proposons-d-instaurer-l-onde-verte-a-toulouse-annonce-jean-luc-moudenc_63440147.html\" target=\"_blank\" rel=\"noopener\">Actu Toulouse<\/a>. Il affirme avoir toujours \u00ab\u202frespect\u00e9 les lois de la R\u00e9publique\u202f\u00bb et s\u2019\u00e9tonne que l\u2019affaire \u00e9clate \u00ab\u202f\u00e0 quelques mois des Municipales\u202f\u00bb. \u00ab\u202fNul n\u2019est dupe, on voit bien \u00e0 qui tout cela peut profiter. La justice est saisie de ce dossier. Mon souhait, c\u2019est que l\u2019enqu\u00eate se fasse, qu\u2019elle avance et me permette de donner mon t\u00e9moignage\u202f\u00bb, assure\u2010t\u2010il.<\/p>\n<p>Les 3\u00a0T<br \/>\n\u2666\u00a0Les faits\u00a0:<\/p>\n<p>L\u2019enqu\u00eate sur ce th\u00e9\u00e2tre d\u2019humour embl\u00e9matique de la place toulousaine a d\u00e9marr\u00e9 lorsque nous avons pris connaissance, en octobre 2024, d\u2019une pol\u00e9mique lanc\u00e9e par le collectif f\u00e9ministe Nous toustes 31 au sujet d\u2019une affiche arborant une citation de G\u00e9rard Depardieu, quelques mois avant le proc\u00e8s du com\u00e9dien,\u00a0accus\u00e9 de violences sexuelles et sexistes.<\/p>\n<p>Nous avons alors interrog\u00e9 plus d\u2019une trentaine d\u2019anciens et actuels collaborateurs du <a href=\"https:\/\/www.mediacites.fr\/enquete\/toulouse\/2025\/03\/03\/theatre-la-recette-des-3t-pour-faire-rire-les-toulousains\/\" target=\"_blank\" rel=\"noopener\">caf\u00e9\u2010th\u00e9\u00e2tre \u00e0 la sant\u00e9 financi\u00e8re florissante<\/a>, pour documenter <a href=\"https:\/\/www.mediacites.fr\/enquete\/toulouse\/2025\/03\/10\/comediens-et-employes-denoncent-les-methodes-des-thenardier-des-3t\/\" target=\"_blank\" rel=\"noopener\">les m\u00e9thodes de management brutales<\/a> et <a href=\"https:\/\/www.mediacites.fr\/enquete\/toulouse\/2025\/04\/07\/metoo-theatre-des-comediens-denoncent-le-sexisme-et-le-phenomene-de-cour-aux-3t\/\" target=\"_blank\" rel=\"noopener\">l\u2019ambiance malsaine et sexiste<\/a>, qui r\u00e9gnaient dans cet \u00e9tablissement, \u00e0 diverses \u00e9poques. Ces t\u00e9moins nous ont d\u00e9crit des patrons \u00ab\u202ftyranniques\u202f\u00bb, se servant de la pr\u00e9carit\u00e9 du monde du spectacle pour payer au rabais et cong\u00e9dier sans pr\u00e9avis leurs collaborateurs, tout en usant de comportements probl\u00e9matiques \u00e0 l\u2019\u00e9gard des femmes et d\u2019une banalisation, en interne, du sexisme.<\/p>\n<blockquote class=\"wp-embedded-content\" data-secret=\"O2qc9inyTY\">\n<p><a href=\"https:\/\/www.mediacites.fr\/enquete\/toulouse\/2025\/03\/10\/comediens-et-employes-denoncent-les-methodes-des-thenardier-des-3t\/\" target=\"_blank\" rel=\"noopener\">Com\u00e9diens et employ\u00e9s d\u00e9noncent les m\u00e9thodes des \u00ab\u202fTh\u00e9nardier\u202f\u00bb des\u00a03T<\/a><\/p>\n<\/blockquote>\n<p>Interrog\u00e9s sur leurs m\u00e9thodes, le couple Pey et leur associ\u00e9 Laurent Alvarez, ont refus\u00e9 de nous r\u00e9pondre. Suite \u00e0 la publication des diff\u00e9rents volets de notre enqu\u00eate, <a href=\"https:\/\/www.mediacites.fr\/complement-denquete\/toulouse\/2025\/05\/19\/chasse-aux-sorcieres-et-mises-a-la-porte-au-theatre-des-3t-apres-notre-enquete\/\" target=\"_blank\" rel=\"noopener\">la chasse aux sorci\u00e8res, d\u00e9j\u00e0 pratiqu\u00e9e \u00e0 plusieurs reprises aux 3T, s\u2019est intensifi\u00e9e<\/a>. Plusieurs com\u00e9diens et com\u00e9diennes ont \u00e9t\u00e9 mis \u00e0 la\u00a0porte.<\/p>\n<p>\ud83d\udc4a Impact\u00a0:<\/p>\n<p>Notre enqu\u00eate a pouss\u00e9 plusieurs collaborateurs et collaboratrices \u00e0 <a href=\"https:\/\/www.mediacites.fr\/complement-denquete\/toulouse\/2025\/05\/19\/chasse-aux-sorcieres-et-mises-a-la-porte-au-theatre-des-3t-apres-notre-enquete\/\" target=\"_blank\" rel=\"noopener\">signaler les agissements des g\u00e9rants des 3T aux syndicats<\/a> SFA\u2010CGT et Sammip\u2010CGT. D\u2019autres ont trouv\u00e9 le courage de quitter l\u2019\u00e9tablissement, duquel ils se sentaient d\u00e9pendants financi\u00e8rement.<\/p>\n<p>M\u00eame si les dirigeants eux\u2010m\u00eames ont refus\u00e9 de se remettre en question (en tout cas en public), ils ont modifi\u00e9 certaines pratiques. Selon nos informations, ils auraient ainsi indemnis\u00e9 plusieurs com\u00e9diens et com\u00e9diennes, \u00e0 leur d\u00e9part, pour compenser les dates annul\u00e9es.<\/p>\n<p>Au\u2010del\u00e0 de ces impacts individuels, nos r\u00e9v\u00e9lations ont permis de lib\u00e9rer la parole dans un milieu o\u00f9 ces pratiques sont monnaie courante, ce qui a \u00e9t\u00e9 salu\u00e9 par d\u2019anciens employ\u00e9s du th\u00e9\u00e2tre ainsi que des collaborateurs et collaboratrices qui y travaillaient encore.<\/p>\n<p>Selon Julien David, secr\u00e9taire du bureau r\u00e9gional Midi\u2010Pyr\u00e9n\u00e9es du SFA\u2010CGT, \u00ab\u202fil y a beaucoup de vieux directeurs et metteurs en sc\u00e8ne \u00e0 la t\u00eate des lieux, une g\u00e9n\u00e9ration pour qui les questionnements f\u00e9ministes n\u2019\u00e9taient pas \u00e0 l\u2019ordre du jour. Mais la parole se lib\u00e8re car le mouvement social f\u00e9ministe prend de l\u2019ampleur\u202f\u00bb. Le syndicaliste d\u00e9non\u00e7ant un milieu, celui du th\u00e9\u00e2tre, o\u00f9 existe \u00ab\u202f une forme de \u00ab\u202fgourouisation\u202f\u00bb des artistes. Comme c\u2019est un milieu auquel il est difficile d\u2019acc\u00e9der, on accepte des conditions qu\u2019on n\u2019accepterait pas dans d\u2019autres milieux\u202f\u00bb, souligne le syndicaliste.<\/p>\n<p>Une \u00e9cole int\u00e9griste dans le\u00a0Gers<br \/>\n\u2666\u00a0Les faits\u00a0:<\/p>\n<p>Officiellement dissous, le mouvement d\u2019extr\u00eame droite Civitas bouge encore. Depuis 2017, une vingtaine d\u2019enfants \u00e9taient form\u00e9s \u00e0 la contre\u2010r\u00e9volution catholique et \u00e0 la s\u00e9cession dans l\u2019\u00e9cole Notre\u2010Dame Divine Berg\u00e8re. Situ\u00e9e \u00e0 Aurenque, un hameau rattach\u00e9 au village gersois de Castelnau d\u2019Arbieu, l\u2019\u00e9cole hors\u2010contrat \u00e9tait g\u00e9r\u00e9e par la \u00ab\u202fCommunaut\u00e9 des Capucins de Morgon de stricte observance\u202f\u00bb, qui revendique sa rupture avec les d\u00e9cadentes autorit\u00e9s vaticanes et cultive ses liens avec Civitas.\u00a0<\/p>\n<p>Gilles Debot, le directeur de l\u2019\u00e9cole, s\u2019est par exemple illustr\u00e9 lors d\u2019une r\u00e9union de Civitas, en 2021, o\u00f9 il \u00e9voquait le \u00ab\u202fprogramme des mondialistes avec la d\u00e9population et des zombies partout ( sic) \u00bb et stigmatisait \u00ab\u202fla d\u00e9shumanisation de l\u2019ensemble du syst\u00e8me mondialis\u00e9, car il est antichr\u00e9tien\u202f\u00bb.<\/p>\n<p>Des d\u00e9rives int\u00e9gristes que les autorit\u00e9s laissaient curieusement prosp\u00e9rer.\u00a0\u00c0 l\u2019issue de plusieurs contr\u00f4les, l\u2019Inspection acad\u00e9mique du Gers et le Rectorat de Toulouse avaient exig\u00e9 des \u00ab\u202fam\u00e9liorations\u202f\u00bb et affich\u00e9 leur \u00ab\u202fpr\u00e9occupation\u202f\u00bb face \u00e0 ce lieu d\u2019enseignement \u00ab\u202fpas comme les autres\u202f\u00bb, sans pour autant mettre la structure \u00e0 l\u2019amende.\u00a0<\/p>\n<p>\ud83d\udc4a Impact\u00a0:<\/p>\n<p>La publication coup sur coup de <a href=\"https:\/\/www.mediacites.fr\/enquete\/toulouse\/2025\/02\/24\/lombre-de-civitas-plane-sur-une-ecole-du-gers\/\" target=\"_blank\" rel=\"noopener\">notre enqu\u00eate<\/a>, le 24 f\u00e9vrier, apr\u00e8s un court article du <a href=\"https:\/\/www.lecanardenchaine.fr\/education\/49934-a-lecole-des-capucins-fachos\" target=\"_blank\" rel=\"noopener\">Canard Enchain\u00e9, fin janvier, <\/a>a secou\u00e9 le cocotier gersois. Une nouvelle inspection acad\u00e9mique a \u00e9t\u00e9 diligent\u00e9e, le 7 mars 2025, par le rectorat de Toulouse. Sur place, les inspecteurs d\u00e9p\u00each\u00e9s ont \u00e9t\u00e9 \u00ab\u202feffar\u00e9s\u202f\u00bb par \u00ab\u202fce qu\u2019ils ont d\u00e9couvert lors de leur contr\u00f4le\u202f\u00bb, selon nos sources.<\/p>\n<p>C\u2019est cependant sur des d\u00e9faillances de forme (non\u2010respect des normes de s\u00e9curit\u00e9, qualifications approximatives des intervenants p\u00e9dagogiques\u2026) et non leurs errements id\u00e9ologiques, que le pr\u00e9fet du Gers, Alain Castanier, a ordonn\u00e9 la fermeture administrative de l\u2019\u00e9tablissement, le 19 mars. Un repr\u00e9sentant du Rectorat rappelait n\u00e9anmoins \u00e0 Mediacit\u00e9s \u2013 non sans humour \u2013 que m\u00eame \u00ab\u202fAl Capone est tomb\u00e9 pour fraude fiscale, alors que l\u00e0 n\u2019\u00e9tait pas son crime le plus\u00a0grave\u202f\u00bb.<\/p>\n<p>Pr\u00e9vue initialement pour trois mois, la fermeture temporaire pouvait devenir p\u00e9renne et se traduire par une \u00ab\u202fnon\u2010r\u00e9ouverture de la structure\u202f\u00bb \u00e0 la rentr\u00e9e de septembre si les Fr\u00e8res d\u2019Aurenque restaient sourds aux sermons de l\u2019administration. R\u00e9sultat, il n\u2019y a pas eu de rentr\u00e9e des classes en septembre.<\/p>\n<p>Les promesses de Jean\u2010Luc Moudenc<br \/>\n<b>\u2666\u00a0Les faits\u00a0:<\/b><\/p>\n<p>En 2020, le programme municipal de Jean\u2010Luc Moudenc comptait quatorze th\u00e9matique allant de la s\u00e9curit\u00e9 \u00e0 la mobilit\u00e9 en passant par la culture, le sport, la jeunesse, le logement, la sant\u00e9, etc. Au total, <a href=\"https:\/\/www.mediacites.fr\/wp-content\/uploads\/radar\/programme2020-promesses-toulouse.pdf\" target=\"_blank\" rel=\"noopener\">300 promesses \u00e9lectorales<\/a> ont \u00e9t\u00e9 pr\u00e9sent\u00e9es aux \u00e9lecteurs et \u00e9lectrices. Le candidat de droite (il adh\u00e9rait alors au parti Les R\u00e9publicains) promettait par exemple de \u00ab\u202fmaintenir notre soutien aux institutions et aux associations culturelles (\u2026) avec une stabilit\u00e9 des subventions allou\u00e9es \u00e0 la culture\u202f\u00bb ou encore de mettre \u00ab\u202fen place des espaces d\u2019accueil o\u00f9 les Toulousains pourront acc\u00e9der \u00e0 plusieurs services publics au m\u00eame endroit\u202f\u00bb.<\/p>\n<p>Au cr\u00e9puscule de son mandat, le maire de Toulouse, qui en brigue un troisi\u00e8me en mars 2026, a\u2011t\u2010il tenu ou trahi ses engagements de campagne\u202f?<\/p>\n<p>\ud83d\udc4a <b>Impact\u00a0:<\/b><\/p>\n<p>Pour le savoir, Mediacit\u00e9s a commenc\u00e9 par scanner toutes les promesses du candidat sortant. <a href=\"https:\/\/www.mediacites.fr\/radar\/toulouse\/\" target=\"_blank\" rel=\"noopener\">Mises en ligne<\/a>, ces informations ne risquent pas de dispara\u00eetre comme cela a \u00e9t\u00e9 le cas sur le site de campagne Moudenc2020.fr.<\/p>\n<p>Ensuite, nous avons suivi ann\u00e9e apr\u00e8s ann\u00e9e la r\u00e9alisation de ces promesses. Ce travail fastidieux qu\u2019aucun autre m\u00e9dia n\u2019a r\u00e9alis\u00e9 dans cette ampleur, n\u2019est pas encore termin\u00e9. A ce jour, nous avons \u00e9valu\u00e9 une centaine de promesses et publi\u00e9 trois bilans de l\u2019action municipale.<\/p>\n<p>Mutuelle sant\u00e9 communale, h\u00e9bergements temporaires pour personnes \u00e2g\u00e9es d\u00e9pendantes, service d\u2019Ehpad hors les murs, sur la sant\u00e9 le programme comptait <a href=\"https:\/\/www.mediacites.fr\/decryptage\/toulouse\/2025\/04\/07\/sante-les-promesses-tenues-de-jean-luc-moudenc-et-les-autres\/\" target=\"_blank\" rel=\"noopener\">seulement huit mesures<\/a>. Notre analyse montre que trois ont \u00e9t\u00e9 tenues, trois autres le sont partiellement \u00e0 ce jour et deux autres ont \u00e9t\u00e9 abandonn\u00e9es.<\/p>\n<blockquote class=\"wp-embedded-content\" data-secret=\"0EGmlFyCso\">\n<p><a href=\"https:\/\/www.mediacites.fr\/decryptage\/toulouse\/2025\/04\/07\/sante-les-promesses-tenues-de-jean-luc-moudenc-et-les-autres\/\" target=\"_blank\" rel=\"noopener\">Sant\u00e9\u00a0: les promesses tenues de Jean\u2010Luc Moudenc\u2026 et les autres<\/a><\/p>\n<\/blockquote>\n<p>Plus de cam\u00e9ras, plus de policiers, plus de patrouilles\u2026 sur la <a href=\"https:\/\/www.mediacites.fr\/radar\/toulouse\/2025\/05\/12\/promesses-securite-le-bilan-mitige-de-jean-luc-moudenc\/\" target=\"_blank\" rel=\"noopener\">s\u00e9curit\u00e9<\/a>, th\u00e8me cher au maire sortant, 17 promesses devaient \u00eatre mises en \u0153uvre durant le mandat actuel. A l\u2019heure des comptes, le bilan est contrast\u00e9\u00a0: sept ont \u00e9t\u00e9 tenues\u202f; quatre le sont partiellement\u202f; deux ont \u00e9t\u00e9 abandonn\u00e9es\u202f; trois ne sont pas tenues\u202f; une reste inv\u00e9rifiable.<\/p>\n<blockquote class=\"wp-embedded-content\" data-secret=\"mbZOJZ0Vs4\">\n<p><a href=\"https:\/\/www.mediacites.fr\/radar\/toulouse\/2025\/05\/12\/promesses-securite-le-bilan-mitige-de-jean-luc-moudenc\/\" target=\"_blank\" rel=\"noopener\">Promesses de campagne\u00a0: le bilan mitig\u00e9 de Jean\u2010Luc Moudenc sur la s\u00e9curit\u00e9<\/a><\/p>\n<\/blockquote>\n<p>Construction de la ligne C de m\u00e9tro, RER toulousain, R\u00e9seau v\u00e9lo express\u2026 En 2020, Jean\u2010Luc Moudenc avait \u00e9galement beaucoup promis <a href=\"https:\/\/www.mediacites.fr\/transport\/toulouse\/2025\/06\/09\/mobilites-les-promesses-ambitieuses-de-jean-luc-moudenc-rattrapees-par-la-realite\/\" target=\"_blank\" rel=\"noopener\">en mati\u00e8re de mobilit\u00e9s<\/a>. Sur les quarante\u2010trois promesses de campagne sur cette th\u00e9matique, seize ont \u00e9t\u00e9 r\u00e9alis\u00e9es et sept le sont partiellement. Dix\u2010sept mesures promises n\u2019ont pas \u00e9t\u00e9 tenues, deux sont inv\u00e9rifiables et une est en\u00a0pause.<\/p>\n<p>Mais en p\u00e9riode de campagne, mesurer l\u2019efficacit\u00e9 en termes de r\u00e9alisation sur le mandat ne rime pas toujours avec humilit\u00e9.<\/p>\n<blockquote class=\"wp-embedded-content\" data-secret=\"6dQCI3iw61\">\n<p><a href=\"https:\/\/www.mediacites.fr\/transport\/toulouse\/2025\/06\/09\/mobilites-les-promesses-ambitieuses-de-jean-luc-moudenc-rattrapees-par-la-realite\/\" target=\"_blank\" rel=\"noopener\">Mobilit\u00e9s\u00a0: les promesses ambitieuses de Jean\u2010Luc Moudenc rattrap\u00e9es par la r\u00e9alit\u00e9\u00a0<\/a><\/p>\n<\/blockquote>\n","protected":false},"excerpt":{"rendered":"R\u00e9v\u00e9ler des faits d\u2019int\u00e9r\u00eat public \u00e0 Toulouse et dans ses alentours. Voil\u00e0 depuis maintenant huit ans la promesse&hellip;\n","protected":false},"author":2,"featured_media":541256,"comment_status":"","ping_status":"","sticky":false,"template":"","format":"standard","meta":{"footnotes":""},"categories":[2816],"tags":[1111,11,1777,674,1011,27,48825,12,2680,65944,25,2312],"class_list":{"0":"post-541255","1":"post","2":"type-post","3":"status-publish","4":"format-standard","5":"has-post-thumbnail","7":"category-toulouse","8":"tag-actu","9":"tag-actualites","10":"tag-eu","11":"tag-europe","12":"tag-fr","13":"tag-france","14":"tag-mediacites","15":"tag-news","16":"tag-occitanie","17":"tag-rapport-dimpact","18":"tag-republique-francaise","19":"tag-toulouse"},"share_on_mastodon":{"url":"https:\/\/pubeurope.com\/@fr\/115567578678955606","error":""},"_links":{"self":[{"href":"https:\/\/www.europesays.com\/fr\/wp-json\/wp\/v2\/posts\/541255","targetHints":{"allow":["GET"]}}],"collection":[{"href":"https:\/\/www.europesays.com\/fr\/wp-json\/wp\/v2\/posts"}],"about":[{"href":"https:\/\/www.europesays.com\/fr\/wp-json\/wp\/v2\/types\/post"}],"author":[{"embeddable":true,"href":"https:\/\/www.europesays.com\/fr\/wp-json\/wp\/v2\/users\/2"}],"replies":[{"embeddable":true,"href":"https:\/\/www.europesays.com\/fr\/wp-json\/wp\/v2\/comments?post=541255"}],"version-history":[{"count":0,"href":"https:\/\/www.europesays.com\/fr\/wp-json\/wp\/v2\/posts\/541255\/revisions"}],"wp:featuredmedia":[{"embeddable":true,"href":"https:\/\/www.europesays.com\/fr\/wp-json\/wp\/v2\/media\/541256"}],"wp:attachment":[{"href":"https:\/\/www.europesays.com\/fr\/wp-json\/wp\/v2\/media?parent=541255"}],"wp:term":[{"taxonomy":"category","embeddable":true,"href":"https:\/\/www.europesays.com\/fr\/wp-json\/wp\/v2\/categories?post=541255"},{"taxonomy":"post_tag","embeddable":true,"href":"https:\/\/www.europesays.com\/fr\/wp-json\/wp\/v2\/tags?post=541255"}],"curies":[{"name":"wp","href":"https:\/\/api.w.org\/{rel}","templated":true}]}}