{"id":541260,"date":"2025-11-17T23:16:14","date_gmt":"2025-11-17T23:16:14","guid":{"rendered":"https:\/\/www.europesays.com\/fr\/541260\/"},"modified":"2025-11-17T23:16:14","modified_gmt":"2025-11-17T23:16:14","slug":"les-enfants-marseillais-embarquent-sur-le-voilier-du-wwf-pour-decouvrir-la-mediterranee","status":"publish","type":"post","link":"https:\/\/www.europesays.com\/fr\/541260\/","title":{"rendered":"Les enfants marseillais embarquent sur le voilier du WWF pour d\u00e9couvrir la M\u00e9diterran\u00e9e"},"content":{"rendered":"<p>Le <a href=\"https:\/\/www.laprovence.com\/article\/region\/6441491995690814\/meteo-que-sait-on-sur-la-vague-de-froid-qui-va-toucher-la-provence-des-ce-mardi\" target=\"_blank\" rel=\"noopener\">temps est gris<\/a> ce jeudi 6 novembre sur le Vieux-Port, en contraste avec les jours ensoleill\u00e9s qu&rsquo;a connus <a href=\"https:\/\/www.laprovence.com\/bouches-du-rhone\/marseille-13055\" target=\"_blank\" rel=\"noopener\">Marseille<\/a> en d\u00e9but de semaine. Les enfants de l&rsquo;\u00e9cole des Accoules (2e), emmitoufl\u00e9s dans leurs doudounes et coupe-vents, montent sur le Blue Panda sans s&rsquo;en soucier. Invit\u00e9s par le <a href=\"https:\/\/www.laprovence.com\/article\/ecoplanete\/1999268602947915\/73-d-animaux-sauvages-en-moins-en-50-ans-alerte-le-fonds-mondial-pour-la-nature-wwf\" target=\"_blank\" rel=\"noopener\">WWF<\/a> pour une matin\u00e9e consacr\u00e9e \u00e0 la biodiversit\u00e9 marine, ils passent d&rsquo;un atelier \u00e0 l&rsquo;autre dans le bruit et les rires, enthousiasm\u00e9s par l&rsquo;excursion.<\/p>\n<p>\u00ab\u00a0C&rsquo;est un enjeu essentiel de travailler avec les plus jeunes, \u00e0 un moment o\u00f9 on arrive encore \u00e0 \u00e9veiller leur int\u00e9r\u00eat sur ces sujets-l\u00e0\u00a0\u00bb, souligne Marjolaine Girard, responsable du programme \u00c9ducation \u00e0 la nature et \u00e0 l&rsquo;environnement au WWF. Depuis plus de six ans, la fondation multiplie les actions de sensibilisation aupr\u00e8s du jeune public.<\/p>\n<p>\u00ab\u00a0Il faut vraiment prot\u00e9ger la nature et la mer, pour les animaux\u00a0\u00bb<\/p>\n<p>Le programme Gardiens de la M\u00e9diterran\u00e9e, qui inclut la visite du Blue Panda, mise sur l&rsquo;\u00e9merveillement pour faire comprendre la <a href=\"https:\/\/www.laprovence.com\/article\/edition-marseille\/6478472\/recenser-les-ecosystemes-marins-pour-les-proteger.html\" target=\"_blank\" rel=\"noopener\">fragilit\u00e9 des \u00e9cosyst\u00e8mes marins<\/a>. Sur le pont sup\u00e9rieur, un petit groupe d&rsquo;\u00e9coliers tente de deviner, dans un joyeux tumulte, \u00e0 quel animal marin fait r\u00e9f\u00e9rence l&rsquo;animatrice de l&rsquo;atelier. Au fil des activit\u00e9s, ils d\u00e9couvre&#8230;<\/p>\n","protected":false},"excerpt":{"rendered":"Le temps est gris ce jeudi 6 novembre sur le Vieux-Port, en contraste avec les jours ensoleill\u00e9s qu&rsquo;a&hellip;\n","protected":false},"author":2,"featured_media":541261,"comment_status":"","ping_status":"","sticky":false,"template":"","format":"standard","meta":{"footnotes":""},"categories":[2814],"tags":[17,1111,11,8395,1719,1777,674,1011,27,151,761,884,12,882,16,25,3356,17250,48943],"class_list":{"0":"post-541260","1":"post","2":"type-post","3":"status-publish","4":"format-standard","5":"has-post-thumbnail","7":"category-marseille","8":"tag-17","9":"tag-actu","10":"tag-actualites","11":"tag-embarquent","12":"tag-enfants","13":"tag-eu","14":"tag-europe","15":"tag-fr","16":"tag-france","17":"tag-les","18":"tag-marseillais","19":"tag-marseille","20":"tag-news","21":"tag-provence-alpes-cote-dazur","22":"tag-region","23":"tag-republique-francaise","24":"tag-sur","25":"tag-voilier","26":"tag-wwf"},"share_on_mastodon":{"url":"https:\/\/pubeurope.com\/@fr\/115567590565043876","error":""},"_links":{"self":[{"href":"https:\/\/www.europesays.com\/fr\/wp-json\/wp\/v2\/posts\/541260","targetHints":{"allow":["GET"]}}],"collection":[{"href":"https:\/\/www.europesays.com\/fr\/wp-json\/wp\/v2\/posts"}],"about":[{"href":"https:\/\/www.europesays.com\/fr\/wp-json\/wp\/v2\/types\/post"}],"author":[{"embeddable":true,"href":"https:\/\/www.europesays.com\/fr\/wp-json\/wp\/v2\/users\/2"}],"replies":[{"embeddable":true,"href":"https:\/\/www.europesays.com\/fr\/wp-json\/wp\/v2\/comments?post=541260"}],"version-history":[{"count":0,"href":"https:\/\/www.europesays.com\/fr\/wp-json\/wp\/v2\/posts\/541260\/revisions"}],"wp:featuredmedia":[{"embeddable":true,"href":"https:\/\/www.europesays.com\/fr\/wp-json\/wp\/v2\/media\/541261"}],"wp:attachment":[{"href":"https:\/\/www.europesays.com\/fr\/wp-json\/wp\/v2\/media?parent=541260"}],"wp:term":[{"taxonomy":"category","embeddable":true,"href":"https:\/\/www.europesays.com\/fr\/wp-json\/wp\/v2\/categories?post=541260"},{"taxonomy":"post_tag","embeddable":true,"href":"https:\/\/www.europesays.com\/fr\/wp-json\/wp\/v2\/tags?post=541260"}],"curies":[{"name":"wp","href":"https:\/\/api.w.org\/{rel}","templated":true}]}}