{"id":541264,"date":"2025-11-17T23:18:23","date_gmt":"2025-11-17T23:18:23","guid":{"rendered":"https:\/\/www.europesays.com\/fr\/541264\/"},"modified":"2025-11-17T23:18:23","modified_gmt":"2025-11-17T23:18:23","slug":"lyon-rhone-pour-voisin-la-torrefaction-de-cafe-passe-aussi-par-la-route-des-aromes","status":"publish","type":"post","link":"https:\/\/www.europesays.com\/fr\/541264\/","title":{"rendered":"Lyon. Rh\u00f4ne. Pour Voisin, la torr\u00e9faction de caf\u00e9 passe aussi par la Route des ar\u00f4mes"},"content":{"rendered":"<p>\u00ab\u00a0Voici le caf\u00e9 Kintamani, une des plantations les plus qualitatives de Bali\u00a0\u00bb, pr\u00e9cise Franck Boucaud Maitre en nous invitant \u00e0 d\u00e9guster cet or noir. \u00ab\u00a050\u00a0% d\u2019un bon caf\u00e9 provient de sa qualit\u00e9\u00a0: la mani\u00e8re dont il est cultiv\u00e9, r\u00e9colt\u00e9, ferment\u00e9, s\u00e9ch\u00e9, tri\u00e9, calibr\u00e9, tout ce qui fait qu\u2019on a une belle mati\u00e8re premi\u00e8re\u00a0\u00bb, explique le chef d\u2019entreprise avant de partir sur le Blue Mountain de Jama\u00efque, \u00ab\u00a0le plus grand caf\u00e9 du monde\u00a0: il a une teinte vert bleu quand il est cueilli. On ne re\u00e7oit que 4 \u00e0 5 tonneaux de 15\u00a0kg par an, on le vend 16\u00a0\u20ac les 100\u00a0g\u00a0\u00bb &#8211; puis de raconter Los Olivales, un caf\u00e9 en Colombie, dans la r\u00e9gion de Santander, \u00ab\u00a0issu d\u2019une toute petite plantation dans le village de San Gil, dont on ach\u00e8te toute la production&#8230;<\/p>\n","protected":false},"excerpt":{"rendered":"\u00ab\u00a0Voici le caf\u00e9 Kintamani, une des plantations les plus qualitatives de Bali\u00a0\u00bb, pr\u00e9cise Franck Boucaud Maitre en nous&hellip;\n","protected":false},"author":2,"featured_media":540798,"comment_status":"","ping_status":"","sticky":false,"template":"","format":"standard","meta":{"footnotes":""},"categories":[1889],"tags":[1111,11,1477,2430,4406,33,1777,674,107,1011,27,5015,2428,12,25,216],"class_list":{"0":"post-541264","1":"post","2":"type-post","3":"status-publish","4":"format-standard","5":"has-post-thumbnail","7":"category-lyon","8":"tag-actu","9":"tag-actualites","10":"tag-artisanat","11":"tag-auvergne-rhone-alpes","12":"tag-commerce-et-services","13":"tag-economie","14":"tag-eu","15":"tag-europe","16":"tag-fil-info","17":"tag-fr","18":"tag-france","19":"tag-innovation-et-start-up","20":"tag-lyon","21":"tag-news","22":"tag-republique-francaise","23":"tag-vie-des-entreprises"},"share_on_mastodon":{"url":"https:\/\/pubeurope.com\/@fr\/115567598334571095","error":""},"_links":{"self":[{"href":"https:\/\/www.europesays.com\/fr\/wp-json\/wp\/v2\/posts\/541264","targetHints":{"allow":["GET"]}}],"collection":[{"href":"https:\/\/www.europesays.com\/fr\/wp-json\/wp\/v2\/posts"}],"about":[{"href":"https:\/\/www.europesays.com\/fr\/wp-json\/wp\/v2\/types\/post"}],"author":[{"embeddable":true,"href":"https:\/\/www.europesays.com\/fr\/wp-json\/wp\/v2\/users\/2"}],"replies":[{"embeddable":true,"href":"https:\/\/www.europesays.com\/fr\/wp-json\/wp\/v2\/comments?post=541264"}],"version-history":[{"count":0,"href":"https:\/\/www.europesays.com\/fr\/wp-json\/wp\/v2\/posts\/541264\/revisions"}],"wp:featuredmedia":[{"embeddable":true,"href":"https:\/\/www.europesays.com\/fr\/wp-json\/wp\/v2\/media\/540798"}],"wp:attachment":[{"href":"https:\/\/www.europesays.com\/fr\/wp-json\/wp\/v2\/media?parent=541264"}],"wp:term":[{"taxonomy":"category","embeddable":true,"href":"https:\/\/www.europesays.com\/fr\/wp-json\/wp\/v2\/categories?post=541264"},{"taxonomy":"post_tag","embeddable":true,"href":"https:\/\/www.europesays.com\/fr\/wp-json\/wp\/v2\/tags?post=541264"}],"curies":[{"name":"wp","href":"https:\/\/api.w.org\/{rel}","templated":true}]}}