{"id":541267,"date":"2025-11-17T23:21:15","date_gmt":"2025-11-17T23:21:15","guid":{"rendered":"https:\/\/www.europesays.com\/fr\/541267\/"},"modified":"2025-11-17T23:21:15","modified_gmt":"2025-11-17T23:21:15","slug":"chaussee-glissante-accidents-la-circulation-saturee-sur-les-routes-de-paris-et-dile-de-france","status":"publish","type":"post","link":"https:\/\/www.europesays.com\/fr\/541267\/","title":{"rendered":"Chauss\u00e9e glissante, accidents&#8230; La circulation satur\u00e9e sur les routes de Paris et d&rsquo;\u00cele-de-France"},"content":{"rendered":"<p>                    Par<br \/>\n        <strong><br \/>\n            <a href=\"https:\/\/actu.fr\/auteur\/julie-bossart-actu-fr\" title=\"Consulter tous les articles de Julie Bossart\" target=\"_blank\" rel=\"noopener\">Julie Bossart<\/a><br \/>\n                    <\/strong><\/p>\n<p>        Publi\u00e9 le<\/p>\n<p>            17 nov. 2025 \u00e0 18h43        <\/p>\n<p>La journ\u00e9e de ce lundi 17\u00a0novembre 2025 se conclut <a href=\"https:\/\/actu.fr\/ile-de-france\/paris_75056\/circulation-congestionnee-sur-les-routes-de-paris-et-d-ile-de-france-les-bouchons-au-dessus-de-la-moyenne_63445565.html\" target=\"_blank\" rel=\"noopener\">comme elle a commenc\u00e9<\/a> pour les usagers de la route\u2009: dans le rouge. La <a href=\"https:\/\/actu.fr\/tag\/circulation\" target=\"_blank\" rel=\"noopener\">circulation<\/a> est en effet satur\u00e9e \u00e0 <a href=\"https:\/\/actu.fr\/paris\/dernieres-actus\" target=\"_blank\" rel=\"noopener\">Paris<\/a> et en \u00cele-de-France, avec plus de 372 kms de bouchon cumul\u00e9 depuis 18\u00a0heures, d\u2019apr\u00e8s <a href=\"https:\/\/www.sytadin.fr\/\" target=\"_blank\" rel=\"noopener\">Sytadin<\/a>. La situation est plut\u00f4t critique au nord-ouest de la capitale.<\/p>\n<p>Des complications \u00e0 l\u2019ouest de Paris<\/p>\n<p class=\" wall-content\">Difficile de savoir exactement les raisons pour lesquelles la circulation est congestionn\u00e9e, mais le site d\u2019information routi\u00e8re recense plusieurs incidents. Dans les Hauts-de-Seine, sur <a href=\"https:\/\/actu.fr\/tag\/autoroute-86-a86\" target=\"_blank\" rel=\"noopener\">l\u2019A86<\/a>, int\u00e9rieure et ext\u00e9rieure, la chauss\u00e9e est signal\u00e9e comme glissante. Un <a href=\"https:\/\/actu.fr\/tag\/accident\" target=\"_blank\" rel=\"noopener\">accident<\/a> corporel, impliquant une moto et une voiture, s\u2019est produit dans le sens Gennevilliers-Bois-Colombes. Du c\u00f4t\u00e9 de Nanterre, des travaux sur la N13 dans le sens province Paris occasionnent eux aussi la fermeture de voies.<\/p>\n<p class=\" wall-content\">M\u00eame topo au nord, o\u00f9 une panne est en cours dans le sens La Courneuve vers Aubervilliers. Au sud, c\u2019est un bus qui est \u00e0 l\u2019arr\u00eat, sur l\u2019A86, dans le sens Fresnes-Antony.<\/p>\n<p class=\" wall-content\">La prudence est de mise. Les <a href=\"https:\/\/actu.fr\/ile-de-france\/paris_75056\/meteo-chute-brutale-des-temperatures-a-paris-et-en-ile-de-france-les-premiers-flocons-de-neige-annonces_63445171.html\" target=\"_blank\" rel=\"noopener\">conditions m\u00e9t\u00e9o<\/a> n\u2019ont pas \u00e9t\u00e9 tr\u00e8s favorables aujourd\u2019hui, avec une chute des temp\u00e9ratures, mais aussi des pluies en journ\u00e9e sur la r\u00e9gion.<\/p>\n<p class=\" wall-content\">Personnalisez votre actualit\u00e9 en ajoutant vos villes et m\u00e9dias en favori avec <a href=\"https:\/\/moncompte.actu.fr\" title=\"D\u00e9couvez Mon Actu\" rel=\"nofollow noopener\" data-trk=\"{&quot;cta&quot;:{&quot;action&quot;:&quot;https:\\\/\\\/moncompte.actu.fr&quot;,&quot;category&quot;:&quot;mon compte&quot;,&quot;from&quot;:&quot;article footer&quot;,&quot;name&quot;:&quot;Mon actu&quot;,&quot;type&quot;:&quot;cta&quot;}}\" target=\"_blank\">Mon Actu<\/a>.<\/p>\n","protected":false},"excerpt":{"rendered":"Par Julie Bossart Publi\u00e9 le 17 nov. 2025 \u00e0 18h43 La journ\u00e9e de ce lundi 17\u00a0novembre 2025 se&hellip;\n","protected":false},"author":2,"featured_media":541268,"comment_status":"","ping_status":"","sticky":false,"template":"","format":"standard","meta":{"footnotes":""},"categories":[1592],"tags":[119,1111,11,3542,1777,674,1011,27,662,803,12,626,25,104],"class_list":{"0":"post-541267","1":"post","2":"type-post","3":"status-publish","4":"format-standard","5":"has-post-thumbnail","7":"category-ile-de-france","8":"tag-accident","9":"tag-actu","10":"tag-actualites","11":"tag-circulation","12":"tag-eu","13":"tag-europe","14":"tag-fr","15":"tag-france","16":"tag-ile-de-france","17":"tag-info-trafic","18":"tag-news","19":"tag-paris","20":"tag-republique-francaise","21":"tag-societe"},"share_on_mastodon":{"url":"https:\/\/pubeurope.com\/@fr\/115567610054780945","error":""},"_links":{"self":[{"href":"https:\/\/www.europesays.com\/fr\/wp-json\/wp\/v2\/posts\/541267","targetHints":{"allow":["GET"]}}],"collection":[{"href":"https:\/\/www.europesays.com\/fr\/wp-json\/wp\/v2\/posts"}],"about":[{"href":"https:\/\/www.europesays.com\/fr\/wp-json\/wp\/v2\/types\/post"}],"author":[{"embeddable":true,"href":"https:\/\/www.europesays.com\/fr\/wp-json\/wp\/v2\/users\/2"}],"replies":[{"embeddable":true,"href":"https:\/\/www.europesays.com\/fr\/wp-json\/wp\/v2\/comments?post=541267"}],"version-history":[{"count":0,"href":"https:\/\/www.europesays.com\/fr\/wp-json\/wp\/v2\/posts\/541267\/revisions"}],"wp:featuredmedia":[{"embeddable":true,"href":"https:\/\/www.europesays.com\/fr\/wp-json\/wp\/v2\/media\/541268"}],"wp:attachment":[{"href":"https:\/\/www.europesays.com\/fr\/wp-json\/wp\/v2\/media?parent=541267"}],"wp:term":[{"taxonomy":"category","embeddable":true,"href":"https:\/\/www.europesays.com\/fr\/wp-json\/wp\/v2\/categories?post=541267"},{"taxonomy":"post_tag","embeddable":true,"href":"https:\/\/www.europesays.com\/fr\/wp-json\/wp\/v2\/tags?post=541267"}],"curies":[{"name":"wp","href":"https:\/\/api.w.org\/{rel}","templated":true}]}}