{"id":541269,"date":"2025-11-17T23:22:13","date_gmt":"2025-11-17T23:22:13","guid":{"rendered":"https:\/\/www.europesays.com\/fr\/541269\/"},"modified":"2025-11-17T23:22:13","modified_gmt":"2025-11-17T23:22:13","slug":"elle-sest-servie-de-moi-dans-lamour-est-dans-le-pre-pierrick-sest-fait-totalement-manipuler-par-livie","status":"publish","type":"post","link":"https:\/\/www.europesays.com\/fr\/541269\/","title":{"rendered":"\u00ab\u00a0Elle s\u2019est servie de moi\u00a0\u00bb\u00a0: dans \u00ab\u00a0l\u2019Amour est dans le pr\u00e9\u00a0\u00bb, Pierrick s\u2019est fait totalement manipuler par Livie"},"content":{"rendered":"<p class=\"paragraph text_align_left lp-f-body-02\">C\u2019est l\u2019heure du bilan pour <a href=\"https:\/\/www.leparisien.fr\/culture-loisirs\/tv\/l-amour-est-dans-le-pre\/\" target=\"_blank\" rel=\"noreferrer nofollow noopener\">\u00ab l\u2019Amour est dans le pr\u00e9 \u00bb<\/a>. Une tradition pour les fid\u00e8les du programme toujours impatients de savoir ce que sont devenus les candidats suivis pendant des semaines. Et pour cette 20e saison, la r\u00e9colte s\u2019annonce plut\u00f4t bonne. Un certain nombre de candidats repartent en couple et filent m\u00eame le parfait amour. Dans cette premi\u00e8re partie de bilan, d\u00e9j\u00e0 disponible sur MyCanal et M 6 +, on retrouve notamment Jean-Louis \u00e9leveur du Tarn aux anges avec Sophie depuis des mois. Ils ne sont pas encore tout \u00e0 fait install\u00e9s ensemble mais passent beaucoup de temps chez l\u2019un ou l\u2019autre. \u00ab C\u2019est inesp\u00e9r\u00e9, il est g\u00e9nial \u00bb, dit l\u2019heureuse \u00e9lue qui arbore le sweat-shirt \u00e0 la gloire du village de son ch\u00e9ri et a donc totalement adopt\u00e9 sa r\u00e9gion. Ils s\u2019amusent, savourent leur bonheur et m\u00eame les tracas du quotidien. \u00ab Est-ce qu\u2019il p\u00e8te au lit \u00bb, demande direct Karine Le Marchand. \u00ab Il a des habitudes de vieux gar\u00e7on \u00bb, r\u00e9pond beaucoup plus poliment Sophie.<\/p>\n<p class=\"paragraph text_align_left lp-f-body-02\">M\u00eame idylle pour Laurent et Laurence qui ont v\u00e9cu leur voyage en Corse pour les besoins de l\u2019\u00e9mission comme \u00ab une lune de miel \u00bb. Et \u00e7a continue pour l\u2019agriculteur qui a perdu sa femme il y a deux ans et peut d\u00e9sormais envisager une nouvelle vie en couple. M\u00eame pl\u00e9nitude pour Romy et Denis, ce \u00ab beau mec au regard charmeur \u00bb, qui doit maintenant se lancer dans des travaux pour imaginer une vraie vie \u00e0 deux chez lui.<\/p>\n<p>\u00ab Tu dors dans le canap\u00e9 \u00bb<\/p>\n<p class=\"paragraph text_align_left lp-f-body-02\">Du c\u00f4t\u00e9 de Pierrick, en revanche, \u00e7a a \u00e9t\u00e9 la douche froide alors qu\u2019il pensait que la temp\u00e9rature allait monter tr\u00e8s vite avec Livie. La Suissesse lui avait sorti le grand jeu d\u00e8s le speed dating, malicieuse, tactile, prenant les mains de son futur partenaire, caressant ses joues. \u00c0 la ferme, elle avait \u00e9cart\u00e9 sa concurrente Val\u00e9rie. Une fois en t\u00eate \u00e0 t\u00eate avec elle, Pierrick s\u2019appr\u00eatait donc \u00e0 vivre des moments torrides. \u00ab \u00c0 la maison, on dormait dans le m\u00eame plumard, pas habill\u00e9. On a fait un peu plus que s\u2019embrasser mais on n\u2019a pas couch\u00e9. Je ne sais pas comment vous expliquer\u2026 Elle me disait : il faut du temps, des sentiments. Pas de probl\u00e8me on n\u2019est pas mort de faim \u00bb, commence \u00e0 raconter Pierrick dont l\u2019histoire se poursuit chez Livie. \u00ab L\u00e0, c\u2019est roulage de pelle, des bisous\u2026 Et le soir, une fois les cam\u00e9ras parties, elle me dit : tu dors dans le canap\u00e9. Je lui ai r\u00e9pondu : tu te fous ma gueule ? \u00bb<\/p>\n<p class=\"paragraph text_align_left lp-f-body-02\">Et effectivement, Pierrick, selon lui, s\u2019est fait compl\u00e8tement duper par celle qu\u2019il avait choisie. \u00ab En fait, elle avait envie de renouer avec le copain qu\u2019elle avait eu avant l\u2019\u00e9mission et elle s\u2019est servie de moi pour qu\u2019il revienne \u00bb, conclut-il, encore stup\u00e9fait par la situation qu\u2019il a \u00e9videmment tr\u00e8s mal v\u00e9cue. \u00ab Tu ne peux pas imaginer quelqu\u2019un te faire \u00e7a, je suis tomb\u00e9 de haut, on a \u00e9t\u00e9 roul\u00e9 dans la farine \u00bb, dit-il \u00e0 Karine le Marchand qui acquiesce. \u00ab On a film\u00e9 votre week-end chez elle, mais on n\u2019a pas diffus\u00e9 les images car c\u2019\u00e9tait incompr\u00e9hensible comme situation \u00bb, confirme l\u2019animatrice. Heureusement, apr\u00e8s quelques mois de d\u00e9prime, Pierrick a retrouv\u00e9 l\u2019amour gr\u00e2ce \u00e0 l\u2019\u00e9mission et un courrier arriv\u00e9 plus tard d\u2019Annick, une retrait\u00e9e avec qui tout semble le plus normal du monde.<\/p>\n","protected":false},"excerpt":{"rendered":"C\u2019est l\u2019heure du bilan pour \u00ab l\u2019Amour est dans le pr\u00e9 \u00bb. Une tradition pour les fid\u00e8les du&hellip;\n","protected":false},"author":2,"featured_media":541270,"comment_status":"","ping_status":"","sticky":false,"template":"","format":"standard","meta":{"footnotes":""},"categories":[1888],"tags":[1111,1928,11,1927,872,1777,674,1011,27,12,1926,626,1925,25,2205],"class_list":{"0":"post-541269","1":"post","2":"type-post","3":"status-publish","4":"format-standard","5":"has-post-thumbnail","7":"category-paris","8":"tag-actu","9":"tag-actu-paris","10":"tag-actualites","11":"tag-actualites-paris","12":"tag-culture-et-loisirs","13":"tag-eu","14":"tag-europe","15":"tag-fr","16":"tag-france","17":"tag-news","18":"tag-news-paris","19":"tag-paris","20":"tag-paris-news","21":"tag-republique-francaise","22":"tag-television-medias"},"share_on_mastodon":{"url":"https:\/\/pubeurope.com\/@fr\/115567614242982128","error":""},"_links":{"self":[{"href":"https:\/\/www.europesays.com\/fr\/wp-json\/wp\/v2\/posts\/541269","targetHints":{"allow":["GET"]}}],"collection":[{"href":"https:\/\/www.europesays.com\/fr\/wp-json\/wp\/v2\/posts"}],"about":[{"href":"https:\/\/www.europesays.com\/fr\/wp-json\/wp\/v2\/types\/post"}],"author":[{"embeddable":true,"href":"https:\/\/www.europesays.com\/fr\/wp-json\/wp\/v2\/users\/2"}],"replies":[{"embeddable":true,"href":"https:\/\/www.europesays.com\/fr\/wp-json\/wp\/v2\/comments?post=541269"}],"version-history":[{"count":0,"href":"https:\/\/www.europesays.com\/fr\/wp-json\/wp\/v2\/posts\/541269\/revisions"}],"wp:featuredmedia":[{"embeddable":true,"href":"https:\/\/www.europesays.com\/fr\/wp-json\/wp\/v2\/media\/541270"}],"wp:attachment":[{"href":"https:\/\/www.europesays.com\/fr\/wp-json\/wp\/v2\/media?parent=541269"}],"wp:term":[{"taxonomy":"category","embeddable":true,"href":"https:\/\/www.europesays.com\/fr\/wp-json\/wp\/v2\/categories?post=541269"},{"taxonomy":"post_tag","embeddable":true,"href":"https:\/\/www.europesays.com\/fr\/wp-json\/wp\/v2\/tags?post=541269"}],"curies":[{"name":"wp","href":"https:\/\/api.w.org\/{rel}","templated":true}]}}