{"id":541275,"date":"2025-11-17T23:25:12","date_gmt":"2025-11-17T23:25:12","guid":{"rendered":"https:\/\/www.europesays.com\/fr\/541275\/"},"modified":"2025-11-17T23:25:12","modified_gmt":"2025-11-17T23:25:12","slug":"le-directeur-general-de-kering-luca-de-meo-vise-par-une-tentative-de-home-jacking","status":"publish","type":"post","link":"https:\/\/www.europesays.com\/fr\/541275\/","title":{"rendered":"le directeur g\u00e9n\u00e9ral de Kering, Luca de Meo, vis\u00e9 par une tentative de home-jacking"},"content":{"rendered":"<p>\n    Deux individus ont \u00e9t\u00e9 interpell\u00e9s pr\u00e8s de l\u2019immeuble de l\u2019ancien patron de Renault, alors qu\u2019ils s\u2019appr\u00eataient \u00e0 passer \u00e0 l\u2019acte.<\/p>\n<p class=\"fig-paragraph\">Le directeur g\u00e9n\u00e9ral du groupe Kering a \u00e9chapp\u00e9 \u00e0 une attaque \u00e0 son domicile gr\u00e2ce \u00e0 l\u2019intervention des forces de l\u2019ordre. Selon une information d\u2019<a href=\"https:\/\/actu17.fr\/faits-divers\/home-jacking-dejoue-a-paris-le-domicile-du-directeur-general-de-kering-vise-deux-hommes-ecroues.html\" target=\"_blank\" rel=\"sponsored noopener\" data-gtm-custom-categorie=\"navigation\" data-gtm-custom-action=\"crossclick\" data-gtm-custom-label=\"Contextuel\" data-gtm-event=\"customEventSPE\">Actu 17<\/a> \u00a0confirm\u00e9e par une source proche au Figaro,\u00a0<a href=\"http:\/\/www.lefigaro.fr\/societes\/les-decisions-ne-seront-pas-toujours-faciles-mais-nous-les-prendrons-avec-lucidite-les-premiers-mots-de-luca-de-meo-chez-kering-20250909\" data-fig-type=\"NewsFlash\" data-gtm-custom-categorie=\"navigation\" data-gtm-custom-action=\"crossclick\" data-gtm-custom-label=\"Contextuel\" data-gtm-event=\"customEventSPE\" data-fig-domain=\"LEFIGARO\" target=\"_blank\" rel=\"noopener\">Luca de Meo<\/a>, r\u00e9cemment intronis\u00e9 \u00e0 la t\u00eate du g\u00e9ant du luxe apr\u00e8s cinq ann\u00e9es chez Renault, a \u00e9t\u00e9 victime d\u2019une tentative de\u00a0<a href=\"http:\/\/www.lefigaro.fr\/faits-divers\/val-de-marne-une-femme-baillonnee-et-ligotee-par-quatre-individus-nouveau-home-jacking-au-perreux-sur-marne-20250928\" data-fig-type=\"NewsFlash\" data-gtm-custom-categorie=\"navigation\" data-gtm-custom-action=\"crossclick\" data-gtm-custom-label=\"Contextuel\" data-gtm-event=\"customEventSPE\" data-fig-domain=\"LEFIGARO\" target=\"_blank\" rel=\"noopener\">home-jacking<\/a>\u00a0le 6 novembre dernier dans son immeuble du XVIe arrondissement de Paris. Deux jeunes de 19 et 20 ans seraient impliqu\u00e9s, pr\u00e9cise le m\u00e9dia sp\u00e9cialis\u00e9. Ils ont \u00e9t\u00e9 interpell\u00e9s juste \u00e0 temps, au pied de la b\u00e2tisse.<\/p>\n<p class=\"fig-paragraph\">Dans leur arsenal, les malfrats disposaient, selon nos confr\u00e8res, de tout l\u2019\u00e9quipement pour r\u00e9aliser le parfait home-jacking\u00a0: un pistolet factice, un couteau, des colliers de serrage en plastique mais \u00e9galement un faux colis destin\u00e9 \u00e0 les faire passer pour des livreurs.<\/p>\n<p>                                    <a class=\"fig-a11y-skip a11y-hidden\" href=\"#fig-a11y-skip-main-inarticle\"><br \/>\n        Passer la publicit\u00e9<br \/>\n    <\/a><\/p>\n<p>Ils pr\u00e9sentent tous deux des ant\u00e9c\u00e9dents judiciaires<\/p>\n<p class=\"fig-paragraph\">L\u2019alerte avait \u00e9t\u00e9 donn\u00e9e un peu en amont par des policiers municipaux de Neuilly-sur-Seine (Hauts-de-Seine), qui ont rep\u00e9r\u00e9 la pr\u00e9sence r\u00e9guli\u00e8re d\u2019un homme autour d\u2019h\u00f4tels particuliers de la commune. Leurs confr\u00e8res de la police, les enqu\u00eateurs du Service d\u00e9partemental de la police judiciaire (SDPJ 92) et de la brigade de recherche et d\u2019intervention de la pr\u00e9fecture de police de Paris (BRI-PP), ont quant \u00e0 eux mis en place une filature qui leur a permis de remonter jusqu\u2019au second suspect. Les deux hommes ont finalement \u00e9t\u00e9 interpell\u00e9s avant de passer \u00e0 l\u2019acte alors qu\u2019ils se trouvaient dans une voiture vol\u00e9e dont l\u2019immatriculation avait \u00e9t\u00e9 dissimul\u00e9e.<\/p>\n<p class=\"fig-paragraph\">Ils ont imm\u00e9diatement \u00e9t\u00e9 plac\u00e9s en garde \u00e0 vue, mis en examen puis incarc\u00e9r\u00e9s le 8 novembre. Une information judiciaire a \u00e9t\u00e9 ouverte pour \u00abparticipation \u00e0 une association de malfaiteurs en vue de la pr\u00e9paration d\u2019un crime aggrav\u00e9 de la bande organis\u00e9e, tentative de vol en bande organis\u00e9e avec arme\u00bb, indique le parquet de Nanterre. \u00c0 noter qu\u2019ils pr\u00e9sentent tous deux des ant\u00e9c\u00e9dents judiciaires.<\/p>\n","protected":false},"excerpt":{"rendered":"Deux individus ont \u00e9t\u00e9 interpell\u00e9s pr\u00e8s de l\u2019immeuble de l\u2019ancien patron de Renault, alors qu\u2019ils s\u2019appr\u00eataient \u00e0 passer&hellip;\n","protected":false},"author":2,"featured_media":541276,"comment_status":"","ping_status":"","sticky":false,"template":"","format":"standard","meta":{"footnotes":""},"categories":[1888],"tags":[11,1777,674,1011,27,15516,24445,18292,12,626,25],"class_list":{"0":"post-541275","1":"post","2":"type-post","3":"status-publish","4":"format-standard","5":"has-post-thumbnail","7":"category-paris","8":"tag-actualites","9":"tag-eu","10":"tag-europe","11":"tag-fr","12":"tag-france","13":"tag-interpellations","14":"tag-kering","15":"tag-luca-de-meo","16":"tag-news","17":"tag-paris","18":"tag-republique-francaise"},"share_on_mastodon":{"url":"https:\/\/pubeurope.com\/@fr\/115567625751564272","error":""},"_links":{"self":[{"href":"https:\/\/www.europesays.com\/fr\/wp-json\/wp\/v2\/posts\/541275","targetHints":{"allow":["GET"]}}],"collection":[{"href":"https:\/\/www.europesays.com\/fr\/wp-json\/wp\/v2\/posts"}],"about":[{"href":"https:\/\/www.europesays.com\/fr\/wp-json\/wp\/v2\/types\/post"}],"author":[{"embeddable":true,"href":"https:\/\/www.europesays.com\/fr\/wp-json\/wp\/v2\/users\/2"}],"replies":[{"embeddable":true,"href":"https:\/\/www.europesays.com\/fr\/wp-json\/wp\/v2\/comments?post=541275"}],"version-history":[{"count":0,"href":"https:\/\/www.europesays.com\/fr\/wp-json\/wp\/v2\/posts\/541275\/revisions"}],"wp:featuredmedia":[{"embeddable":true,"href":"https:\/\/www.europesays.com\/fr\/wp-json\/wp\/v2\/media\/541276"}],"wp:attachment":[{"href":"https:\/\/www.europesays.com\/fr\/wp-json\/wp\/v2\/media?parent=541275"}],"wp:term":[{"taxonomy":"category","embeddable":true,"href":"https:\/\/www.europesays.com\/fr\/wp-json\/wp\/v2\/categories?post=541275"},{"taxonomy":"post_tag","embeddable":true,"href":"https:\/\/www.europesays.com\/fr\/wp-json\/wp\/v2\/tags?post=541275"}],"curies":[{"name":"wp","href":"https:\/\/api.w.org\/{rel}","templated":true}]}}