{"id":541277,"date":"2025-11-17T23:26:16","date_gmt":"2025-11-17T23:26:16","guid":{"rendered":"https:\/\/www.europesays.com\/fr\/541277\/"},"modified":"2025-11-17T23:26:16","modified_gmt":"2025-11-17T23:26:16","slug":"on-veut-adresser-un-message-a-la-russie-declare-le-porte-parole-du-quai-dorsay","status":"publish","type":"post","link":"https:\/\/www.europesays.com\/fr\/541277\/","title":{"rendered":"\u00ab\u00a0On veut adresser un message \u00e0 la Russie\u00a0\u00bb, d\u00e9clare le porte-parole du Quai d&rsquo;Orsay"},"content":{"rendered":"\n<p class=\"c-chapo \">\n  Le porte-parole du minist\u00e8re des Affaires \u00e9trang\u00e8res estime que la d\u00e9claration d&rsquo;intention sign\u00e9e par Volodymyr Zelensky et Emmanuel Macron montre \u00e0 Moscou qu&rsquo;il \u00ab\u00a0n&rsquo;y a pas de fatigue europ\u00e9enne\u00a0\u00bb dans le soutien \u00e0 l&rsquo;Ukraine.\n<\/p>\n<p>      lire plus tard<\/p>\n<p id=\"dialog__title\" class=\"dialog__title\">Pour sauvegarder cet article, connectez-vous ou cr\u00e9ez un compte franceinfo<\/p>\n<p class=\"dialog__description\">Sans paiement. Sans abonnement.<\/p>\n<p>        Fermer la fen\u00eatre d\u2019activation des notifications France Info<\/p>\n<p>      cr\u00e9er votre compte<\/p>\n<p>      se connecter<\/p>\n<p>        Fermer la fen\u00eatre de pr\u00e9sentation<\/p>\n<p>    <img loading=\"lazy\" decoding=\"async\" class=\"signature__image lazyload\" width=\"100\" height=\"100\" data- alt=\"\" src=\"https:\/\/www.europesays.com\/fr\/wp-content\/uploads\/2025\/05\/64a7df4c5fe71_placeholder-36b69ec8.png\"\/><\/p>\n<p>    Publi\u00e9 le 17\/11\/2025 21:58<\/p>\n<p>        Temps de lecture : 1min<\/p>\n<p>    <img decoding=\"async\"  alt=\"Le logo du minist\u00e8re des Affaires \u00e9trang\u00e8res, le 19 juin 2025, \u00e0 Paris. (JULIEN DE ROSA \/ AFP)\" width=\"432\" height=\"243\" src=\"https:\/\/www.europesays.com\/fr\/wp-content\/uploads\/2025\/11\/000-62yd7te-691b8ba8e9a16511797313.jpg\" fetchpriority=\"high\"\/><\/p>\n<p>      Le logo du minist\u00e8re des Affaires \u00e9trang\u00e8res, le 19 juin 2025, \u00e0 Paris. (JULIEN DE ROSA \/ AFP)<\/p>\n<p>\u00ab\u00a0On veut adresser un message \u00e0 la Russie : il n&rsquo;y a pas de fatigue europ\u00e9enne dans le soutien que nous apportons \u00e0 l&rsquo;Ukraine\u00a0\u00bb, a d\u00e9clar\u00e9 lundi 17 novembre sur franceinfo, Pascal Confavreux, porte-parole du minist\u00e8re fran\u00e7ais des Affaires \u00e9trang\u00e8res, alors que Volodymyr Zelensky a sign\u00e9 avec Emmanuel Macron \u00e0 Paris une \u00ab\u00a0d\u00e9claration d&rsquo;intention\u00a0\u00bb en vue de<a href=\"https:\/\/www.franceinfo.fr\/monde\/europe\/manifestations-en-ukraine\/guerre-en-ukraine-achat-de-100-rafale-a-la-france-un-accord-d-armement-historique_7622192.html\" target=\"_self\" rel=\"noopener noreferrer nofollow\" data-tooltip-url=\"https:\/\/www.franceinfo.fr\/monde\/europe\/manifestations-en-ukraine\/guerre-en-ukraine-achat-de-100-rafale-a-la-france-un-accord-d-armement-historique_7622192.html\"> l&rsquo;achat futur de cent avions de combat fran\u00e7ais Rafale.<\/a><\/p>\n<p>\u00ab\u00a0C&rsquo;est un accord qui est historique\u00a0\u00bb, estime le porte-parole du Quai d&rsquo;Orsay. \u00ab\u00a0L\u00e0, nous en sommes \u00e0 la lettre d&rsquo;intention. Le contrat viendra. Cette lettre d&rsquo;intention porte sur l&rsquo;achat jusqu&rsquo;\u00e0 une centaine de Rafale, sur une dizaine d&rsquo;ann\u00e9es\u00a0\u00bb. <\/p>\n<blockquote class=\"ftvi_content_quote\">\n<p class=\"ftvi_citation_quote\">\u00ab\u00a0L&rsquo;id\u00e9e est de montrer que nous soutenons l&rsquo;arm\u00e9e ukrainienne et que, sur le long terme, nous cr\u00e9ions une dissuasion vis-\u00e0-vis des Russes pour qu&rsquo;ils soient dissuad\u00e9s d&rsquo;agresser de nouveau l&rsquo;Ukraine.\u00a0\u00bb<\/p>\n<p>Pascal Confreveux<\/p>\n<p class=\"ftvi_citation_source\">\u00e0 franceinfo<\/p>\n<\/blockquote>\n<p>\u00ab\u00a0C&rsquo;est un engagement d\u00e8s maintenant\u00a0\u00bb, poursuit Pascal Confavreux. \u00ab\u00a0Ce qui est s\u00fbr, c&rsquo;est qu&rsquo;il va falloir r\u00e9g\u00e9n\u00e9rer l&rsquo;arm\u00e9e ukrainienne. Ce sont les Ukrainiens qui vont payer. En parall\u00e8le, nous aidons les Ukrainiens sur un volet important de financement.\u00a0\u00bb<\/p>\n<p> Pour parvenir \u00e0 une paix entre l&rsquo;Ukraine et la Russie, \u00ab\u00a0l&rsquo;effort am\u00e9ricain est crucial et dans les faits, il se maintient\u00a0\u00bb, estime le porte-parole. \u00ab\u00a0Il y a toujours des soutiens aux exportations militaires par les Am\u00e9ricains aux Ukrainiens, et c&rsquo;est \u00e7a qu&rsquo;il faut regarder dans les faits.\u00a0\u00bb<\/p>\n","protected":false},"excerpt":{"rendered":"Le porte-parole du minist\u00e8re des Affaires \u00e9trang\u00e8res estime que la d\u00e9claration d&rsquo;intention sign\u00e9e par Volodymyr Zelensky et Emmanuel&hellip;\n","protected":false},"author":2,"featured_media":541278,"comment_status":"","ping_status":"","sticky":false,"template":"","format":"standard","meta":{"footnotes":""},"categories":[1591],"tags":[11,1887,12,1885,1886,132],"class_list":{"0":"post-541277","1":"post","2":"type-post","3":"status-publish","4":"format-standard","5":"has-post-thumbnail","7":"category-russie","8":"tag-actualites","9":"tag-federation-de-russie","10":"tag-news","11":"tag-russia","12":"tag-russian-federation","13":"tag-russie"},"share_on_mastodon":{"url":"https:\/\/pubeurope.com\/@fr\/115567630796519490","error":""},"_links":{"self":[{"href":"https:\/\/www.europesays.com\/fr\/wp-json\/wp\/v2\/posts\/541277","targetHints":{"allow":["GET"]}}],"collection":[{"href":"https:\/\/www.europesays.com\/fr\/wp-json\/wp\/v2\/posts"}],"about":[{"href":"https:\/\/www.europesays.com\/fr\/wp-json\/wp\/v2\/types\/post"}],"author":[{"embeddable":true,"href":"https:\/\/www.europesays.com\/fr\/wp-json\/wp\/v2\/users\/2"}],"replies":[{"embeddable":true,"href":"https:\/\/www.europesays.com\/fr\/wp-json\/wp\/v2\/comments?post=541277"}],"version-history":[{"count":0,"href":"https:\/\/www.europesays.com\/fr\/wp-json\/wp\/v2\/posts\/541277\/revisions"}],"wp:featuredmedia":[{"embeddable":true,"href":"https:\/\/www.europesays.com\/fr\/wp-json\/wp\/v2\/media\/541278"}],"wp:attachment":[{"href":"https:\/\/www.europesays.com\/fr\/wp-json\/wp\/v2\/media?parent=541277"}],"wp:term":[{"taxonomy":"category","embeddable":true,"href":"https:\/\/www.europesays.com\/fr\/wp-json\/wp\/v2\/categories?post=541277"},{"taxonomy":"post_tag","embeddable":true,"href":"https:\/\/www.europesays.com\/fr\/wp-json\/wp\/v2\/tags?post=541277"}],"curies":[{"name":"wp","href":"https:\/\/api.w.org\/{rel}","templated":true}]}}