{"id":541281,"date":"2025-11-17T23:28:13","date_gmt":"2025-11-17T23:28:13","guid":{"rendered":"https:\/\/www.europesays.com\/fr\/541281\/"},"modified":"2025-11-17T23:28:13","modified_gmt":"2025-11-17T23:28:13","slug":"etats-unis-vs-venezuela-donald-trump-va-parler-a-un-moment-donne-avec-nicolas-maduro","status":"publish","type":"post","link":"https:\/\/www.europesays.com\/fr\/541281\/","title":{"rendered":"\u00c9tats-Unis vs Venezuela : Donald Trump va parler \u00ab\u00a0\u00e0 un moment donn\u00e9\u00a0\u00bb avec Nicolas Maduro"},"content":{"rendered":"<p class=\"mb-4 text-lg md:leading-8 break-words\">Les tensions sont maximales entre Washington et Caracas depuis le d\u00e9ploiement militaire des <a class=\"link \" href=\"https:\/\/www.france24.com\/fr\/tag\/\u00e9tats-unis\/\" rel=\"nofollow noopener\" target=\"_blank\" data-ylk=\"slk:\u00c9tats-Unis;elm:context_link;itc:0;sec:content-canvas\">\u00c9tats-Unis<\/a> au large du <a class=\"link \" href=\"https:\/\/www.france24.com\/fr\/tag\/venezuela\/\" rel=\"nofollow noopener\" target=\"_blank\" data-ylk=\"slk:Venezuela;elm:context_link;itc:0;sec:content-canvas\">Venezuela<\/a>. <a class=\"link \" href=\"https:\/\/www.france24.com\/fr\/tag\/donald-trump\/\" rel=\"nofollow noopener\" target=\"_blank\" data-ylk=\"slk:Donald Trump;elm:context_link;itc:0;sec:content-canvas\">Donald Trump<\/a> a d\u00e9clar\u00e9, lundi 17 novembre, qu&rsquo;il parlera au pr\u00e9sident v\u00e9n\u00e9zu\u00e9lien <a class=\"link \" href=\"https:\/\/www.france24.com\/fr\/tag\/nicolas-maduro\/\" rel=\"nofollow noopener\" target=\"_blank\" data-ylk=\"slk:Nicolas Maduro;elm:context_link;itc:0;sec:content-canvas\">Nicolas Maduro<\/a>.<\/p>\n<p class=\"mb-4 text-lg md:leading-8 break-words\">\u00ab\u00a0\u00c0 un moment donn\u00e9, je vais lui parler\u00a0\u00bb, a d\u00e9clar\u00e9 \u00e0 des journalistes le pr\u00e9sident am\u00e9ricain dans le Bureau ovale, tout en ajoutant que Nicolas Maduro \u00ab\u00a0n&rsquo;a pas \u00e9t\u00e9 bon pour les \u00c9tats-Unis\u00a0\u00bb.<\/p>\n<p class=\"mb-4 text-lg md:leading-8 break-words\">Interrog\u00e9 pour savoir s&rsquo;il excluait l&rsquo;envoi de troupes am\u00e9ricaines au Venezuela, Donald Trump a r\u00e9pondu : \u00ab\u00a0Non, je n&rsquo;exclus pas cette possibilit\u00e9, je n&rsquo;exclus rien.\u00a0\u00bb<\/p>\n<p class=\"mb-4 text-lg md:leading-8 break-words\">\u00c0 lire aussi<a class=\"link  yahoo-link\" href=\"https:\/\/fr.news.yahoo.com\/maduro-parrain-drogue-trump-veut-171443331.html\" data-ylk=\"slk:Maduro &quot;parrain de la drogue&quot; : comment Trump veut en finir avec le pr\u00e9sident v\u00e9n\u00e9zu\u00e9lien;elm:context_link;itc:0;sec:content-canvas;outcm:mb_qualified_link;_E:mb_qualified_link;ct:story;\" target=\"_blank\" rel=\"noopener\">Maduro \u00ab\u00a0parrain de la drogue\u00a0\u00bb : comment Trump veut en finir avec le pr\u00e9sident v\u00e9n\u00e9zu\u00e9lien<\/a><\/p>\n<p class=\"mb-4 text-lg md:leading-8 break-words\">\u00ab\u00a0Nous devons simplement nous occuper du Venezuela\u00a0\u00bb, a-t-il ajout\u00e9, en accusant Caracas d&rsquo;avoir \u00ab\u00a0d\u00e9vers\u00e9 des centaines de milliers de personnes issues des prisons dans notre pays\u00a0\u00bb.<\/p>\n<p class=\"mb-4 text-lg md:leading-8 break-words\">Le pr\u00e9sident am\u00e9ricain avait d\u00e9j\u00e0 \u00e9voqu\u00e9 dimanche de possibles \u00ab\u00a0discussions\u00a0\u00bb avec Nicolas Maduro.<\/p>\n<p class=\"mb-4 text-lg md:leading-8 break-words\">Les \u00c9tats-Unis ont d\u00e9ploy\u00e9 une armada dans les Cara\u00efbes, officiellement pour y mener une campagne militaire contre le<a href=\"https:\/\/www.france24.com\/fr\/tag\/trafic-de-drogue\/\" rel=\"nofollow noopener\" target=\"_blank\" data-ylk=\"slk:trafic de drogue;elm:context_link;itc:0;sec:content-canvas\" class=\"link \"> trafic de drogue<\/a> \u00e0 destination des \u00c9tats-Unis.<\/p>\n<p>\u00ab\u00a0Aucun probl\u00e8me\u00a0\u00bb \u00e0 frapper le Mexique<\/p>\n<p class=\"mb-4 text-lg md:leading-8 break-words\">Le pr\u00e9sident am\u00e9ricain a ensuite encha\u00een\u00e9 en \u00e9voquant d&rsquo;\u00e9ventuelles frappes am\u00e9ricaines au Mexique pour lutter contre les cartels de drogue.<\/p>\n<p class=\"mb-4 text-lg md:leading-8 break-words\">\u00ab\u00a0Est-ce que je lancerais des frappes au <a class=\"link \" href=\"https:\/\/www.france24.com\/fr\/tag\/mexique\/\" rel=\"nofollow noopener\" target=\"_blank\" data-ylk=\"slk:Mexique;elm:context_link;itc:0;sec:content-canvas\">Mexique<\/a> pour mettre fin au trafic de drogue ? \u00c7a ne me pose aucun probl\u00e8me\u00a0\u00bb, a-t-il affirm\u00e9.<\/p>\n<p class=\"mb-4 text-lg md:leading-8 break-words\">\u00ab\u00a0Il y a de gros probl\u00e8mes l\u00e0-bas\u00a0\u00bb, a poursuivi le dirigeant r\u00e9publicain, sugg\u00e9rant de mener des frappes a\u00e9riennes contre des bateaux suspect\u00e9s de transporter de la drogue \u00e0 l&rsquo;image de ce que fait Washington dans les Cara\u00efbes et le Pacifique.<\/p>\n<p class=\"mb-4 text-lg md:leading-8 break-words\">Les \u00c9tats-Unis ont men\u00e9 ces derni\u00e8res semaines une vingtaine de frappes contre des embarcations qu&rsquo;ils accusent\u00a0\u2013 sans pr\u00e9senter de preuves\u00a0\u2013 de transporter de la drogue, faisant au moins 83 victimes.<\/p>\n<p class=\"mb-4 text-lg md:leading-8 break-words\">\u00c0 lire aussi<a class=\"link  yahoo-link\" href=\"https:\/\/fr.news.yahoo.com\/%C3%A9tats-unis-vs-venezuela-grand-171805447.html\" data-ylk=\"slk:\u00c9tats-Unis vs Venezuela : le grand flou de l\u2019op\u00e9ration Lance du Sud;elm:context_link;itc:0;sec:content-canvas;outcm:mb_qualified_link;_E:mb_qualified_link;ct:story;\" target=\"_blank\" rel=\"noopener\">\u00c9tats-Unis vs Venezuela : le grand flou de l\u2019op\u00e9ration Lance du Sud<\/a><\/p>\n<p class=\"mb-4 text-lg md:leading-8 break-words\">Le d\u00e9ploiement militaire am\u00e9ricain dans la r\u00e9gion s&rsquo;est consid\u00e9rablement renforc\u00e9 avec l&rsquo;<a href=\"https:\/\/www.youtube.com\/watch?v=ecb471lef_k\" rel=\"nofollow noopener\" target=\"_blank\" data-ylk=\"slk:arriv\u00e9e toute r\u00e9cente du porte-avions Gerald Ford;elm:context_link;itc:0;sec:content-canvas\" class=\"link \">arriv\u00e9e toute r\u00e9cente du porte-avions Gerald Ford<\/a>, le plus grand au monde.<\/p>\n<p class=\"mb-4 text-lg md:leading-8 break-words\">Caracas accuse Washington de prendre pr\u00e9texte du narcotrafic \u00ab\u00a0pour imposer un changement de r\u00e9gime\u00a0\u00bb au Venezuela et s&#8217;emparer de son p\u00e9trole.<\/p>\n<p class=\"mb-4 text-lg md:leading-8 break-words\">Les \u00c9tats-Unis ont d\u00e9sign\u00e9 ou s&rsquo;appr\u00eatent \u00e0 le faire en parall\u00e8le \u00e0 leur d\u00e9ploiement militaire plusieurs cartels de la drogue dans la r\u00e9gion comme \u00e9tant des \u00ab\u00a0organisations terroristes \u00e9trang\u00e8res\u00a0\u00bb, dont le \u00ab\u00a0<a class=\"link \" href=\"https:\/\/www.france24.com\/fr\/tag\/cartel\/\" rel=\"nofollow noopener\" target=\"_blank\" data-ylk=\"slk:Cartel;elm:context_link;itc:0;sec:content-canvas\">Cartel<\/a> des Soleils\u00a0\u00bb au Venezuela.<\/p>\n<p class=\"mb-4 text-lg md:leading-8 break-words\">Avec AFP<\/p>\n","protected":false},"excerpt":{"rendered":"Les tensions sont maximales entre Washington et Caracas depuis le d\u00e9ploiement militaire des \u00c9tats-Unis au large du Venezuela.&hellip;\n","protected":false},"author":2,"featured_media":541282,"comment_status":"","ping_status":"","sticky":false,"template":"","format":"standard","meta":{"footnotes":""},"categories":[1589],"tags":[11,65945,75,73,1866,22658,12,338,7274,887,1864,1865,1863,308,337],"class_list":{"0":"post-541281","1":"post","2":"type-post","3":"status-publish","4":"format-standard","5":"has-post-thumbnail","7":"category-etats-unis","8":"tag-actualites","9":"tag-caracas","10":"tag-donald-trump","11":"tag-etats-unis","12":"tag-etats-unis-damerique","13":"tag-les-etats-unis","14":"tag-news","15":"tag-nicolas-maduro","16":"tag-president-americain","17":"tag-trafic-de-drogue","18":"tag-united-states","19":"tag-united-states-of-america","20":"tag-us","21":"tag-usa","22":"tag-venezuela"},"share_on_mastodon":{"url":"https:\/\/pubeurope.com\/@fr\/115567637640873067","error":""},"_links":{"self":[{"href":"https:\/\/www.europesays.com\/fr\/wp-json\/wp\/v2\/posts\/541281","targetHints":{"allow":["GET"]}}],"collection":[{"href":"https:\/\/www.europesays.com\/fr\/wp-json\/wp\/v2\/posts"}],"about":[{"href":"https:\/\/www.europesays.com\/fr\/wp-json\/wp\/v2\/types\/post"}],"author":[{"embeddable":true,"href":"https:\/\/www.europesays.com\/fr\/wp-json\/wp\/v2\/users\/2"}],"replies":[{"embeddable":true,"href":"https:\/\/www.europesays.com\/fr\/wp-json\/wp\/v2\/comments?post=541281"}],"version-history":[{"count":0,"href":"https:\/\/www.europesays.com\/fr\/wp-json\/wp\/v2\/posts\/541281\/revisions"}],"wp:featuredmedia":[{"embeddable":true,"href":"https:\/\/www.europesays.com\/fr\/wp-json\/wp\/v2\/media\/541282"}],"wp:attachment":[{"href":"https:\/\/www.europesays.com\/fr\/wp-json\/wp\/v2\/media?parent=541281"}],"wp:term":[{"taxonomy":"category","embeddable":true,"href":"https:\/\/www.europesays.com\/fr\/wp-json\/wp\/v2\/categories?post=541281"},{"taxonomy":"post_tag","embeddable":true,"href":"https:\/\/www.europesays.com\/fr\/wp-json\/wp\/v2\/tags?post=541281"}],"curies":[{"name":"wp","href":"https:\/\/api.w.org\/{rel}","templated":true}]}}