{"id":541283,"date":"2025-11-17T23:29:21","date_gmt":"2025-11-17T23:29:21","guid":{"rendered":"https:\/\/www.europesays.com\/fr\/541283\/"},"modified":"2025-11-17T23:29:21","modified_gmt":"2025-11-17T23:29:21","slug":"au-royaume-uni-shabana-mahmood-la-travailliste-qui-rogne-sur-le-droit-dasile-liberation","status":"publish","type":"post","link":"https:\/\/www.europesays.com\/fr\/541283\/","title":{"rendered":"Au Royaume-Uni, Shabana Mahmood, la travailliste qui rogne sur le droit d\u2019asile \u2013 Lib\u00e9ration"},"content":{"rendered":"<p class=\"sc-cPiKLX AiZTS text-element\">Elle a \u00e0 peine pass\u00e9 soixante-treize jours \u00e0 son poste, que les observateurs de la vie politique britannique parlent d\u00e9j\u00e0 de \u00abMahmoodisme\u00bb. A 45 ans, la ministre de l\u2019Int\u00e9rieur britannique est peut-\u00eatre mal connue du grand public, mais son nom fait partie de ceux r\u00e9guli\u00e8rement cit\u00e9s parmi les concurrents s\u00e9rieux du Premier ministre, Keir Starmer. Shabana Mahmood est <a href=\"https:\/\/www.liberation.fr\/international\/europe\/royaume-uni-keir-starmer-procede-a-un-large-remaniement-de-son-gouvernement-20250905_M7KXJZ2OY5ED7PQPAQIF3DAQ5I\/\" target=\"_blank\" rel=\"noopener\" title=\"https:\/\/www.liberation.fr\/international\/europe\/royaume-uni-keir-starmer-procede-a-un-large-remaniement-de-son-gouvernement-20250905_M7KXJZ2OY5ED7PQPAQIF3DAQ5I\/\">la figure centrale du remaniement<\/a> qui l\u2019a promue, \u00e0 la rentr\u00e9e, au poste de ministre de l\u2019Int\u00e9rieur, avec pour mission urgente de r\u00e9soudre l\u2019une des crises les plus d\u00e9licates du moment : le contr\u00f4le des fronti\u00e8res et l\u2019immigration.<\/p>\n<p class=\"sc-cPiKLX AiZTS text-element\">En juillet 2024, un \u00abraz-de-mar\u00e9e d\u00e9senchant\u00e9\u00bb ramenait le Labour au pouvoir, apr\u00e8s quatorze ann\u00e9es dans l\u2019opposition : 411 des 650 si\u00e8ges de la Chambre des communes, dans un vote motiv\u00e9 par une forte envie de changement de Britanniques ext\u00e9nu\u00e9s par l\u2019aust\u00e9rit\u00e9, la gestion du Brexit, la pand\u00e9mie et les scandales entourant les dirigeants conservateurs \u2013 <a href=\"https:\/\/www.liberation.fr\/international\/europe\/au-royaume-uni-boris-johnson-accuse-davoir-profite-de-son-reseau-de-premier-ministre-pour-faire-du-business-20250909&lt;\/p&gt;&lt;\/div&gt;&lt;\/article&gt;&lt;\/div&gt;&lt;div data-fusion-lazy-id=\" f0f8vgvlad832fw=\"\" target=\"_blank\" rel=\"noopener\"><\/p>\n","protected":false},"excerpt":{"rendered":"Elle a \u00e0 peine pass\u00e9 soixante-treize jours \u00e0 son poste, que les observateurs de la vie politique britannique&hellip;\n","protected":false},"author":2,"featured_media":541284,"comment_status":"","ping_status":"","sticky":false,"template":"","format":"standard","meta":{"footnotes":""},"categories":[1588],"tags":[11,1777,674,1061,2581,12,899,473,1853,1851,1850,1852],"class_list":{"0":"post-541283","1":"post","2":"type-post","3":"status-publish","4":"format-standard","5":"has-post-thumbnail","7":"category-royaume-uni","8":"tag-actualites","9":"tag-eu","10":"tag-europe","11":"tag-immigration","12":"tag-keir-starmer","13":"tag-news","14":"tag-prisons","15":"tag-royaume-uni","16":"tag-royaume-uni-de-grande-bretagne-et-dirlande-du-nord","17":"tag-uk","18":"tag-united-kingdom","19":"tag-united-kingdom-of-great-britain-and-northern-ireland"},"share_on_mastodon":{"url":"https:\/\/pubeurope.com\/@fr\/115567641589345503","error":""},"_links":{"self":[{"href":"https:\/\/www.europesays.com\/fr\/wp-json\/wp\/v2\/posts\/541283","targetHints":{"allow":["GET"]}}],"collection":[{"href":"https:\/\/www.europesays.com\/fr\/wp-json\/wp\/v2\/posts"}],"about":[{"href":"https:\/\/www.europesays.com\/fr\/wp-json\/wp\/v2\/types\/post"}],"author":[{"embeddable":true,"href":"https:\/\/www.europesays.com\/fr\/wp-json\/wp\/v2\/users\/2"}],"replies":[{"embeddable":true,"href":"https:\/\/www.europesays.com\/fr\/wp-json\/wp\/v2\/comments?post=541283"}],"version-history":[{"count":0,"href":"https:\/\/www.europesays.com\/fr\/wp-json\/wp\/v2\/posts\/541283\/revisions"}],"wp:featuredmedia":[{"embeddable":true,"href":"https:\/\/www.europesays.com\/fr\/wp-json\/wp\/v2\/media\/541284"}],"wp:attachment":[{"href":"https:\/\/www.europesays.com\/fr\/wp-json\/wp\/v2\/media?parent=541283"}],"wp:term":[{"taxonomy":"category","embeddable":true,"href":"https:\/\/www.europesays.com\/fr\/wp-json\/wp\/v2\/categories?post=541283"},{"taxonomy":"post_tag","embeddable":true,"href":"https:\/\/www.europesays.com\/fr\/wp-json\/wp\/v2\/tags?post=541283"}],"curies":[{"name":"wp","href":"https:\/\/api.w.org\/{rel}","templated":true}]}}