{"id":541285,"date":"2025-11-17T23:30:24","date_gmt":"2025-11-17T23:30:24","guid":{"rendered":"https:\/\/www.europesays.com\/fr\/541285\/"},"modified":"2025-11-17T23:30:24","modified_gmt":"2025-11-17T23:30:24","slug":"travailler-plus-longtemps-pour-gagner-plus","status":"publish","type":"post","link":"https:\/\/www.europesays.com\/fr\/541285\/","title":{"rendered":"travailler plus longtemps pour gagner plus"},"content":{"rendered":"<p>      lire plus tard<\/p>\n<p id=\"dialog__title\" class=\"dialog__title\">Pour sauvegarder cet article, connectez-vous ou cr\u00e9ez un compte franceinfo<\/p>\n<p class=\"dialog__description\">Sans paiement. Sans abonnement.<\/p>\n<p>        Fermer la fen\u00eatre d\u2019activation des notifications France Info<\/p>\n<p>      cr\u00e9er votre compte<\/p>\n<p>      se connecter<\/p>\n<p>        Fermer la fen\u00eatre de pr\u00e9sentation<\/p>\n<p>    Publi\u00e9 le 17\/11\/2025 23:35<\/p>\n<p>      Mis \u00e0 jour le 17\/11\/2025 23:35<\/p>\n<p>        Temps de lecture : 3min &#8211; vid\u00e9o : 3min<\/p>\n<p>    <img decoding=\"async\" class=\"francetv-player-wrapper__image\" alt=\"Face au manque de main-d'\u0153uvre, le gouvernement envisage un d\u00e9part \u00e0 la retraite \u00e0 plus de 67 ans, et m\u00eame \u00e0 plus de 70 ans dans certains cas.\"  width=\"432\" height=\"243\" src=\"https:\/\/www.europesays.com\/fr\/wp-content\/uploads\/2025\/11\/allemagne-691ba03192e2a947496351.jpg\" fetchpriority=\"high\"\/><\/p>\n<p>              Face au manque de main-d&rsquo;\u0153uvre, le gouvernement envisage un d\u00e9part \u00e0 la retraite \u00e0 plus de 67 ans, et m\u00eame \u00e0 plus de 70 ans dans certains cas.<br \/>\n                    (France 2)<\/p>\n<p>      3min<\/p>\n<p>\n  Face au manque de main-d&rsquo;\u0153uvre, le gouvernement envisage un d\u00e9part \u00e0 la retraite \u00e0 plus de 67 ans, et m\u00eame \u00e0 plus de 70 ans dans certains cas.\n<\/p>\n<p>En <a href=\"https:\/\/www.franceinfo.fr\/monde\/palestine\/gaza\/guerre-a-gaza-l-allemagne-va-lever-son-embargo-sur-les-exportations-d-armes-vers-israel_7622075.html\" target=\"_self\" rel=\"noopener noreferrer nofollow\" data-tooltip-url=\"https:\/\/www.franceinfo.fr\/monde\/palestine\/gaza\/guerre-a-gaza-l-allemagne-va-lever-son-embargo-sur-les-exportations-d-armes-vers-israel_7622075.html\">Allemagne<\/a>, l&rsquo;\u00e2ge de d\u00e9part \u00e0 la retraite standard est d\u00e9sormais de 67 ans. Mais un jardinier, \u00e2g\u00e9 de 64 ans, se verrait bien aller au-del\u00e0. D&rsquo;autant qu&rsquo;\u00e0 partir de janvier, il pourrait b\u00e9n\u00e9ficier de mesures fiscales avantageuses. En plus de sa retraite de 1 400 euros, il est employ\u00e9 pour accumuler un salaire exon\u00e9r\u00e9 de l&rsquo;imp\u00f4t sur le revenu jusqu&rsquo;\u00e0 2 000 euros par mois. \u00ab\u00a0Ce serait super si je pouvais encore travailler ici au-del\u00e0 de la retraite, car je me sens \u00e0 l&rsquo;aise au travail. \u00c7a donne du sens, cela \u00e9vite de tourner en rond et \u00e7a donne un rythme au quotidien\u00a0\u00bb, explique Achim Haussmann.<\/p>\n<p>Son patron approuve ce qu&rsquo;il appelle une incitation fiscale. Elle r\u00e9pond pour lui au manque de main-d&rsquo;\u0153uvre et \u00e0 l&rsquo;absence de personnel qualifi\u00e9. \u00ab\u00a0C&rsquo;est tr\u00e8s pr\u00e9cieux pour notre entreprise, car on garde le savoir-faire et les comp\u00e9tences dans notre soci\u00e9t\u00e9. De plus, cela permet le transfert de connaissances. C&rsquo;est quelque chose que les employ\u00e9s plus \u00e2g\u00e9s savent tr\u00e8s bien faire\u00a0\u00bb, indique Albrecht Buhler, directeur de la jardinerie.<\/p>\n<p>Le gouvernement estime ne pas avoir le choix pour retarder le d\u00e9part massif de la g\u00e9n\u00e9ration des baby-boomers, tout en continuant \u00e0 financer le syst\u00e8me des retraites. \u00ab\u00a0L&rsquo;\u00e9tat-providence tel que nous le connaissons aujourd&rsquo;hui n&rsquo;est plus financi\u00e8rement viable avec l&rsquo;\u00e9conomie actuelle\u00a0\u00bb, d\u00e9clare le chancelier allemand Friedrich Merz.<\/p>\n<p>Mais pour certains, pas touche \u00e0 la retraite. Bernd Qualmann, professeur d&rsquo;allemand dans le priv\u00e9, vient d&rsquo;arr\u00eater son activit\u00e9. Il ne veut plus remettre un pied dans une salle de cours. \u00ab\u00a0L&rsquo;avantage principal avec la retraite, c&rsquo;est la libert\u00e9. Tu n&rsquo;as plus de rendez-vous obligatoires, tu g\u00e8res ton temps comme tu veux.\u00a0\u00bb \u00c0 64 ans, le jeune retrait\u00e9 veut d\u00e9sormais s&rsquo;occuper de son club nautique et de ses amis. Il estime avoir suffisamment cotis\u00e9 : \u00ab\u00a0Bien s\u00fbr, s&rsquo;il fallait vraiment reprendre, je le ferais s&rsquo;il devenait financi\u00e8rement n\u00e9cessaire. Mais l\u00e0, je n&rsquo;en ai pas besoin, car rien ne me manque. Et puis j&rsquo;ai encore plein d&rsquo;autres projets.\u00a0\u00bb<\/p>\n<p>Mais ce projet de loi reste contest\u00e9 en Allemagne. Selon cet \u00e9conomiste, il encouragerait les in\u00e9galit\u00e9s entre ceux toujours capables de travailler et les autres : \u00ab\u00a0Qu&rsquo;allons-nous faire de ces gens qui ne peuvent pas reprendre un travail plus longtemps ? Comment les soutenir afin que cette retraite active ne provoque pas de pauvret\u00e9 suppl\u00e9mentaire ?\u00a0\u00bb<\/p>\n<p>Les syndicats pointent aussi des contradictions. D&rsquo;un c\u00f4t\u00e9, le gouvernement encourage toujours la retraite anticip\u00e9e pour les carri\u00e8res longues, et de l&rsquo;autre, cette nouvelle mesure. La retraite active fait toujours d\u00e9bat au sein de la coalition avec un probl\u00e8me majeur : son co\u00fbt. Il avoisinerait le milliard et demi d&rsquo;euros de recettes fiscales en moins pour les caisses de l&rsquo;\u00c9tat.<\/p>\n","protected":false},"excerpt":{"rendered":"lire plus tard Pour sauvegarder cet article, connectez-vous ou cr\u00e9ez un compte franceinfo Sans paiement. Sans abonnement. Fermer&hellip;\n","protected":false},"author":2,"featured_media":541286,"comment_status":"","ping_status":"","sticky":false,"template":"","format":"standard","meta":{"footnotes":""},"categories":[1587],"tags":[11,672,1804,1805,1803,1777,674,1801,12,1802],"class_list":{"0":"post-541285","1":"post","2":"type-post","3":"status-publish","4":"format-standard","5":"has-post-thumbnail","7":"category-allemagne","8":"tag-actualites","9":"tag-allemagne","10":"tag-bundesrepublik-deutschland","11":"tag-de","12":"tag-deutschland","13":"tag-eu","14":"tag-europe","15":"tag-germany","16":"tag-news","17":"tag-republique-federale-dallemagne"},"share_on_mastodon":{"url":"https:\/\/pubeurope.com\/@fr\/115567646333374067","error":""},"_links":{"self":[{"href":"https:\/\/www.europesays.com\/fr\/wp-json\/wp\/v2\/posts\/541285","targetHints":{"allow":["GET"]}}],"collection":[{"href":"https:\/\/www.europesays.com\/fr\/wp-json\/wp\/v2\/posts"}],"about":[{"href":"https:\/\/www.europesays.com\/fr\/wp-json\/wp\/v2\/types\/post"}],"author":[{"embeddable":true,"href":"https:\/\/www.europesays.com\/fr\/wp-json\/wp\/v2\/users\/2"}],"replies":[{"embeddable":true,"href":"https:\/\/www.europesays.com\/fr\/wp-json\/wp\/v2\/comments?post=541285"}],"version-history":[{"count":0,"href":"https:\/\/www.europesays.com\/fr\/wp-json\/wp\/v2\/posts\/541285\/revisions"}],"wp:featuredmedia":[{"embeddable":true,"href":"https:\/\/www.europesays.com\/fr\/wp-json\/wp\/v2\/media\/541286"}],"wp:attachment":[{"href":"https:\/\/www.europesays.com\/fr\/wp-json\/wp\/v2\/media?parent=541285"}],"wp:term":[{"taxonomy":"category","embeddable":true,"href":"https:\/\/www.europesays.com\/fr\/wp-json\/wp\/v2\/categories?post=541285"},{"taxonomy":"post_tag","embeddable":true,"href":"https:\/\/www.europesays.com\/fr\/wp-json\/wp\/v2\/tags?post=541285"}],"curies":[{"name":"wp","href":"https:\/\/api.w.org\/{rel}","templated":true}]}}