{"id":541296,"date":"2025-11-17T23:38:10","date_gmt":"2025-11-17T23:38:10","guid":{"rendered":"https:\/\/www.europesays.com\/fr\/541296\/"},"modified":"2025-11-17T23:38:10","modified_gmt":"2025-11-17T23:38:10","slug":"sipili-falatea-a-refuse-de-nombreuses-propositions-pour-rester-a-lubb","status":"publish","type":"post","link":"https:\/\/www.europesays.com\/fr\/541296\/","title":{"rendered":"Sipili Falatea a refus\u00e9 de nombreuses propositions pour rester \u00e0 l\u2019UBB"},"content":{"rendered":"<p>C\u2019est officiel depuis quelques jours d\u00e9j\u00e0.<\/p>\n<p>Le pilier droit Sipili Falatea a prolong\u00e9 son contrat avec l\u2019Union Bordeaux-B\u00e8gles.<\/p>\n<p>Ce-dernier va poursuivre sa carri\u00e8re \u00e0 l\u2019UBB pour deux saisons suppl\u00e9mentaires, soit jusqu\u2019au mois de juin 2028.<\/p>\n<p>Interrog\u00e9 via Ici Gironde, le joueur a expliqu\u00e9 sa d\u00e9cision de rester \u00e0 Bordeaux-B\u00e8gles.<\/p>\n<p>Il pr\u00e9cise avoir \u00e9t\u00e9 approch\u00e9 par plusieurs clubs du haut de tableau du Top 14.<\/p>\n<p><strong>A lire ci-dessous :\u00a0<\/strong><\/p>\n<p>\u00ab\u00a0J\u2019ai eu des propositions de d\u2019autres clubs qui jouent aussi le haut de tableau mais pour la stabilit\u00e9, mes rep\u00e8res et le c\u0153ur, Bordeaux a \u00e9t\u00e9 celui qui a rempli toutes les cases.\u00a0\u00bb<\/p>\n<blockquote class=\"twitter-tweet\" data-width=\"550\" data-dnt=\"true\">\n<p lang=\"fr\" dir=\"ltr\">\ud83c\udfc9 Sipili Falatea sur sa prolongation :<br \/>\u00ab\u00a0J&rsquo;ai eu des propositions de d&rsquo;autres clubs qui jouent aussi le haut de tableau mais pour la stabilit\u00e9, mes rep\u00e8res et le c\u0153ur, Bordeaux a \u00e9t\u00e9 celui qui a rempli toutes les cases.\u00a0\u00bb<br \/>Ici Gironde<a href=\"https:\/\/twitter.com\/hashtag\/Rugby?src=hash&amp;ref_src=twsrc%5Etfw\" rel=\"nofollow noopener\" target=\"_blank\">#Rugby<\/a> <a href=\"https:\/\/twitter.com\/hashtag\/UBB?src=hash&amp;ref_src=twsrc%5Etfw\" rel=\"nofollow noopener\" target=\"_blank\">#UBB<\/a> <a href=\"https:\/\/twitter.com\/hashtag\/Top14?src=hash&amp;ref_src=twsrc%5Etfw\" rel=\"nofollow noopener\" target=\"_blank\">#Top14<\/a> <a href=\"https:\/\/t.co\/UUzWGdtzud\" rel=\"nofollow\">pic.twitter.com\/UUzWGdtzud<\/a><\/p>\n<p>\u2014 catourneovale (@catourneovale) <a href=\"https:\/\/twitter.com\/catourneovale\/status\/1990482441891688658?ref_src=twsrc%5Etfw\" rel=\"nofollow noopener\" target=\"_blank\">November 17, 2025<\/a><\/p>\n<\/blockquote>\n<p><script async src=\"https:\/\/platform.twitter.com\/widgets.js\" charset=\"utf-8\"><\/script><\/p>\n","protected":false},"excerpt":{"rendered":"C\u2019est officiel depuis quelques jours d\u00e9j\u00e0. Le pilier droit Sipili Falatea a prolong\u00e9 son contrat avec l\u2019Union Bordeaux-B\u00e8gles.&hellip;\n","protected":false},"author":2,"featured_media":541297,"comment_status":"","ping_status":"","sticky":false,"template":"","format":"standard","meta":{"footnotes":""},"categories":[1416],"tags":[1011,27,479,1468,60],"class_list":{"0":"post-541296","1":"post","2":"type-post","3":"status-publish","4":"format-standard","5":"has-post-thumbnail","7":"category-rugby","8":"tag-fr","9":"tag-france","10":"tag-rugby","11":"tag-rugby-football","12":"tag-sports"},"share_on_mastodon":{"url":"https:\/\/pubeurope.com\/@fr\/115567676933405461","error":""},"_links":{"self":[{"href":"https:\/\/www.europesays.com\/fr\/wp-json\/wp\/v2\/posts\/541296","targetHints":{"allow":["GET"]}}],"collection":[{"href":"https:\/\/www.europesays.com\/fr\/wp-json\/wp\/v2\/posts"}],"about":[{"href":"https:\/\/www.europesays.com\/fr\/wp-json\/wp\/v2\/types\/post"}],"author":[{"embeddable":true,"href":"https:\/\/www.europesays.com\/fr\/wp-json\/wp\/v2\/users\/2"}],"replies":[{"embeddable":true,"href":"https:\/\/www.europesays.com\/fr\/wp-json\/wp\/v2\/comments?post=541296"}],"version-history":[{"count":0,"href":"https:\/\/www.europesays.com\/fr\/wp-json\/wp\/v2\/posts\/541296\/revisions"}],"wp:featuredmedia":[{"embeddable":true,"href":"https:\/\/www.europesays.com\/fr\/wp-json\/wp\/v2\/media\/541297"}],"wp:attachment":[{"href":"https:\/\/www.europesays.com\/fr\/wp-json\/wp\/v2\/media?parent=541296"}],"wp:term":[{"taxonomy":"category","embeddable":true,"href":"https:\/\/www.europesays.com\/fr\/wp-json\/wp\/v2\/categories?post=541296"},{"taxonomy":"post_tag","embeddable":true,"href":"https:\/\/www.europesays.com\/fr\/wp-json\/wp\/v2\/tags?post=541296"}],"curies":[{"name":"wp","href":"https:\/\/api.w.org\/{rel}","templated":true}]}}