{"id":541298,"date":"2025-11-17T23:39:11","date_gmt":"2025-11-17T23:39:11","guid":{"rendered":"https:\/\/www.europesays.com\/fr\/541298\/"},"modified":"2025-11-17T23:39:11","modified_gmt":"2025-11-17T23:39:11","slug":"atp-eubanks-prend-sa-retraite-a-29-ans-sports","status":"publish","type":"post","link":"https:\/\/www.europesays.com\/fr\/541298\/","title":{"rendered":"ATP : Eubanks prend sa retraite \u00e0 29 ans : Sports"},"content":{"rendered":"<p class=\"date\">\n                                                            Aur\u00e9lie Sacchelli, Media365, publi\u00e9 le lundi 17 novembre 2025 \u00e0 22h18\n                                                    <\/p>\n<p>L&rsquo;Am\u00e9ricain Christopher Eubanks a annonc\u00e9 ce lundi qu&rsquo;il prenait sa retraite, \u00e0 29 ans, apr\u00e8s avoir remport\u00e9 un tournoi, disput\u00e9 un quart de finale \u00e0 Wimbledon et avoir atteint le 29e rang mondial.<\/p>\n<p>On ne reverra plus Christopher Eubanks sur les courts du circuit ATP. A seulement 29 ans, l&rsquo;Am\u00e9ricain a en effet annonc\u00e9 ce lundi qu&rsquo;il prenait sa retraite, lui dont le dernier match remonte \u00e0 octobre dernier au Challenger de Roanne et la derni\u00e8re victoire dans le tableau principal d&rsquo;un tournoi ATP au mois de mars en huiti\u00e8mes de finale \u00e0 Houston. Celui qui est class\u00e9 266e mondial ce lundi a fait cette annonce sur son compte Instagram. \u00ab\u00a0<strong>Si vous aviez dit \u00e0 ce petit gar\u00e7on du sud d&rsquo;Atlanta qu&rsquo;il accomplirait tout ce qu&rsquo;il a accompli, il ne vous aurait pas cru<\/strong>. Deux fois joueur de l&rsquo;ann\u00e9e de l&rsquo;ACC (Conf\u00e9rence de la C\u00f4te atlantique, en championnat universitaire, ndlr) ? Oui, c&rsquo;est \u00e7a. Quart de finaliste \u00e0 Wimbledon ? Impossible. Olympien ? Inconcevable. J&rsquo;ai eu la chance de voyager \u00e0 travers le monde et de nouer des relations incroyables tout en r\u00e9alisant mon r\u00eave de toujours : devenir joueur de tennis professionnel. Je ne trouve pas les mots pour exprimer \u00e0 quel point j&rsquo;ai \u00e9t\u00e9 chanceux. Est-ce vraiment la fin ? Difficile \u00e0 dire, mais si c&rsquo;est le cas, WHOOPTY DOO !!! Ce fut une aventure incroyable\u00a0\u00bb, \u00e9crit le d\u00e9sormais ex-joueur.<\/p>\n<p>2023, sa meilleure saison<\/p>\n<p>Le natif d&rsquo;Atlanta avait d\u00e9but\u00e9 sur le circuit ATP en 2015 dans sa ville natale, et aura donc jou\u00e9 pendant onze saisons chez les professionnels. Il a remport\u00e9 un seul tournoi, celui de Majorque sur gazon, en 2023, en battant Adrian Mannarino en finale. Son meilleur r\u00e9sultat en Grand Chelem aura \u00e9t\u00e9, et de loin, un quart de finale \u00e0 Wimbledon en cette m\u00eame ann\u00e9e 2023,<strong> o\u00f9 il avait notamment \u00e9limin\u00e9 Cameron Norrie (13e mondial) et Stefanos Tsitsipas (5e, pour sa seule victoire sur un Top 10) avant de tomber en cinq sets face \u00e0 Daniil Medvedev.<\/strong> Cette performance lui a permis d&rsquo;atteindre quelques semaines plus tard le meilleur classement de sa carri\u00e8re : 29e. Il a \u00e9galement disput\u00e9 un match aux Jeux Olympiques, \u00e0 Paris l&rsquo;an pass\u00e9, o\u00f9 il \u00e9tait tomb\u00e9 d\u00e8s le premier tour face au Libanais Hassan.<\/p>\n","protected":false},"excerpt":{"rendered":"Aur\u00e9lie Sacchelli, Media365, publi\u00e9 le lundi 17 novembre 2025 \u00e0 22h18 L&rsquo;Am\u00e9ricain Christopher Eubanks a annonc\u00e9 ce lundi&hellip;\n","protected":false},"author":2,"featured_media":541299,"comment_status":"","ping_status":"","sticky":false,"template":"","format":"standard","meta":{"footnotes":""},"categories":[1415],"tags":[1011,27,60,1467],"class_list":{"0":"post-541298","1":"post","2":"type-post","3":"status-publish","4":"format-standard","5":"has-post-thumbnail","7":"category-tennis","8":"tag-fr","9":"tag-france","10":"tag-sports","11":"tag-tennis"},"share_on_mastodon":{"url":"https:\/\/pubeurope.com\/@fr\/115567680749686366","error":""},"_links":{"self":[{"href":"https:\/\/www.europesays.com\/fr\/wp-json\/wp\/v2\/posts\/541298","targetHints":{"allow":["GET"]}}],"collection":[{"href":"https:\/\/www.europesays.com\/fr\/wp-json\/wp\/v2\/posts"}],"about":[{"href":"https:\/\/www.europesays.com\/fr\/wp-json\/wp\/v2\/types\/post"}],"author":[{"embeddable":true,"href":"https:\/\/www.europesays.com\/fr\/wp-json\/wp\/v2\/users\/2"}],"replies":[{"embeddable":true,"href":"https:\/\/www.europesays.com\/fr\/wp-json\/wp\/v2\/comments?post=541298"}],"version-history":[{"count":0,"href":"https:\/\/www.europesays.com\/fr\/wp-json\/wp\/v2\/posts\/541298\/revisions"}],"wp:featuredmedia":[{"embeddable":true,"href":"https:\/\/www.europesays.com\/fr\/wp-json\/wp\/v2\/media\/541299"}],"wp:attachment":[{"href":"https:\/\/www.europesays.com\/fr\/wp-json\/wp\/v2\/media?parent=541298"}],"wp:term":[{"taxonomy":"category","embeddable":true,"href":"https:\/\/www.europesays.com\/fr\/wp-json\/wp\/v2\/categories?post=541298"},{"taxonomy":"post_tag","embeddable":true,"href":"https:\/\/www.europesays.com\/fr\/wp-json\/wp\/v2\/tags?post=541298"}],"curies":[{"name":"wp","href":"https:\/\/api.w.org\/{rel}","templated":true}]}}