{"id":54131,"date":"2025-04-26T10:18:06","date_gmt":"2025-04-26T10:18:06","guid":{"rendered":"https:\/\/www.europesays.com\/fr\/54131\/"},"modified":"2025-04-26T10:18:06","modified_gmt":"2025-04-26T10:18:06","slug":"la-f1-garde-un-pied-a-mexico-et-un-espoir-renait-pour-sergio-perez","status":"publish","type":"post","link":"https:\/\/www.europesays.com\/fr\/54131\/","title":{"rendered":"la F1 garde un pied \u00e0 Mexico\u2026 et un espoir rena\u00eet pour Sergio P\u00e9rez"},"content":{"rendered":"<p itemprop=\"description\">Menac\u00e9 de disparition, le Grand Prix du<br \/>\nMexique devrait finalement \u00eatre reconduit pour trois ann\u00e9es<br \/>\nsuppl\u00e9mentaires. Une d\u00e9cision salu\u00e9e par les fans, alors que<br \/>\nl\u2019avenir de Sergio P\u00e9rez reste flou.<\/p>\n<p class=\"\" data-start=\"517\" data-end=\"913\">Longtemps dans<br \/>\nl\u2019incertitude, l\u2019avenir du Grand Prix du Mexique semble d\u00e9sormais<br \/>\ns\u2019\u00e9claircir. Alors que le contrat liant l\u2019Aut\u00f3dromo Hermanos<br \/>\nRodr\u00edguez \u00e0 la Formule 1 touche \u00e0 sa fin en 2024, les autorit\u00e9s<br \/>\nlocales ont laiss\u00e9 entendre qu\u2019un nouvel accord pourrait \u00eatre sign\u00e9<br \/>\ntr\u00e8s prochainement. Clara Brugada, cheffe du gouvernement de<br \/>\nMexico, a m\u00eame \u00e9voqu\u00e9 une officialisation d\u2019ici le 30 avril.<\/p>\n<p class=\"\" data-start=\"915\" data-end=\"1212\">Ce nouveau bail<br \/>\nporterait sur trois ans, dans la lign\u00e9e du pr\u00e9c\u00e9dent, avec un<br \/>\nfinancement toujours enti\u00e8rement priv\u00e9. Une solution d\u00e9j\u00e0 adopt\u00e9e<br \/>\ndepuis 2018, apr\u00e8s le d\u00e9sengagement de l\u2019\u00c9tat f\u00e9d\u00e9ral. Pour les<br \/>\npassionn\u00e9s mexicains et les amoureux de cette \u00e9preuve embl\u00e9matique,<br \/>\nc\u2019est un soulagement.<\/p>\n<p>Une ferveur populaire intacte<br \/>\nmalgr\u00e9 l\u2019incertitude<\/p>\n<p class=\"\" data-start=\"1270\" data-end=\"1649\">Le doute planait<br \/>\n\u00e9galement sur la p\u00e9rennit\u00e9 de l\u2019\u00e9v\u00e9nement en raison de l\u2019absence<br \/>\nannonc\u00e9e de Sergio P\u00e9rez en 2025. Figure de proue du sport<br \/>\nautomobile au Mexique, \u00ab\u00a0Checo\u00a0\u00bb devrait quitter Red Bull \u00e0 la fin de<br \/>\ncette saison, mettant ainsi fin \u00e0 une pr\u00e9sence ininterrompue en F1<br \/>\ndepuis 2011. Une nouvelle difficile \u00e0 dig\u00e9rer pour les supporters,<br \/>\ntr\u00e8s attach\u00e9s \u00e0 leur h\u00e9ros national.<\/p>\n<p class=\"\" data-start=\"1651\" data-end=\"2016\">Pourtant, la<br \/>\npopularit\u00e9 du Grand Prix de Mexico d\u00e9passe d\u00e9sormais celle d\u2019un<br \/>\nseul homme. \u00ab\u00a0L\u2019\u00e9v\u00e9nement attire un public fid\u00e8le, venu de tout<br \/>\nle pays mais aussi de l\u2019\u00e9tranger\u00a0\u00bb affirment les organisateurs<br \/>\nde l\u00a0\u00bb\u00e9preuve. Le spectacle et l\u2019ambiance unique des tribunes,<br \/>\nnotamment celle du stade Foro Sol, en font l\u2019un des rendez-vous les<br \/>\nplus vibrants du calendrier.<\/p>\n<p>Un retour de Checo en 2026 ?<br \/>\nRien n\u2019est exclu<\/p>\n<p class=\"\" data-start=\"2069\" data-end=\"2434\">Malgr\u00e9 son d\u00e9part<br \/>\nanticip\u00e9 de Red Bull, P\u00e9rez n\u2019a pas annonc\u00e9 sa retraite. Loin de<br \/>\nl\u00e0. Actuellement en r\u00e9flexion sur son avenir, le pilote mexicain<br \/>\nn\u2019\u00e9carte pas l\u2019id\u00e9e d\u2019un retour d\u00e8s 2026, \u00e0 l\u2019aube de la nouvelle<br \/>\nr\u00e9glementation technique de la F1. Plusieurs \u00e9curies seraient d\u00e9j\u00e0<br \/>\nint\u00e9ress\u00e9es, dont Cadillac, qui fera son entr\u00e9e dans la discipline<br \/>\ncette m\u00eame ann\u00e9e.<\/p>\n<p class=\"\" data-start=\"2436\" data-end=\"2681\">\u00ab\u00a0Je prendrai une<br \/>\nd\u00e9cision uniquement si je suis s\u00fbr de pouvoir \u00eatre comp\u00e9titif\u00a0\u00bb<br \/>\na-t-il confi\u00e9 depuis Guadalajara. Une d\u00e9claration qui redonne<br \/>\nespoir \u00e0 ses nombreux fans, qui r\u00eavent d\u00e9j\u00e0 de le revoir en piste\u2026<br \/>\npourquoi pas \u00e0 domicile.<\/p>\n<p>Un timing qui n\u2019a rien d\u2019un<br \/>\nhasard<\/p>\n<p class=\"\" data-start=\"2723\" data-end=\"3083\">Difficile de ne pas<br \/>\nvoir un lien entre la possible prolongation du Grand Prix du<br \/>\nMexique et les sp\u00e9culations autour de l\u2019avenir de Checo P\u00e9rez. Bien<br \/>\nque rien ne soit encore act\u00e9, la synchronisation de ces deux<br \/>\nannonces nourrit l\u2019optimisme des supporters. Le Mexique semble bien<br \/>\nd\u00e9cid\u00e9 \u00e0 rester un acteur majeur de la Formule 1 \u2013 sur la piste<br \/>\ncomme en tribunes.<\/p>\n","protected":false},"excerpt":{"rendered":"Menac\u00e9 de disparition, le Grand Prix du Mexique devrait finalement \u00eatre reconduit pour trois ann\u00e9es suppl\u00e9mentaires. Une d\u00e9cision&hellip;\n","protected":false},"author":2,"featured_media":54132,"comment_status":"","ping_status":"","sticky":false,"template":"","format":"standard","meta":{"footnotes":""},"categories":[1412],"tags":[1451,1452,1453,1454,1455,1011,27,14842,13450,60],"class_list":{"0":"post-54131","1":"post","2":"type-post","3":"status-publish","4":"format-standard","5":"has-post-thumbnail","7":"category-f1","8":"tag-f1","9":"tag-formula-1","10":"tag-formula1","11":"tag-formule-1","12":"tag-formule1","13":"tag-fr","14":"tag-france","15":"tag-grand-prix-du-mexique","16":"tag-sergio-perez","17":"tag-sports"},"share_on_mastodon":{"url":"https:\/\/pubeurope.com\/@fr\/114403757483793087","error":""},"_links":{"self":[{"href":"https:\/\/www.europesays.com\/fr\/wp-json\/wp\/v2\/posts\/54131","targetHints":{"allow":["GET"]}}],"collection":[{"href":"https:\/\/www.europesays.com\/fr\/wp-json\/wp\/v2\/posts"}],"about":[{"href":"https:\/\/www.europesays.com\/fr\/wp-json\/wp\/v2\/types\/post"}],"author":[{"embeddable":true,"href":"https:\/\/www.europesays.com\/fr\/wp-json\/wp\/v2\/users\/2"}],"replies":[{"embeddable":true,"href":"https:\/\/www.europesays.com\/fr\/wp-json\/wp\/v2\/comments?post=54131"}],"version-history":[{"count":0,"href":"https:\/\/www.europesays.com\/fr\/wp-json\/wp\/v2\/posts\/54131\/revisions"}],"wp:featuredmedia":[{"embeddable":true,"href":"https:\/\/www.europesays.com\/fr\/wp-json\/wp\/v2\/media\/54132"}],"wp:attachment":[{"href":"https:\/\/www.europesays.com\/fr\/wp-json\/wp\/v2\/media?parent=54131"}],"wp:term":[{"taxonomy":"category","embeddable":true,"href":"https:\/\/www.europesays.com\/fr\/wp-json\/wp\/v2\/categories?post=54131"},{"taxonomy":"post_tag","embeddable":true,"href":"https:\/\/www.europesays.com\/fr\/wp-json\/wp\/v2\/tags?post=54131"}],"curies":[{"name":"wp","href":"https:\/\/api.w.org\/{rel}","templated":true}]}}