{"id":541312,"date":"2025-11-17T23:50:28","date_gmt":"2025-11-17T23:50:28","guid":{"rendered":"https:\/\/www.europesays.com\/fr\/541312\/"},"modified":"2025-11-17T23:50:28","modified_gmt":"2025-11-17T23:50:28","slug":"la-suite-devrait-arriver-selon-son-realisateur-malheureusement","status":"publish","type":"post","link":"https:\/\/www.europesays.com\/fr\/541312\/","title":{"rendered":"la suite devrait arriver selon son r\u00e9alisateur, malheureusement&#8230;"},"content":{"rendered":"<p><strong>Pendant la promotion d\u2019<a href=\"https:\/\/www.ecranlarge.com\/films\/1450859-insaisissables-3\" data-type=\"films\" data-id=\"692989\" rel=\"nofollow noopener\" target=\"_blank\">Insaisissables 3<\/a>, le r\u00e9alisateur <a href=\"https:\/\/www.ecranlarge.com\/personnalite\/722163-ruben-fleischer\" data-type=\"people\" data-id=\"366459\" rel=\"nofollow noopener\" target=\"_blank\">Ruben Fleischer<\/a> a \u00e9voqu\u00e9 la possibilit\u00e9 d\u2019un Zombieland 3.<\/strong><\/p>\n<p>Dans le genre des mercenaires hollywoodiens qui arrivent encore miraculeusement \u00e0 avoir une carri\u00e8re, Ruben Fleischer se pose l\u00e0. Gr\u00e2ce (ou \u00e0 cause) du succ\u00e8s du premier <strong><a href=\"https:\/\/www.ecranlarge.com\/films\/849798-bienvenue-a-zombieland\" data-type=\"films\" data-id=\"665144\" rel=\"nofollow noopener\" target=\"_blank\">Bienvenue \u00e0 Zombieland<\/a><\/strong>, petite com\u00e9die de zombies vaguement amusante (mais calmons-nous, c\u2019est loin d\u2019\u00eatre <strong>Shaun of the Dead<\/strong>), le r\u00e9alisateur s\u2019est vu confier d\u2019autres tentatives de modernisation de genres (<strong>Gangster Squad<\/strong>), voire des franchises aux adaptations attendues (<strong>Venom, Uncharted<\/strong>). <\/p>\n<p>                    <img decoding=\"async\" alt=\"\" class=\"wp-image-518375\" style=\"object-fit:cover;width:25px;height:25px\" src=\"https:\/\/www.ecranlarge.com\/content\/uploads\/2023\/09\/arrow-right-circle.svg\"\/><\/p>\n<p>Si la m\u00e9diocrit\u00e9 a le m\u00e9rite d\u2019\u00eatre une constance cr\u00e9ative chez le cin\u00e9aste, on remarquera aussi que Fleischer s\u2019accroche rarement aux sagas qu\u2019il r\u00e9cup\u00e8re. Preuve en est avec son dernier-n\u00e9, Insaisissables 3, appartenant \u00e0 une trilogie lunaire qui a vu passer Louis Leterrier (<strong>Le Transporteur, L\u2019Incroyable Hulk<\/strong>) et Jon M. Chu (<strong>Wicked<\/strong>). L\u2019exception \u00e0 la r\u00e8gle, \u00e7a reste <strong>Zombieland<\/strong>, dont Fleischer a lui-m\u00eame r\u00e9alis\u00e9 la suite poussive <strong><a href=\"https:\/\/www.ecranlarge.com\/films\/1039433-bienvenue-a-zombieland-2\" data-type=\"films\" data-id=\"687403\" rel=\"nofollow noopener\" target=\"_blank\">Retour \u00e0 Zombieland<\/a><\/strong> en 2019. Et \u00e7a n\u2019est visiblement pas pr\u00e8s de s\u2019arr\u00eater\u2026<\/p>\n<p><a href=\"https:\/\/www.ecranlarge.com\/content\/uploads\/2021\/09\/bienvenue-a-zombieland-photo-wood-1396639.jpg\" rel=\"nofollow noopener\" target=\"_blank\"><img loading=\"lazy\" decoding=\"async\" alt=\"Bienvenue \u00e0 Zombieland : Photo, woody harrelson\" class=\"wp-image-243390\" src=\"https:\/\/www.europesays.com\/fr\/wp-content\/uploads\/2025\/11\/bienvenue-a-zombieland-photo-wood-1396639-630x354.jpg\" width=\"630\" height=\"354\"  \/><\/a>J\u2019ai un tour de magie : faire dispara\u00eetre toute qualit\u00e9Zombi3land<\/p>\n<p>Au micro de Deadline, Ruben Fleischer est revenu sur ce qu\u2019il attend du futur de sa carri\u00e8re. Il esp\u00e8re monter un projet qui mixerait western et fantastique, <strong>\u00ab\u00a0comme Impitoyable, si Clint Eastwood \u00e9tait un vampire\u00a0\u00bb<\/strong> (non, merci). Pour autant, <strong>Zombieland<\/strong> a \u00e9t\u00e9 au centre de la discussion, autant pour son apprentissage du poste de r\u00e9alisateur que de la coordination de l\u2019action sur le premier volet, et il pr\u00e9voit le troisi\u00e8me \u00e9pisode, dont il esp\u00e8re confirmer la mise en chantier pour des questions de calendrier. <\/p>\n<blockquote class=\"wp-block-quote is-layout-flow wp-block-quote-is-layout-flow\">\n<p><strong>\u00ab J\u2019esp\u00e8re qu\u2019on fera Zombieland 3 en 2029. On commence \u00e0 en parler parce que le premier est sorti en 2009, puis on a fait le deuxi\u00e8me en 2019, et on l\u2019a laiss\u00e9 en se disant : \u00ab\u00a0Allez, \u00e0 dans dix ans !\u00a0\u00bb. \u00c7a approche, on commence \u00e0 y r\u00e9fl\u00e9chir, et on esp\u00e8re qu\u2019on pourra le mettre en place. \u00bb<\/strong><\/p>\n<\/blockquote>\n<p><a href=\"https:\/\/www.ecranlarge.com\/content\/uploads\/2025\/11\/1444x920_abigail-breslin-emma-stone-jesse-eisenberg-rosario-dawson-woody-harrelson.webp\" rel=\"nofollow noopener\" target=\"_blank\"><img loading=\"lazy\" decoding=\"async\" alt=\"\" class=\"wp-image-1352647\" src=\"https:\/\/www.europesays.com\/fr\/wp-content\/uploads\/2025\/11\/1444x920_abigail-breslin-emma-stone-jesse-eisenberg-rosario-dawson-woody-harrelson-1260x803.webp.webp\" width=\"1260\" height=\"803\"  \/><\/a>On esp\u00e8re qu\u2019Emma Stone aura mieux \u00e0 faire<\/p>\n<p>Avec 102 millions de dollars r\u00e9colt\u00e9s dans le monde pour un budget de 23 millions, <strong>le premier Zombieland a \u00e9t\u00e9 un succ\u00e8s incontestable<\/strong>. On ne peut pas forc\u00e9ment en dire autant de sa suite, qui a pratiquement doubl\u00e9 son budget (42 millions de dollars) pour des recettes \u00e0 peine plus \u00e9lev\u00e9es (122 millions). Il n\u2019est pas question de flop, mais en rajoutant les co\u00fbts marketing, Sony attendait sans doute de <strong>Retour \u00e0 Zombieland<\/strong> qu\u2019il aille beaucoup plus loin. La nostalgie sera-t-elle suffisante pour ce troisi\u00e8me volet ? Pas s\u00fbr. <\/p>\n","protected":false},"excerpt":{"rendered":"Pendant la promotion d\u2019Insaisissables 3, le r\u00e9alisateur Ruben Fleischer a \u00e9voqu\u00e9 la possibilit\u00e9 d\u2019un Zombieland 3. Dans le&hellip;\n","protected":false},"author":2,"featured_media":541313,"comment_status":"","ping_status":"","sticky":false,"template":"","format":"standard","meta":{"footnotes":""},"categories":[1354],"tags":[58,59,1346,1011,27,1360],"class_list":{"0":"post-541312","1":"post","2":"type-post","3":"status-publish","4":"format-standard","5":"has-post-thumbnail","7":"category-films","8":"tag-divertissement","9":"tag-entertainment","10":"tag-films","11":"tag-fr","12":"tag-france","13":"tag-movies"},"share_on_mastodon":{"url":"https:\/\/pubeurope.com\/@fr\/115567724319487567","error":""},"_links":{"self":[{"href":"https:\/\/www.europesays.com\/fr\/wp-json\/wp\/v2\/posts\/541312","targetHints":{"allow":["GET"]}}],"collection":[{"href":"https:\/\/www.europesays.com\/fr\/wp-json\/wp\/v2\/posts"}],"about":[{"href":"https:\/\/www.europesays.com\/fr\/wp-json\/wp\/v2\/types\/post"}],"author":[{"embeddable":true,"href":"https:\/\/www.europesays.com\/fr\/wp-json\/wp\/v2\/users\/2"}],"replies":[{"embeddable":true,"href":"https:\/\/www.europesays.com\/fr\/wp-json\/wp\/v2\/comments?post=541312"}],"version-history":[{"count":0,"href":"https:\/\/www.europesays.com\/fr\/wp-json\/wp\/v2\/posts\/541312\/revisions"}],"wp:featuredmedia":[{"embeddable":true,"href":"https:\/\/www.europesays.com\/fr\/wp-json\/wp\/v2\/media\/541313"}],"wp:attachment":[{"href":"https:\/\/www.europesays.com\/fr\/wp-json\/wp\/v2\/media?parent=541312"}],"wp:term":[{"taxonomy":"category","embeddable":true,"href":"https:\/\/www.europesays.com\/fr\/wp-json\/wp\/v2\/categories?post=541312"},{"taxonomy":"post_tag","embeddable":true,"href":"https:\/\/www.europesays.com\/fr\/wp-json\/wp\/v2\/tags?post=541312"}],"curies":[{"name":"wp","href":"https:\/\/api.w.org\/{rel}","templated":true}]}}