{"id":541316,"date":"2025-11-17T23:52:12","date_gmt":"2025-11-17T23:52:12","guid":{"rendered":"https:\/\/www.europesays.com\/fr\/541316\/"},"modified":"2025-11-17T23:52:12","modified_gmt":"2025-11-17T23:52:12","slug":"coup-darret-pour-wembanyama-touche-au-mollet","status":"publish","type":"post","link":"https:\/\/www.europesays.com\/fr\/541316\/","title":{"rendered":"coup d\u2019arr\u00eat pour Wembanyama, touch\u00e9 au mollet"},"content":{"rendered":"<p>\n    La star fran\u00e7aise de San Antonio souffre d\u2019une \u00e9longation \u00e0 un mollet. Il devrait \u00eatre arr\u00eat\u00e9 pour plusieurs semaines.<\/p>\n<p class=\"fig-paragraph\">Mauvaise nouvelle pour Victor Wembanyama et les Spurs.\u00a0<a href=\"http:\/\/www.lefigaro.fr\/sports\/basket\/nba\/nba-on-ne-veut-pas-prendre-de-risque-victor-wembanyama-forfait-contre-sacramento-20251116\" data-fig-type=\"NewsFlash\" data-gtm-custom-categorie=\"navigation\" data-gtm-custom-action=\"crossclick\" data-gtm-custom-label=\"Contextuel\" data-gtm-event=\"customEventSPE\" data-fig-domain=\"LEFIGARO\" target=\"_blank\" rel=\"noopener\">Forfait pour le match de dimanche contre Sacramento<\/a>, le vice-champion olympique devait passer des examens compl\u00e9mentaires. \u00abLes douleurs au mollet ne sont pas \u00e0 prendre \u00e0 la l\u00e9g\u00e8re. On ne veut pas prendre de risque\u00bb, avait indiqu\u00e9 Mitch Johnson, le coach de San Antonio. Le verdict est tomb\u00e9 ce lundi.<\/p>\n<p class=\"fig-paragraph\">Apr\u00e8s avoir pass\u00e9 une IRM, il est act\u00e9 que \u00abWemby\u00bb souffre d\u2019une \u00ab\u00e9longation au mollet gauche\u00bb, comme l\u2019a pr\u00e9cis\u00e9 la franchise texane. \u00abLa blessure est survenue vendredi soir lors du match contre les Golden State Warriors. L\u2019\u00e9quipe communiquera les mises \u00e0 jour en temps voulu\u00bb, pr\u00e9cise-t-on encore, sans plus de d\u00e9tail sur la dur\u00e9e de l\u2019indisponibilit\u00e9 du g\u00e9ant (2,24m) fran\u00e7ais.<\/p>\n<p>                                    <a class=\"fig-a11y-skip a11y-hidden\" href=\"#fig-a11y-skip-main-inarticle\"><br \/>\n        Passer la publicit\u00e9<br \/>\n    <\/a><\/p>\n<p>Kornet, Olynyk et Biyombo en attendant le retour de \u00abWemby\u00bb<\/p>\n<p class=\"fig-paragraph\">Shams Charania n\u2019a pas tard\u00e9 \u00e0 apporter les \u00e9claircissements. Selon le journaliste d\u2019<a href=\"https:\/\/www.espn.com\/nba\/story\/_\/id\/47002707\/sources-spurs-victor-wembanyama-weeks-calf-strain\" target=\"_blank\" rel=\"sponsored noopener\" data-gtm-custom-categorie=\"navigation\" data-gtm-custom-action=\"crossclick\" data-gtm-custom-label=\"Contextuel\" data-gtm-event=\"customEventSPE\">ESPN<\/a>, l\u2019absence de l\u2019ancien joueur de Nanterre, l\u2019Asvel et des Mets 92 devrait se compter en semaines. Il ajoute que les dirigeants du club d\u2019Alamo City feront preuve d\u2019une \u00abgrande prudence\u00bb avec leur superstar de 21 ans, qui ne sera r\u00e9\u00e9valu\u00e9e que dans \u00abdeux \u00e0 trois semaines\u00bb. Pendant son indisponibilit\u00e9, Mitch Johnson devra composer avec Kelly Olynyk, Bismack Biyombo et Luke Kornet afin d\u2019absorber les minutes laiss\u00e9es libres. C\u2019est ce dernier qui a d\u00e9but\u00e9 en lieu et place de \u00abWemby\u00bb dimanche\u00a0<a href=\"http:\/\/www.lefigaro.fr\/sports\/basket\/nba\/nba-sans-victor-wembanyama-de-aaron-fox-permet-aux-spurs-de-s-imposer-face-a-son-ancienne-equipe-20251117\" data-fig-type=\"NewsFlash\" data-gtm-custom-categorie=\"navigation\" data-gtm-custom-action=\"crossclick\" data-gtm-custom-label=\"Contextuel\" data-gtm-event=\"customEventSPE\" data-fig-domain=\"LEFIGARO\" target=\"_blank\" rel=\"noopener\">contre les Kings (123-110)<\/a>, avec 13 points \u00e0 5\/5 aux tirs et trois contres \u00e0 la cl\u00e9.<\/p>\n<p class=\"fig-paragraph\">Rappelons que\u00a0<a href=\"http:\/\/www.lefigaro.fr\/sports\/basket\/nba\/nba-touche-a-l-epaule-victor-wembanyama-devrait-manquer-le-reste-de-la-saison-20250220\" target=\"_blank\" data-fig-type=\"NewsFlash\" rel=\"noopener\" data-gtm-custom-categorie=\"navigation\" data-gtm-custom-action=\"crossclick\" data-gtm-custom-label=\"Contextuel\" data-gtm-event=\"customEventSPE\" data-fig-domain=\"LEFIGARO\">Victor Wembanyama a vu sa saison 2024-25 s\u2019achever d\u00e8s le mois de f\u00e9vrier<\/a>, avec une thrombose veineuse profonde \u00e0 l\u2019\u00e9paule droite. Revenu encore plus fort pour d\u00e9buter la campagne 2025-26, apr\u00e8s\u00a0<a href=\"http:\/\/www.lefigaro.fr\/sports\/basket\/nba\/nba-pourquoi-wembanyama-revient-de-sa-longue-absence-encore-plus-fort-20251021\" data-fig-type=\"NewsFlash\" data-gtm-custom-categorie=\"navigation\" data-gtm-custom-action=\"crossclick\" data-gtm-custom-label=\"Contextuel\" data-gtm-event=\"customEventSPE\" data-fig-domain=\"LEFIGARO\" target=\"_blank\" rel=\"noopener\">un \u00e9t\u00e9 aussi riche que charg\u00e9<\/a>, \u00abWemby tourne \u00e0 26,2 points, 12,9 rebonds et 3,6 contres de moyenne en 2025-26. Actuels cinqui\u00e8mes\u00a0<a href=\"https:\/\/www.lefigaro.fr\/sports\/basket\/nba\/classement#conference-ouest\" target=\"_blank\" rel=\"noopener\" data-gtm-custom-categorie=\"navigation\" data-gtm-custom-action=\"crossclick\" data-gtm-custom-label=\"Contextuel\" data-gtm-event=\"customEventSPE\">au classement de l\u2019Ouest<\/a>\u00a0(9 victoires et 4 d\u00e9faites), les Spurs sont toujours priv\u00e9s de\u00a0<a href=\"http:\/\/www.lefigaro.fr\/flash-actu\/draft-nba-cooper-flagg-choisi-comme-numero-1-trois-francais-pris-au-1er-tour-20250626\" target=\"_blank\" data-fig-type=\"NewsFlash\" rel=\"noopener\" data-gtm-custom-categorie=\"navigation\" data-gtm-custom-action=\"crossclick\" data-gtm-custom-label=\"Contextuel\" data-gtm-event=\"customEventSPE\" data-fig-domain=\"LEFIGARO\">Dylan Harper, num\u00e9ro 2 de la derni\u00e8re Draft<\/a>, \u00e9galement touch\u00e9 \u00e0 un mollet.<\/p>\n","protected":false},"excerpt":{"rendered":"La star fran\u00e7aise de San Antonio souffre d\u2019une \u00e9longation \u00e0 un mollet. Il devrait \u00eatre arr\u00eat\u00e9 pour plusieurs&hellip;\n","protected":false},"author":2,"featured_media":541317,"comment_status":"","ping_status":"","sticky":false,"template":"","format":"standard","meta":{"footnotes":""},"categories":[9],"tags":[1011,27,11393,60,12957],"class_list":{"0":"post-541316","1":"post","2":"type-post","3":"status-publish","4":"format-standard","5":"has-post-thumbnail","7":"category-sports","8":"tag-fr","9":"tag-france","10":"tag-san-antonio-spurs","11":"tag-sports","12":"tag-victor-wembanyama"},"share_on_mastodon":{"url":"https:\/\/pubeurope.com\/@fr\/115567732044346518","error":""},"_links":{"self":[{"href":"https:\/\/www.europesays.com\/fr\/wp-json\/wp\/v2\/posts\/541316","targetHints":{"allow":["GET"]}}],"collection":[{"href":"https:\/\/www.europesays.com\/fr\/wp-json\/wp\/v2\/posts"}],"about":[{"href":"https:\/\/www.europesays.com\/fr\/wp-json\/wp\/v2\/types\/post"}],"author":[{"embeddable":true,"href":"https:\/\/www.europesays.com\/fr\/wp-json\/wp\/v2\/users\/2"}],"replies":[{"embeddable":true,"href":"https:\/\/www.europesays.com\/fr\/wp-json\/wp\/v2\/comments?post=541316"}],"version-history":[{"count":0,"href":"https:\/\/www.europesays.com\/fr\/wp-json\/wp\/v2\/posts\/541316\/revisions"}],"wp:featuredmedia":[{"embeddable":true,"href":"https:\/\/www.europesays.com\/fr\/wp-json\/wp\/v2\/media\/541317"}],"wp:attachment":[{"href":"https:\/\/www.europesays.com\/fr\/wp-json\/wp\/v2\/media?parent=541316"}],"wp:term":[{"taxonomy":"category","embeddable":true,"href":"https:\/\/www.europesays.com\/fr\/wp-json\/wp\/v2\/categories?post=541316"},{"taxonomy":"post_tag","embeddable":true,"href":"https:\/\/www.europesays.com\/fr\/wp-json\/wp\/v2\/tags?post=541316"}],"curies":[{"name":"wp","href":"https:\/\/api.w.org\/{rel}","templated":true}]}}