{"id":541322,"date":"2025-11-17T23:55:15","date_gmt":"2025-11-17T23:55:15","guid":{"rendered":"https:\/\/www.europesays.com\/fr\/541322\/"},"modified":"2025-11-17T23:55:15","modified_gmt":"2025-11-17T23:55:15","slug":"fnac-casino-t18-et-maintenant-totalenergies-les-nouvelles-frontieres-de-lempire-du-milliardaire-daniel-kretinsky","status":"publish","type":"post","link":"https:\/\/www.europesays.com\/fr\/541322\/","title":{"rendered":"Fnac, Casino, T18 et maintenant TotalEnergies\u2026 Les nouvelles fronti\u00e8res de l\u2019empire du milliardaire Daniel Kretinsky"},"content":{"rendered":"<p>La holding \u00e9nerg\u00e9tique EPH, pilot\u00e9e par le milliardaire tch\u00e8que <a href=\"https:\/\/www.20minutes.fr\/diaporama\/diaporama-4170170-magnats-bousculent-paysage-mediatique-francais\" target=\"_blank\" class=\"c-link c-link--is-underlined\" rel=\"noopener\">Daniel Kretinsky<\/a>, va devenir \u00ab\u00a0l\u2019un des premiers actionnaires\u00a0\u00bb de <a href=\"https:\/\/www.20minutes.fr\/dossier\/total\" target=\"_blank\" class=\"c-link c-link--is-underlined\" rel=\"noopener\">TotalEnergies<\/a> gr\u00e2ce \u00e0 une coentreprise d\u00e9di\u00e9e \u00e0 la production d\u2019\u00e9lectricit\u00e9 en Europe de l\u2019Ouest. L\u2019accord pr\u00e9voit \u00ab\u00a0l\u2019\u00e9quivalent de 5,1\u00a0milliards d\u2019euros en actions TotalEnergies via l\u2019\u00e9mission de 95,4\u00a0millions d\u2019actions\u00a0\u00bb, pour une finalisation attendue \u00e0 la fin du premier semestre\u00a02026. Cr\u00e9\u00e9 en\u00a02009, le groupe est devenu un g\u00e9ant de l\u2019<a href=\"https:\/\/www.20minutes.fr\/dossier\/energie\" target=\"_blank\" class=\"c-link c-link--is-underlined\" rel=\"noopener\">\u00e9nergie<\/a>, atteignant 23,3\u00a0milliards d\u2019euros de chiffre d\u2019affaires en\u00a02024 en se diversifiant dans l\u2019\u00e9lectricit\u00e9, le transport de gaz et la production de chaleur.<\/p>\n<p>Parall\u00e8lement \u00e0 l\u2019\u00e9nergie, Daniel Kretinsky avance ses pions dans les <a href=\"https:\/\/www.20minutes.fr\/dossier\/poste\" target=\"_blank\" class=\"c-link c-link--is-underlined\" rel=\"noopener\">services postaux<\/a>. En\u00a02025, il a boucl\u00e9 le rachat de Royal Mail pour 3,6\u00a0milliards de livres, renfor\u00e7ant un p\u00f4le postal d\u00e9j\u00e0 structur\u00e9 autour de sa participation de pr\u00e8s de 30\u00a0% dans Post.nl. Cette strat\u00e9gie vise \u00e0 consolider sa pr\u00e9sence dans un secteur en mutation, o\u00f9 la logistique devient un levier cl\u00e9 pour ma\u00eetriser la cha\u00eene de valeur du commerce et des services.<\/p>\n<\/p>\n<p>Grande distribution et m\u00e9dias<\/p>\n<p>Dans la grande distribution, le milliardaire tch\u00e8que multiplie les op\u00e9rations. Apr\u00e8s \u00eatre entr\u00e9 au capital en\u00a02018, il a pris le contr\u00f4le du groupe <a href=\"https:\/\/www.20minutes.fr\/dossier\/casino\" target=\"_blank\" class=\"c-link c-link--is-underlined\" rel=\"noopener\">Casino<\/a> en\u00a02024 avec Marc Ladreit de Lacharri\u00e8re, tout en renfor\u00e7ant <a href=\"https:\/\/www.20minutes.fr\/dossier\/fnac\" target=\"_blank\" class=\"c-link c-link--is-underlined\" rel=\"noopener\">Fnac-Darty<\/a>, dont il est devenu le premier actionnaire. Il a aussi soutenu en\u00a02024 le rachat d\u2019UniEuro, d\u00e9sormais partag\u00e9 entre Fnac-Darty et sa soci\u00e9t\u00e9 Ruby Equity Investment. Il poss\u00e8de \u00e9galement des participations dans Metro, Sainsbury\u2019s et Foot Locker, affirmant son influence sur l\u2019ensemble du secteur europ\u00e9en et nord-am\u00e9ricain de la distribution.<\/p>\n<p><a href=\"https:\/\/www.20minutes.fr\/dossier\/milliardaire\" target=\"_blank\" class=\"c-link c-btn c-btn--primary\" rel=\"noopener\">Notre dossier sur les milliardaires<\/a><\/p>\n<p>Dans les m\u00e9dias, Kretinsky m\u00e8ne depuis\u00a02018 une expansion continue via Czech Media Invest. Apr\u00e8s avoir acquis Elle, T\u00e9l\u00e9 7 Jours, Ici Paris, France Dimanche et d\u2019autres titres du portefeuille Lagard\u00e8re Active, il a investi dans Loopsider, TF1 et Louie Media, lanc\u00e9 Franc-Tireur, repris Editis en\u00a02023 et soutenu Lib\u00e9ration. L\u2019ann\u00e9e\u00a02025 marque un tournant avec la cr\u00e9ation de la cha\u00eene g\u00e9n\u00e9raliste <a href=\"https:\/\/www.20minutes.fr\/arts-stars\/television\/t18\/\" target=\"_blank\" class=\"c-link c-link--is-underlined\" rel=\"noopener\">T18<\/a> sur la <a href=\"https:\/\/www.20minutes.fr\/dossier\/tnt\" target=\"_blank\" class=\"c-link c-link--is-underlined\" rel=\"noopener\">TNT<\/a> et une r\u00e9organisation majeure de ses actifs, incluant la cession programm\u00e9e de T\u00e9l\u00e9 7 Jours, France Dimanche et Ici Paris, signe d\u2019un recentrage strat\u00e9gique sur les marques jug\u00e9es les plus porteuses. Toutes ces op\u00e9rations confirment la strat\u00e9gie multiforme d\u2019un acteur d\u00e9sormais incontournable des secteurs de l\u2019\u00e9nergie, des services, du commerce et des m\u00e9dias en Europe.<\/p>\n","protected":false},"excerpt":{"rendered":"La holding \u00e9nerg\u00e9tique EPH, pilot\u00e9e par le milliardaire tch\u00e8que Daniel Kretinsky, va devenir \u00ab\u00a0l\u2019un des premiers actionnaires\u00a0\u00bb de&hellip;\n","protected":false},"author":2,"featured_media":541323,"comment_status":"","ping_status":"","sticky":false,"template":"","format":"standard","meta":{"footnotes":""},"categories":[6],"tags":[48439,47,35,2105,33,34,893,1011,27,399,500,6817,4048,252,33846],"class_list":{"0":"post-541322","1":"post","2":"type-post","3":"status-publish","4":"format-standard","5":"has-post-thumbnail","7":"category-economie","8":"tag-actionnaire","9":"tag-actualite","10":"tag-business","11":"tag-distribution","12":"tag-economie","13":"tag-economy","14":"tag-energie","15":"tag-fr","16":"tag-france","17":"tag-investissement","18":"tag-medias","19":"tag-milliardaire","20":"tag-presse","21":"tag-television","22":"tag-totalenergies"},"share_on_mastodon":{"url":"https:\/\/pubeurope.com\/@fr\/115567744420481755","error":""},"_links":{"self":[{"href":"https:\/\/www.europesays.com\/fr\/wp-json\/wp\/v2\/posts\/541322","targetHints":{"allow":["GET"]}}],"collection":[{"href":"https:\/\/www.europesays.com\/fr\/wp-json\/wp\/v2\/posts"}],"about":[{"href":"https:\/\/www.europesays.com\/fr\/wp-json\/wp\/v2\/types\/post"}],"author":[{"embeddable":true,"href":"https:\/\/www.europesays.com\/fr\/wp-json\/wp\/v2\/users\/2"}],"replies":[{"embeddable":true,"href":"https:\/\/www.europesays.com\/fr\/wp-json\/wp\/v2\/comments?post=541322"}],"version-history":[{"count":0,"href":"https:\/\/www.europesays.com\/fr\/wp-json\/wp\/v2\/posts\/541322\/revisions"}],"wp:featuredmedia":[{"embeddable":true,"href":"https:\/\/www.europesays.com\/fr\/wp-json\/wp\/v2\/media\/541323"}],"wp:attachment":[{"href":"https:\/\/www.europesays.com\/fr\/wp-json\/wp\/v2\/media?parent=541322"}],"wp:term":[{"taxonomy":"category","embeddable":true,"href":"https:\/\/www.europesays.com\/fr\/wp-json\/wp\/v2\/categories?post=541322"},{"taxonomy":"post_tag","embeddable":true,"href":"https:\/\/www.europesays.com\/fr\/wp-json\/wp\/v2\/tags?post=541322"}],"curies":[{"name":"wp","href":"https:\/\/api.w.org\/{rel}","templated":true}]}}