{"id":541324,"date":"2025-11-17T23:56:17","date_gmt":"2025-11-17T23:56:17","guid":{"rendered":"https:\/\/www.europesays.com\/fr\/541324\/"},"modified":"2025-11-17T23:56:17","modified_gmt":"2025-11-17T23:56:17","slug":"mohammed-ben-salman-recu-en-grande-pompe-a-la-maison-blanche-pour-sceller-un-partenariat-strategique","status":"publish","type":"post","link":"https:\/\/www.europesays.com\/fr\/541324\/","title":{"rendered":"Mohammed Ben Salman re\u00e7u en grande pompe \u00e0 la Maison-Blanche pour sceller un partenariat strat\u00e9gique"},"content":{"rendered":"<p>\n    <strong>D\u00c9CRYPTAGE &#8211;<\/strong> Le prince h\u00e9ritier saoudien, re\u00e7u \u00e0 Washington pour la premi\u00e8re fois depuis 2018, veut n\u00e9gocier avec Trump des accords de d\u00e9fense et technologiques.<\/p>\n<p class=\"fig-paragraph\">La r\u00e9ception en grande pompe de\u00a0<a href=\"http:\/\/www.lefigaro.fr\/histoire\/livres\/trump-ben-salman-bukele-magnats-de-la-silicon-valley-l-heure-des-predateurs-de-giuliano-da-empoli-ou-le-retour-de-la-force-en-politique-20250730\" target=\"_blank\" data-fig-type=\"Article\" rel=\"noopener\" data-gtm-custom-categorie=\"navigation\" data-gtm-custom-action=\"crossclick\" data-gtm-custom-label=\"Contextuel\" data-gtm-event=\"customEventSPE\" data-fig-domain=\"LEFIGARO\">Mohammed Ben Salman<\/a>\u00a0\u00e0 la Maison-Blanche confirme la stature du prince h\u00e9ritier saoudien comme le dirigeant de facto de l\u2019un des plus importants partenaires strat\u00e9giques des \u00c9tats-Unis au Moyen-Orient. Elle signifie aussi que l\u2019affaire Khashoggi appartient d\u00e9sormais au pass\u00e9. Sept ans apr\u00e8s l\u2019assassinat en octobre 2018 du journaliste am\u00e9ricano-saoudien dans le consulat d\u2019Arabie \u00e0 Istanbul, que la CIA avait estim\u00e9 avoir \u00e9t\u00e9 au moins approuv\u00e9 par le prince h\u00e9ritier, sa r\u00e9ception \u00e0 Washington indique que la page est tourn\u00e9e.<\/p>\n<p class=\"fig-paragraph\">L\u2019accueil r\u00e9serv\u00e9 au prince h\u00e9ritier n\u2019est pas officiellement une visite d\u2019\u00c9tat, le p\u00e8re du prince, le roi Salman, \u00e9tant toujours \u00e0 la t\u00eate du royaume. Mais la visite de trois jours de MBS doit se d\u00e9rouler avec un faste similaire.\u00a0<a href=\"http:\/\/www.lefigaro.fr\/international\/a-l-onu-le-plan-trump-pour-gaza-devoile-les-fractures-du-jour-d-apres-20251117\" target=\"_blank\" data-fig-type=\"Article\" rel=\"noopener\" data-gtm-custom-categorie=\"navigation\" data-gtm-custom-action=\"crossclick\" data-gtm-custom-label=\"Contextuel\" data-gtm-event=\"customEventSPE\" data-fig-domain=\"LEFIGARO\">Trump<\/a>\u00a0donne en son honneur un d\u00eener \u00e0 la Maison-Blanche, et un forum sur l\u2019investissement entre les \u00c9tats-Unis et l\u2019Arabie saoudite doit se d\u00e9rouler au Kennedy Center, sur les bords du Potomac.<\/p>\n<p class=\"fig-body-link\">\n            \u00c0 lire aussi<br \/>\n        <a class=\"fig-body-link__link fig-premium-mark\" href=\"http:\/\/www.lefigaro.fr\/economie\/ici-cela-va-deux-fois-plus-vite-comment-l-arabie-saoudite-prepare-l-apres-petrole-en-devenant-un-geant-du-tourisme-de-luxe-20251116\" target=\"_blank\" data-fig-type=\"Article\" rel=\"noopener\" data-gtm-custom-categorie=\"navigation\" data-gtm-custom-action=\"crossclick\" data-gtm-custom-label=\"Contextuel\" data-gtm-event=\"customEventSPE\" data-fig-domain=\"LEFIGARO\"><\/p>\n<p>        \u00abIci cela va deux fois plus vite\u00bb\u00a0: comment l\u2019Arabie saoudite pr\u00e9pare l\u2019apr\u00e8s-p\u00e9trole en devenant un g\u00e9ant du tourisme de luxe<br \/>\n    <\/a>\n<\/p>\n<p class=\"fig-paragraph\">\u00ab\u00a0Nous faisons plus\u2026<\/p>\n<p class=\"fig-premium-paywall__infos\">\n        Cet article est r\u00e9serv\u00e9 aux abonn\u00e9s.        Il vous reste 84% \u00e0 d\u00e9couvrir.\n    <\/p>\n<p>                <img  data- alt=\"Le Figaro\" class=\"fig-img--complete fig-img\"\/><\/p>\n<p class=\"fig-premium-paywall__title\">Black Friday<\/p>\n<p class=\"fig-premium-paywall__subtitle\">-70% sur l&rsquo;abonnement num\u00e9rique<\/p>\n<p class=\"fig-premium-paywall__connect\">\n                D\u00e9j\u00e0 abonn\u00e9\u00a0?                <a class=\"fig-premium-paywall__connect-link\" href=\"https:\/\/connect.lefigaro.fr\/login?client=horizon_web&amp;type=main&amp;redirect_uri=https%3A%2F%2Fwww.lefigaro.fr%2Finternational%2Fle-prince-heritier-saoudien-recu-en-grande-pompe-a-la-maison-blanche-pour-sceller-un-partenariat-strategique-20251117\" data-js-gtm=\"{&quot;customCategorie&quot;: &quot;conversion&quot;, &quot;customAction&quot;: &quot;before_Landing_Connexion_paywall_auto&quot;, &quot;customLabel&quot;: &quot;bGVmaWdhcm8uZnJfXzFmMGMzZGFkLTFhYmEtNjZmMC1iZGI0LTBkNjhhMDY3NDA0OV9fQXJ0aWNsZQ==_Mohammed Ben Salman re\u00e7u en grande pompe \u00e0 la Maison-Blanche pour sceller un partenariat strat\u00e9gique_18&quot;, &quot;customIDSPE&quot;: &quot;bGVmaWdhcm8uZnJfXzFmMGMzZGFkLTFhYmEtNjZmMC1iZGI0LTBkNjhhMDY3NDA0OV9fQXJ0aWNsZQ==&quot;, &quot;event&quot;: &quot;customEventSPE&quot;}\" target=\"_blank\" rel=\"noopener\"><br \/>\n                    Connectez-vous<br \/>\n                <\/a>\n            <\/p>\n","protected":false},"excerpt":{"rendered":"D\u00c9CRYPTAGE &#8211; Le prince h\u00e9ritier saoudien, re\u00e7u \u00e0 Washington pour la premi\u00e8re fois depuis 2018, veut n\u00e9gocier avec&hellip;\n","protected":false},"author":2,"featured_media":541325,"comment_status":"","ping_status":"","sticky":false,"template":"","format":"standard","meta":{"footnotes":""},"categories":[5],"tags":[11,4947,73,1011,27,14,12,28],"class_list":{"0":"post-541324","1":"post","2":"type-post","3":"status-publish","4":"format-standard","5":"has-post-thumbnail","7":"category-international","8":"tag-actualites","9":"tag-arabie-saoudite","10":"tag-etats-unis","11":"tag-fr","12":"tag-france","13":"tag-international","14":"tag-news","15":"tag-world"},"share_on_mastodon":{"url":"","error":""},"_links":{"self":[{"href":"https:\/\/www.europesays.com\/fr\/wp-json\/wp\/v2\/posts\/541324","targetHints":{"allow":["GET"]}}],"collection":[{"href":"https:\/\/www.europesays.com\/fr\/wp-json\/wp\/v2\/posts"}],"about":[{"href":"https:\/\/www.europesays.com\/fr\/wp-json\/wp\/v2\/types\/post"}],"author":[{"embeddable":true,"href":"https:\/\/www.europesays.com\/fr\/wp-json\/wp\/v2\/users\/2"}],"replies":[{"embeddable":true,"href":"https:\/\/www.europesays.com\/fr\/wp-json\/wp\/v2\/comments?post=541324"}],"version-history":[{"count":0,"href":"https:\/\/www.europesays.com\/fr\/wp-json\/wp\/v2\/posts\/541324\/revisions"}],"wp:featuredmedia":[{"embeddable":true,"href":"https:\/\/www.europesays.com\/fr\/wp-json\/wp\/v2\/media\/541325"}],"wp:attachment":[{"href":"https:\/\/www.europesays.com\/fr\/wp-json\/wp\/v2\/media?parent=541324"}],"wp:term":[{"taxonomy":"category","embeddable":true,"href":"https:\/\/www.europesays.com\/fr\/wp-json\/wp\/v2\/categories?post=541324"},{"taxonomy":"post_tag","embeddable":true,"href":"https:\/\/www.europesays.com\/fr\/wp-json\/wp\/v2\/tags?post=541324"}],"curies":[{"name":"wp","href":"https:\/\/api.w.org\/{rel}","templated":true}]}}