{"id":541326,"date":"2025-11-17T23:57:16","date_gmt":"2025-11-17T23:57:16","guid":{"rendered":"https:\/\/www.europesays.com\/fr\/541326\/"},"modified":"2025-11-17T23:57:16","modified_gmt":"2025-11-17T23:57:16","slug":"a-lassemblee-les-deputes-pourraient-bientot-ne-plus-sieger-jusquaux-douze-coups-de-minuit","status":"publish","type":"post","link":"https:\/\/www.europesays.com\/fr\/541326\/","title":{"rendered":"\u00c0 l\u2019Assembl\u00e9e, les d\u00e9put\u00e9s pourraient bient\u00f4t ne plus si\u00e9ger jusqu\u2019aux douze coups de minuit"},"content":{"rendered":"<p>\n    <strong>INFO LE FIGARO &#8211;<\/strong> La pr\u00e9sidente de la Chambre basse, Ya\u00ebl Braun-Pivet, propose aux pr\u00e9sidents de groupe du Palais Bourbon une nouvelle formule test. En cas de consensus, les s\u00e9ances de nuit dispara\u00eetraient provisoirement d\u00e8s janvier.<\/p>\n<p class=\"fig-paragraph\">Difficile de tenir le rythme. \u00c0 l\u2019Assembl\u00e9e nationale, en cette p\u00e9riode\u00a0<a href=\"http:\/\/www.lefigaro.fr\/politique\/dossier\/budget-2026-notre-dossier-pour-tout-comprendre\" data-fig-type=\"Topic\" data-gtm-custom-categorie=\"navigation\" data-gtm-custom-action=\"crossclick\" data-gtm-custom-label=\"Contextuel\" data-gtm-event=\"customEventSPE\" data-fig-domain=\"LEFIGARO\" target=\"_blank\" rel=\"noopener\">de marathon budg\u00e9taire<\/a>, la plupart des d\u00e9put\u00e9s sont ext\u00e9nu\u00e9s. Et pour cause, ils d\u00e9marrent tous les jours \u00e0 9\u00a0heures et terminent \u00e0 minuit, week-ends inclus. Avec deux pauses dans la journ\u00e9e, l\u2019une pour d\u00e9jeuner, l\u2019autre pour d\u00eener. Alors, samedi et dimanche derniers, le gouvernement a d\u00e9cid\u00e9 de leur accorder une tr\u00eave pour les laisser se reposer. Une d\u00e9cision \u00ab\u00a0sage\u00a0\u00bb, salu\u00e9e par Jean-Philippe Tanguy (RN), lui-m\u00eame \u00ab\u00a0un peu fatigu\u00e9\u00a0\u00bb, et qui avait r\u00e9clam\u00e9 une telle pause pour que le Parlement puisse continuer \u00e0 \u00ab\u00a0d\u00e9battre sereinement\u00a0\u00bb ensuite. \u00ab\u00a0J\u2019ai eu un peu le courage de briser la glace mais vous reconna\u00eetrez que, une fois que j\u2019ai bris\u00e9 la glace, c\u2019est incroyable, tout le monde \u00e9tait d\u2019accord\u00a0!\u00a0\u00bb, s\u2019est ensuite d\u00e9fendu le nationaliste sur RMC\/BFMTV, en d\u00e9pit des vives critiques de la gauche et de la pol\u00e9mique aliment\u00e9e par les r\u00e9seaux sociaux, beaucoup reprochant aux d\u00e9put\u00e9s de ne pas\u2026<\/p>\n<p class=\"fig-premium-paywall__infos\">\n        Cet article est r\u00e9serv\u00e9 aux abonn\u00e9s.        Il vous reste 80% \u00e0 d\u00e9couvrir.\n    <\/p>\n<p>                <img  data- alt=\"Le Figaro\" class=\"fig-img--complete fig-img\"\/><\/p>\n<p class=\"fig-premium-paywall__title\">Black Friday<\/p>\n<p class=\"fig-premium-paywall__subtitle\">-70% sur l&rsquo;abonnement num\u00e9rique<\/p>\n<p class=\"fig-premium-paywall__connect\">\n                D\u00e9j\u00e0 abonn\u00e9\u00a0?                <a class=\"fig-premium-paywall__connect-link\" href=\"https:\/\/connect.lefigaro.fr\/login?client=horizon_web&amp;type=main&amp;redirect_uri=https%3A%2F%2Fwww.lefigaro.fr%2Fpolitique%2Fa-l-assemblee-les-deputes-pourraient-bientot-ne-plus-sieger-jusqu-aux-douze-coups-de-minuit-20251117\" data-js-gtm=\"{&quot;customCategorie&quot;: &quot;conversion&quot;, &quot;customAction&quot;: &quot;before_Landing_Connexion_paywall_auto&quot;, &quot;customLabel&quot;: &quot;bGVmaWdhcm8uZnJfXzFmMGMzOTg5LTQxMDUtNmNhNi05OWVkLTRkYThjZTkwN2E2Y19fQXJ0aWNsZQ==_\u00c0 l\u2019Assembl\u00e9e, les d\u00e9put\u00e9s pourraient bient\u00f4t ne plus si\u00e9ger jusqu\u2019aux douze coups de minuit_1000&quot;, &quot;customIDSPE&quot;: &quot;bGVmaWdhcm8uZnJfXzFmMGMzOTg5LTQxMDUtNmNhNi05OWVkLTRkYThjZTkwN2E2Y19fQXJ0aWNsZQ==&quot;, &quot;event&quot;: &quot;customEventSPE&quot;}\" target=\"_blank\" rel=\"noopener\"><br \/>\n                    Connectez-vous<br \/>\n                <\/a>\n            <\/p>\n","protected":false},"excerpt":{"rendered":"INFO LE FIGARO &#8211; La pr\u00e9sidente de la Chambre basse, Ya\u00ebl Braun-Pivet, propose aux pr\u00e9sidents de groupe du&hellip;\n","protected":false},"author":2,"featured_media":541327,"comment_status":"","ping_status":"","sticky":false,"template":"","format":"standard","meta":{"footnotes":""},"categories":[4],"tags":[11,416,1011,27,12,25,6385],"class_list":{"0":"post-541326","1":"post","2":"type-post","3":"status-publish","4":"format-standard","5":"has-post-thumbnail","7":"category-france","8":"tag-actualites","9":"tag-assemblee-nationale","10":"tag-fr","11":"tag-france","12":"tag-news","13":"tag-republique-francaise","14":"tag-yael-braun-pivet"},"share_on_mastodon":{"url":"https:\/\/pubeurope.com\/@fr\/115567751736558421","error":""},"_links":{"self":[{"href":"https:\/\/www.europesays.com\/fr\/wp-json\/wp\/v2\/posts\/541326","targetHints":{"allow":["GET"]}}],"collection":[{"href":"https:\/\/www.europesays.com\/fr\/wp-json\/wp\/v2\/posts"}],"about":[{"href":"https:\/\/www.europesays.com\/fr\/wp-json\/wp\/v2\/types\/post"}],"author":[{"embeddable":true,"href":"https:\/\/www.europesays.com\/fr\/wp-json\/wp\/v2\/users\/2"}],"replies":[{"embeddable":true,"href":"https:\/\/www.europesays.com\/fr\/wp-json\/wp\/v2\/comments?post=541326"}],"version-history":[{"count":0,"href":"https:\/\/www.europesays.com\/fr\/wp-json\/wp\/v2\/posts\/541326\/revisions"}],"wp:featuredmedia":[{"embeddable":true,"href":"https:\/\/www.europesays.com\/fr\/wp-json\/wp\/v2\/media\/541327"}],"wp:attachment":[{"href":"https:\/\/www.europesays.com\/fr\/wp-json\/wp\/v2\/media?parent=541326"}],"wp:term":[{"taxonomy":"category","embeddable":true,"href":"https:\/\/www.europesays.com\/fr\/wp-json\/wp\/v2\/categories?post=541326"},{"taxonomy":"post_tag","embeddable":true,"href":"https:\/\/www.europesays.com\/fr\/wp-json\/wp\/v2\/tags?post=541326"}],"curies":[{"name":"wp","href":"https:\/\/api.w.org\/{rel}","templated":true}]}}