{"id":54133,"date":"2025-04-26T10:19:09","date_gmt":"2025-04-26T10:19:09","guid":{"rendered":"https:\/\/www.europesays.com\/fr\/54133\/"},"modified":"2025-04-26T10:19:09","modified_gmt":"2025-04-26T10:19:09","slug":"ef-education-aevolo-navait-pourtant-rien-prevu-comme-ca-actualite","status":"publish","type":"post","link":"https:\/\/www.europesays.com\/fr\/54133\/","title":{"rendered":"EF Education-Aevolo n&rsquo;avait pourtant rien pr\u00e9vu comme \u00e7a &#8211; Actualit\u00e9"},"content":{"rendered":"<p style=\"text-align: justify;\">Ce n&rsquo;\u00e9tait pas dans les plans de la formation EF Education-Aevolo, mais l&rsquo;\u00e9quipe am\u00e9ricaine a pourtant achev\u00e9 cette premi\u00e8re journ\u00e9e du Tour de Bretagne avec une 2e place, gr\u00e2ce \u00e0 Joshua Golliker (<strong><a href=\"https:\/\/www.directvelo.com\/actualite\/120146\/tour-de-bretagne-et-1-classements\" target=\"_blank\" rel=\"nofollow noopener\">voir classement<\/a><\/strong>), qui s&rsquo;est gliss\u00e9 dans l&rsquo;\u00e9chapp\u00e9e victorieuse. \u00ab\u00a0Ce n\u2019\u00e9tait pas vraiment pr\u00e9vu d\u2019aller dans un groupe si maigre. J\u2019avais dit de ne pas aller dans un groupe de moins de dix coureurs. Donc, quand c\u2019est arriv\u00e9, c\u2019\u00e9tait un peu dr\u00f4le. Mais Josh est vraiment bon dans ce genre d\u2019efforts. S\u2019il y a un gars qui pouvait faire ce num\u00e9ro, c&rsquo;\u00e9tait bien lui\u00a0\u00bb, admet le directeur sportif, Michael Creed. Son coureur n&rsquo;\u00e9tait pas bien convaincu de la bonne r\u00e9ussite de son entreprise. \u00ab\u00a0Je ne pensais pas qu\u2019il \u00e9tait possible pour l\u2019\u00e9chapp\u00e9e d\u2019aller se jouer la victoire aujourd\u2019hui. En regardant le parcours, je pensais qu\u2019on aurait un sprint massif\u00a0\u00bb.<\/p>\n<p>Si l&rsquo;\u00e9chapp\u00e9e n&rsquo;a pas re\u00e7u beaucoup de cr\u00e9dit, elle a aussi b\u00e9n\u00e9fici\u00e9 de circonstances de course favorables, pour Michael Creed. \u00ab\u00a0Je pense que lorsque la chute s\u2019est produite, \u00e7a a fait reprendre du champ. Le peloton serait revenu tout pr\u00e8s si \u00e7a n&rsquo;\u00e9tait pas arriv\u00e9. Mais une fois la chute arriv\u00e9e, l&rsquo;issue \u00e9tait \u00e9vidente\u00a0\u00bb. Joshua Golliker doit alors tenter d&rsquo;apporter une premi\u00e8re victoire \u00e0 son \u00e9quipe. Mais le Britannique n&rsquo;avait pas envie de jouer la carte du sprint. \u00ab\u00a0J\u2019ai tent\u00e9 de sortir du groupe de t\u00eate dans les derniers kilom\u00e8tres car pour moi il \u00e9tait important de gagner seul, car je ne suis pas le plus rapide. Je l\u2019avais vu pendant l\u2019\u00e9tape sur les sprints interm\u00e9diaires\u00a0\u00bb. Mais Ilan Larmet l&rsquo;a finalement battu.<\/p>\n<p>Comme rien n&rsquo;\u00e9tait vraiment pr\u00e9vu comme \u00e7a ce vendredi, Michael Creed accueille ce premier bon r\u00e9sultat avec plaisir. \u00ab\u00a0On prend \u00e7a comme une belle surprise. On ne va pas trop miser sur cette carte-l\u00e0. M\u00eame si, \u00e9videmment, nous allons essayer de prot\u00e9ger Josh autant que possible pour voir s\u2019il peut se d\u00e9fendre et utiliser cette carte plus tard dans la course. Mais, je pense que pour l\u2019instant, nous allons surtout profiter de la bonne place dans la file des voitures et jouer pour Noah (Hobbs) sur les sprints\u00a0\u00bb. Joshua Golliker, lui, se sent pr\u00eat \u00e0 jouer quelque chose. \u00ab\u00a0Avec les jambes d&rsquo;aujourd\u2019hui et la situation, j\u2019esp\u00e8re que je serai capable de tenir une bonne place au classement g\u00e9n\u00e9ral, et pourquoi pas viser encore mieux\u00a0\u00bb. Les premi\u00e8res pierres sont pos\u00e9es, en tout cas.<\/p>\n","protected":false},"excerpt":{"rendered":"Ce n&rsquo;\u00e9tait pas dans les plans de la formation EF Education-Aevolo, mais l&rsquo;\u00e9quipe am\u00e9ricaine a pourtant achev\u00e9 cette&hellip;\n","protected":false},"author":2,"featured_media":54134,"comment_status":"","ping_status":"","sticky":false,"template":"","format":"standard","meta":{"footnotes":""},"categories":[1411],"tags":[834,828,836,829,837,827,83,826,824,823,1154,207,814,817,815,816,822,821,832,211,839,1011,27,820,818,819,835,831,830,833,838,60,212,208,825],"class_list":{"0":"post-54133","1":"post","2":"type-post","3":"status-publish","4":"format-standard","5":"has-post-thumbnail","7":"category-cyclisme","8":"tag-attaque","9":"tag-belgique","10":"tag-braquet","11":"tag-bretagne","12":"tag-chute","13":"tag-competition","14":"tag-coupe-de-france","15":"tag-coureur","16":"tag-course-cyclisme","17":"tag-course-cycliste","18":"tag-cycling","19":"tag-cyclisme","20":"tag-direct","21":"tag-direct-velo","22":"tag-directvelo","23":"tag-directvelo-com","24":"tag-epreuve","25":"tag-epreuve-cycliste","26":"tag-federation-francaise-de-cyclisme","27":"tag-ffc","28":"tag-flandres","29":"tag-fr","30":"tag-france","31":"tag-live","32":"tag-live-course","33":"tag-live-epreuve","34":"tag-peloton","35":"tag-radio-peloton","36":"tag-radio-tour","37":"tag-ravitaillement","38":"tag-relance","39":"tag-sports","40":"tag-uci","41":"tag-velo","42":"tag-velos"},"share_on_mastodon":{"url":"https:\/\/pubeurope.com\/@fr\/114403761453282248","error":""},"_links":{"self":[{"href":"https:\/\/www.europesays.com\/fr\/wp-json\/wp\/v2\/posts\/54133","targetHints":{"allow":["GET"]}}],"collection":[{"href":"https:\/\/www.europesays.com\/fr\/wp-json\/wp\/v2\/posts"}],"about":[{"href":"https:\/\/www.europesays.com\/fr\/wp-json\/wp\/v2\/types\/post"}],"author":[{"embeddable":true,"href":"https:\/\/www.europesays.com\/fr\/wp-json\/wp\/v2\/users\/2"}],"replies":[{"embeddable":true,"href":"https:\/\/www.europesays.com\/fr\/wp-json\/wp\/v2\/comments?post=54133"}],"version-history":[{"count":0,"href":"https:\/\/www.europesays.com\/fr\/wp-json\/wp\/v2\/posts\/54133\/revisions"}],"wp:featuredmedia":[{"embeddable":true,"href":"https:\/\/www.europesays.com\/fr\/wp-json\/wp\/v2\/media\/54134"}],"wp:attachment":[{"href":"https:\/\/www.europesays.com\/fr\/wp-json\/wp\/v2\/media?parent=54133"}],"wp:term":[{"taxonomy":"category","embeddable":true,"href":"https:\/\/www.europesays.com\/fr\/wp-json\/wp\/v2\/categories?post=54133"},{"taxonomy":"post_tag","embeddable":true,"href":"https:\/\/www.europesays.com\/fr\/wp-json\/wp\/v2\/tags?post=54133"}],"curies":[{"name":"wp","href":"https:\/\/api.w.org\/{rel}","templated":true}]}}