{"id":541330,"date":"2025-11-17T23:59:19","date_gmt":"2025-11-17T23:59:19","guid":{"rendered":"https:\/\/www.europesays.com\/fr\/541330\/"},"modified":"2025-11-17T23:59:19","modified_gmt":"2025-11-17T23:59:19","slug":"meteo-glaciale-a-saint-etienne-de-la-neige-attendue-des-mercredi-soir","status":"publish","type":"post","link":"https:\/\/www.europesays.com\/fr\/541330\/","title":{"rendered":"M\u00e9t\u00e9o glaciale \u00e0 Saint-\u00c9tienne : de la neige attendue d\u00e8s mercredi soir ?"},"content":{"rendered":"<p>Apr\u00e8s une douceur inhabituelle pour un mois de novembre, les temp\u00e9ratures vont redescendre au fil de la semaine \u00e0 Saint-\u00c9tienne. Le mercure devrait tomber an dessous de 0 degr\u00e9. Ce qui pourrait amener les premi\u00e8res neiges de la saison.<\/p>\n<p>Avec la m\u00e9t\u00e9o, il faut toujours \u00eatre prudent. Mais une chose est s\u00fbre : le froid fait son retour cette semaine \u00e0 Saint-\u00c9tienne, avec peut-\u00eatre quelques flocons dans le ciel !<\/p>\n<p>Un peu de neige \u00e0 Saint-\u00c9tienne, des flocons en altitude<\/p>\n<p>Les temp\u00e9ratures sont d\u00e9j\u00e0 descendues ce lundi, avec des maximales \u00e0 9 degr\u00e9s environ.<\/p>\n<p>Au fil de la semaine, le mercure va continuer de chuter pour passer en dessous de 0 degr\u00e9, et ce, d\u00e8s le mardi matin, selon M\u00e9t\u00e9o France.<\/p>\n<p><b>Mardi :<\/b> des nuages et du froid le matin, des \u00e9claircies l&rsquo;apr\u00e8s-midi. Pas de pluie. Les temp\u00e9ratures oscilleront entre -1 et 3 degr\u00e9s.<\/p>\n<p>Dans le Pilat et les monts du Forez, des averses de neige sont attendues d\u00e8s mardi soir.<\/p>\n<p><b>Mercredi :<\/b> on reste en dessous des normales de saison, avec un temps ensoleill\u00e9e, mais des temp\u00e9ratures entre\u00a0 0 et 6 degr\u00e9s. Dans la nuit, de petites averses risquent de se transformer en l\u00e9gers flocons.<\/p>\n<p><b>Jeudi :<\/b> le froid va d\u00e9finitivement s&rsquo;installer dans l&rsquo;agglom\u00e9ration st\u00e9phanoise, avec des temp\u00e9ratures\u00a0entre -2 et 1 degr\u00e9. Des averses de neige pourraient tomber dans la nuit, avec un risque de brouillards givrants (ressenti -6 degr\u00e9s en pleine nuit).<\/p>\n<p><b>Vendredi :<\/b> possibles averses de neige et de pluie toute la journ\u00e9e, les temp\u00e9ratures seront comprises entre -3 et -1\u00b0 degr\u00e9 en moyenne.<\/p>\n<p><b>Samedi :<\/b> du brouillard le matin et des \u00e9claircies dans l&rsquo;apr\u00e8s-midi. C\u00f4t\u00e9 temp\u00e9ratures, il fera entre -5 et 1. Pas de neige au programme.<\/p>\n<p>Pour la journ\u00e9e de dimanche, il faut s&rsquo;attendre \u00e0 de la pluie m\u00eal\u00e9e \u00e0 de la neige.<\/p>\n<p><img loading=\"lazy\" decoding=\"async\" src=\"https:\/\/www.europesays.com\/fr\/wp-content\/uploads\/2025\/11\/1763423959_764_img\" width=\"350\" height=\"200\" border=\"0\" title=\"Le site de Novasco (ex-Ascometal) \u00c3\u00a0 Saint-\u00c3\u0089tienne.\"\/><\/p>\n<p>\u25ba\u00c9conomie<\/p>\n<p style=\"font-size: 22px;\"><b>Novasco : pas de reprise pour le site de Saint-\u00c9tienne, les emplois plus que jamais menac\u00e9s<\/b><\/p>\n<p>Le tribunal judiciaire de Strasbourg a rendu une&#8230;<\/p>\n<p><\/p>\n","protected":false},"excerpt":{"rendered":"Apr\u00e8s une douceur inhabituelle pour un mois de novembre, les temp\u00e9ratures vont redescendre au fil de la semaine&hellip;\n","protected":false},"author":2,"featured_media":541331,"comment_status":"","ping_status":"","sticky":false,"template":"","format":"standard","meta":{"footnotes":""},"categories":[9653],"tags":[1111,11,2430,1777,674,65949,1011,27,3447,24017,10584,12,25,9920,4001],"class_list":{"0":"post-541330","1":"post","2":"type-post","3":"status-publish","4":"format-standard","5":"has-post-thumbnail","7":"category-saint-etienne","8":"tag-actu","9":"tag-actualites","10":"tag-auvergne-rhone-alpes","11":"tag-eu","12":"tag-europe","13":"tag-flocons","14":"tag-fr","15":"tag-france","16":"tag-froid","17":"tag-mto","18":"tag-neige","19":"tag-news","20":"tag-republique-francaise","21":"tag-saint-tienne","22":"tag-saint-etienne"},"share_on_mastodon":{"url":"https:\/\/pubeurope.com\/@fr\/115567759903937341","error":""},"_links":{"self":[{"href":"https:\/\/www.europesays.com\/fr\/wp-json\/wp\/v2\/posts\/541330","targetHints":{"allow":["GET"]}}],"collection":[{"href":"https:\/\/www.europesays.com\/fr\/wp-json\/wp\/v2\/posts"}],"about":[{"href":"https:\/\/www.europesays.com\/fr\/wp-json\/wp\/v2\/types\/post"}],"author":[{"embeddable":true,"href":"https:\/\/www.europesays.com\/fr\/wp-json\/wp\/v2\/users\/2"}],"replies":[{"embeddable":true,"href":"https:\/\/www.europesays.com\/fr\/wp-json\/wp\/v2\/comments?post=541330"}],"version-history":[{"count":0,"href":"https:\/\/www.europesays.com\/fr\/wp-json\/wp\/v2\/posts\/541330\/revisions"}],"wp:featuredmedia":[{"embeddable":true,"href":"https:\/\/www.europesays.com\/fr\/wp-json\/wp\/v2\/media\/541331"}],"wp:attachment":[{"href":"https:\/\/www.europesays.com\/fr\/wp-json\/wp\/v2\/media?parent=541330"}],"wp:term":[{"taxonomy":"category","embeddable":true,"href":"https:\/\/www.europesays.com\/fr\/wp-json\/wp\/v2\/categories?post=541330"},{"taxonomy":"post_tag","embeddable":true,"href":"https:\/\/www.europesays.com\/fr\/wp-json\/wp\/v2\/tags?post=541330"}],"curies":[{"name":"wp","href":"https:\/\/api.w.org\/{rel}","templated":true}]}}