{"id":541332,"date":"2025-11-18T00:00:40","date_gmt":"2025-11-18T00:00:40","guid":{"rendered":"https:\/\/www.europesays.com\/fr\/541332\/"},"modified":"2025-11-18T00:00:40","modified_gmt":"2025-11-18T00:00:40","slug":"saint-etienne-le-site-stephanois-de-novasco-promis-a-la-fermeture","status":"publish","type":"post","link":"https:\/\/www.europesays.com\/fr\/541332\/","title":{"rendered":"Saint-Etienne : le site st\u00e9phanois de Novasco promis \u00e0 la fermeture"},"content":{"rendered":"<p><img loading=\"lazy\" decoding=\"async\" alt=\"\u00a9 Denis Meynard - Les salari\u00e9s et le Ciri vont tenter d\u2019\u00e9viter la fermeture du site du Marais \u00e0 Saint-Etienne.\" data-zoom-src=\"https:\/\/www.europesays.com\/fr\/wp-content\/uploads\/2025\/11\/initial-novasco-2-2025.jpg\" data-zoomable=\"\" height=\"702\" src=\"https:\/\/www.europesays.com\/fr\/wp-content\/uploads\/2025\/11\/initial-novasco-2-2025.jpg\" width=\"1248\"\/>  <\/p>\n<p class=\"article-desc\">\u00a9 Denis Meynard &#8211; Les salari\u00e9s et le Ciri vont tenter d\u2019\u00e9viter la fermeture du site du Marais \u00e0 Saint-Etienne. <\/p>\n<p>Le site st\u00e9phanois de <strong>Novasco<\/strong> (ex-Ascom\u00e9tal) et ses salari\u00e9s ne figurent pas dans <a href=\"https:\/\/mesinfos.fr\/42000-saint-etienne\/l-espoir-s-eloigne-pour-le-maintien-de-novasco-ex-ascometal-a-saint-etienne-233753.html\" rel=\"noopener nofollow\" target=\"_blank\">l\u2019offre de reprise partielle<\/a> des actifs par le consortium d&rsquo;investisseurs fran\u00e7ais r\u00e9unis autour de Julien Baillon, patron de la PME ardennaise M\u00e9tal Blanc, au d\u00e9triment de celle d\u2019Europlasma. Seul le site nordiste du sid\u00e9rurgiste fran\u00e7ais est inclus dans la proposition valid\u00e9e ce lundi par la chambre commerciale du tribunal de Strasbourg, qui sera effective au 1er d\u00e9cembre. <\/p>\n<p><strong>L\u2019impact social est lourd <\/strong>pour l&rsquo;aci\u00e9riste en d\u00e9route Novasco et ses 700 salari\u00e9s. Seuls sont conserv\u00e9es les 144 personnes du site nordiste de Lefrinckoucke, pr\u00e8s de Dunkerque, dont le laminoir a \u00e9t\u00e9 modernis\u00e9 ces derniers mois. Les trois autres se retrouvent condamn\u00e9s \u00e0 la fermeture\u00a0: <strong>les unit\u00e9s de finition de Saint-\u00c9tienne<\/strong> (qui compte encore 37 salari\u00e9s en CDI) et de Custines, en Meurthe-et-Moselle. Et l\u2019aci\u00e9rie d\u2019Hagondange, en Moselle, o\u00f9 sont employ\u00e9s 434 des quelque 550 salari\u00e9s du groupe qui risquent fortement d\u2019\u00eatre licenci\u00e9s. <\/p>\n<p>Un petit espoir de reprise du site st\u00e9phanois de Novasco apr\u00e8s la liquidation <\/p>\n<p>Les salari\u00e9s st\u00e9phanois sont d\u00e9termin\u00e9s \u00e0 se battre jusqu\u2019au bout. Ils se r\u00e9uniront en assembl\u00e9e g\u00e9n\u00e9rale mardi matin pour d\u00e9cider s\u2019ils reprennent ou non le travail jusqu\u2019\u00e0 la fin du mois. Ils \u00e9changeront aussi sur le petit espoir de reprise de leur site, apr\u00e8s la liquidation judiciaire, ainsi que de l\u2019autre unit\u00e9 de finition situ\u00e9e \u00e0 Custines. <\/p>\n<p>Avec l\u2019aide du Comit\u00e9 interminist\u00e9riel de restructuration industrielle (Ciri), qui a pour mission d\u2019<strong>aider les entreprises en difficult\u00e9<\/strong>, ils vont tenter d\u2019int\u00e9resser un des industriels europ\u00e9ens qui \u00e9taient dispos\u00e9s \u00e0 s\u2019associer \u00e0 Europlasma, dont l\u2019offre qui pr\u00e9voyait la reprise de 32 des 37 d\u2019entre eux n\u2019a pas \u00e9t\u00e9 retenue. Parmi eux figure notamment le su\u00e9dois Ovako, confirme le d\u00e9l\u00e9gu\u00e9 syndical central CFDT Lo\u00efc Devis. <\/p>\n<p>L\u2019\u00c9tat fran\u00e7ais va engager des poursuites contre l&rsquo;ex-actionnaire Greybull <\/p>\n<p>S\u2019il est un sujet sur lequel les m\u00e9tallurgistes du quartier du Marais \u00e0 Saint-\u00c9tienne sont encore plus pessimistes, c\u2019est la possibilit\u00e9 d\u2019obtenir des <strong>indemnit\u00e9s supra-l\u00e9gales de licenciement <\/strong>de la part de la filiale du fonds d\u2019investissement britannique Greybull qui avait repris le groupe l\u2019an dernier. <\/p>\n<p>Le ministre d\u00e9l\u00e9gu\u00e9 charg\u00e9 de l\u2019Industrie S\u00e9bastien Martin a re\u00e7u en fin de semaine derni\u00e8re \u00e0 Bercy les repr\u00e9sentants de l\u2019intersyndicale CGT, CFDT, CFE-CGE, \u00e0 qui il a r\u00e9pondu qu\u2019il n\u2019est pas favorable \u00e0 une nationalisation de l\u2019entreprise. <\/p>\n<p>Ce lundi, il a annonc\u00e9 que <strong>l\u2019\u00c9tat fran\u00e7ais va poursuivre en justice Greybull<\/strong>, un repreneur qualifi\u00e9 de \u00ab\u00a0voyou\u00a0\u00bb\u00a0qui n\u2019a pas tenu ses engagements, jug\u00e9 responsable de la situation critique de l&rsquo;aci\u00e9rie Novasco.<\/p>\n","protected":false},"excerpt":{"rendered":"\u00a9 Denis Meynard &#8211; Les salari\u00e9s et le Ciri vont tenter d\u2019\u00e9viter la fermeture du site du Marais&hellip;\n","protected":false},"author":2,"featured_media":541333,"comment_status":"","ping_status":"","sticky":false,"template":"","format":"standard","meta":{"footnotes":""},"categories":[9653],"tags":[1111,11,2430,313,1777,674,1011,27,693,12,25,4001],"class_list":{"0":"post-541332","1":"post","2":"type-post","3":"status-publish","4":"format-standard","5":"has-post-thumbnail","7":"category-saint-etienne","8":"tag-actu","9":"tag-actualites","10":"tag-auvergne-rhone-alpes","11":"tag-entreprises","12":"tag-eu","13":"tag-europe","14":"tag-fr","15":"tag-france","16":"tag-industrie","17":"tag-news","18":"tag-republique-francaise","19":"tag-saint-etienne"},"share_on_mastodon":{"url":"https:\/\/pubeurope.com\/@fr\/115567763357660313","error":""},"_links":{"self":[{"href":"https:\/\/www.europesays.com\/fr\/wp-json\/wp\/v2\/posts\/541332","targetHints":{"allow":["GET"]}}],"collection":[{"href":"https:\/\/www.europesays.com\/fr\/wp-json\/wp\/v2\/posts"}],"about":[{"href":"https:\/\/www.europesays.com\/fr\/wp-json\/wp\/v2\/types\/post"}],"author":[{"embeddable":true,"href":"https:\/\/www.europesays.com\/fr\/wp-json\/wp\/v2\/users\/2"}],"replies":[{"embeddable":true,"href":"https:\/\/www.europesays.com\/fr\/wp-json\/wp\/v2\/comments?post=541332"}],"version-history":[{"count":0,"href":"https:\/\/www.europesays.com\/fr\/wp-json\/wp\/v2\/posts\/541332\/revisions"}],"wp:featuredmedia":[{"embeddable":true,"href":"https:\/\/www.europesays.com\/fr\/wp-json\/wp\/v2\/media\/541333"}],"wp:attachment":[{"href":"https:\/\/www.europesays.com\/fr\/wp-json\/wp\/v2\/media?parent=541332"}],"wp:term":[{"taxonomy":"category","embeddable":true,"href":"https:\/\/www.europesays.com\/fr\/wp-json\/wp\/v2\/categories?post=541332"},{"taxonomy":"post_tag","embeddable":true,"href":"https:\/\/www.europesays.com\/fr\/wp-json\/wp\/v2\/tags?post=541332"}],"curies":[{"name":"wp","href":"https:\/\/api.w.org\/{rel}","templated":true}]}}