{"id":541334,"date":"2025-11-18T00:02:17","date_gmt":"2025-11-18T00:02:17","guid":{"rendered":"https:\/\/www.europesays.com\/fr\/541334\/"},"modified":"2025-11-18T00:02:17","modified_gmt":"2025-11-18T00:02:17","slug":"exposition-exceptionnelle-chez-lery-bouvier","status":"publish","type":"post","link":"https:\/\/www.europesays.com\/fr\/541334\/","title":{"rendered":"Exposition exceptionnelle chez Lery-Bouvier"},"content":{"rendered":"<p>Contenu con\u00e7u et propos\u00e9 par EBRA Inspirations en partenariat avec EBRA Inspirations est une marque qui valorise les contenus r\u00e9dactionnels promotionnels.<br \/>La r\u00e9daction n&rsquo;a pas particip\u00e9 \u00e0 la r\u00e9alisation de cet article.<\/p>\n<p>                                                    <strong>Bijouterie-joaillerie Lery Bouvier<\/strong><\/p>\n<p>Comme chaque ann\u00e9e, \u00e0 l\u2019approche des f\u00eates de No\u00ebl, Lery-Bouvier organise une exposition exceptionnelle permettant d\u2019admirer des bijoux accessibles \u00e0 toutes les bourses, ainsi que certaines pi\u00e8ces de joaillerie hors-norme. L\u2019occasion de d\u00e9couvrir les nouvelles tendances qui font la part belle \u00e0 l\u2019or jaune et aux pierres de couleurs \u2013 rubis, \u00e9meraudes, saphirs arc-en-ciel et pierres fines. \u00ab\u00a0Un v\u00e9ritable coup de fra\u00eecheur\u00a0\u00bb confie le directeur Lionel Michel.<\/p>\n<p>    &#13;<br \/>\n    &#13;<br \/>\n    &#13;<br \/>\n    <a href=\"https:\/\/cdn-s-www.estrepublicain.fr\/images\/368b6ffc-908b-4a4c-89f7-fd59430b8ddb\/NW_raw\/credit-photo-lery-bouvier-1761229470.jpg\" title=\"Cr\u00e9dit photo\u00a0: Lery-Bouvier\" class=\"chocolat-image GA-tracking\" data-ga_type=\"click\" data-ga_category=\"D\u00e9tail\" data-ga_action=\"zoomer\" data-ga_label=\"aggrandir image\" target=\"_blank\" rel=\"noopener\">&#13;<br \/>\n        <img src=\"https:\/\/www.europesays.com\/fr\/wp-content\/uploads\/2025\/11\/credit-photo-lery-bouvier-1761229470.jpg\"   alt=\"Cr\u00e9dit photo\u00a0: Lery-Bouvier\" fetchpriority=\"high\" decoding=\"async\" data-mobile=\"NW_listA_M|1761229470\" data-base=\"NW_listA|1761229470\"\/>&#13;<br \/>\n    <\/a>&#13;<\/p>\n<p>Cr\u00e9dit photo\u00a0: Lery-Bouvier<\/p>\n<p>L\u2019\u00e9v\u00e9nement attendu par les clients fid\u00e8les et les curieux est le rendez-vous id\u00e9al pour d\u00e9nicher LE cadeau qui saura mettre des \u00e9toiles dans les yeux et marquer d\u2019une pierre blanche tous les moments cl\u00e9s d\u2019une vie.<\/p>\n<p>Ne manquez pas l\u2019exposition annuelle chez Lery-Bouvier\u00a0: des tarifs pr\u00e9f\u00e9rentiels vous attendent\u00a0!<\/p>\n<p>\u00c0 cette occasion, le bijoutier-joaillier propose \u00e9galement un jeu par tirage au sort qui permettra de gagner, chaque jour de l\u2019exposition, un lingotin d\u2019une valeur de 1\u00a0000\u00a0\u20ac. Venez tenter votre chance\u00a0!<\/p>\n<p>    &#13;<br \/>\n    &#13;<br \/>\n    &#13;<br \/>\n    <a href=\"https:\/\/cdn-s-www.estrepublicain.fr\/images\/1b9edeb3-cf97-45c3-bb10-969d632b013a\/NW_raw\/credit-photo-lery-bouvier-1761229470.jpg\" title=\"Cr\u00e9dit photo\u00a0: Lery-Bouvier\" class=\"chocolat-image GA-tracking\" data-ga_type=\"click\" data-ga_category=\"D\u00e9tail\" data-ga_action=\"zoomer\" data-ga_label=\"aggrandir image\" target=\"_blank\" rel=\"noopener\">&#13;<br \/>\n        <img src=\"https:\/\/www.europesays.com\/fr\/wp-content\/uploads\/2025\/11\/1763424136_506_credit-photo-lery-bouvier-1761229470.jpg\"   alt=\"Cr\u00e9dit photo\u00a0: Lery-Bouvier\" fetchpriority=\"high\" decoding=\"async\" data-mobile=\"NW_listA_M|1761229470\" data-base=\"NW_listA|1761229470\"\/>&#13;<br \/>\n    <\/a>&#13;<\/p>\n<p>Cr\u00e9dit photo\u00a0: Lery-Bouvier<\/p>\n<p>  <strong>Un concept unique<\/strong><\/p>\n<p>Cr\u00e9\u00e9e en 1969, la bijouterie-joaillerie Lery-Bouvier est install\u00e9e dans la zone d\u2019activit\u00e9s de Heillecourt-Houdemont, facilement accessible et disposant d\u2019un vaste parking. Depuis 1992, et l\u2019arriv\u00e9e de Jocelyne Michel, la m\u00e8re de l\u2019actuel dirigeant, l\u2019entreprise r\u00e9unit au sein du m\u00eame site, un magasin de 250\u00a0m2 offrant un large choix de pi\u00e8ces pour tous les budgets et un atelier de r\u00e9paration, de modification et de cr\u00e9ation sur mesure de bijoux. Une configuration atypique qui a s\u00e9duit pr\u00e8s de 20\u00a0000 clients. \u00ab\u00a0Outre notre offre en joaillerie traditionnelle au rapport qualit\u00e9-prix optimum, notre force r\u00e9side dans notre qualit\u00e9 de service, qu\u2019il s\u2019agisse du conseil offert en magasin ou de la r\u00e9activit\u00e9 de notre atelier, capable d\u2019apporter des solutions personnalis\u00e9es aux demandes de nos clients\u00a0\u00bb explique Lionel Michel.<\/p>\n<p>    &#13;<br \/>\n    &#13;<br \/>\n    &#13;<br \/>\n    <a href=\"https:\/\/cdn-s-www.estrepublicain.fr\/images\/5876be29-050d-41a0-bcc4-3bfbffa264d9\/NW_raw\/credit-photo-lery-bouvier-1761229470.jpg\" title=\"Cr\u00e9dit photo\u00a0: Lery-Bouvier\" class=\"chocolat-image GA-tracking\" data-ga_type=\"click\" data-ga_category=\"D\u00e9tail\" data-ga_action=\"zoomer\" data-ga_label=\"aggrandir image\" target=\"_blank\" rel=\"noopener\">&#13;<br \/>\n        <img src=\"https:\/\/www.europesays.com\/fr\/wp-content\/uploads\/2025\/11\/1763424137_473_credit-photo-lery-bouvier-1761229470.jpg\"   alt=\"Cr\u00e9dit photo\u00a0: Lery-Bouvier\" fetchpriority=\"high\" decoding=\"async\" data-mobile=\"NW_listA_M|1761229470\" data-base=\"NW_listA|1761229470\"\/>&#13;<br \/>\n    <\/a>&#13;<\/p>\n<p>Cr\u00e9dit photo\u00a0: Lery-Bouvier<\/p>\n<p class=\"insetTitle\">Bijouterie-joaillerie Lery-Bouvier<\/p>\n<p>Exposition du 21 au 24 novembre<\/p>\n<p>8, all\u00e9e des Peupliers <br \/>54180 Houdemont<\/p>\n<p>T\u00e9l. 03.83.56.03.21<\/p>\n<p><a href=\"https:\/\/www.estrepublicain.fr\/paroles-de-partenaires\/2025\/11\/18\/mailto:info@lerybouvier.fr\" target=\"_blank\" rel=\"noopener\">info@lerybouvier.fr<\/a><\/p>\n<p><a href=\"http:\/\/www.lerybouvier.fr\" target=\"_blank\" rel=\"noopener\">www.lerybouvier.fr<\/a><\/p>\n<p><a href=\"mailto:https:\/\/www.facebook.com\/lerybouvier\/?locale=fr_FR\">Facebook<\/a><\/p>\n<p>Ouvert du lundi au samedi de 10h \u00e0 18h30.<\/p>\n<p>Exceptionnellement ouvert le dimanche 23 novembre de 14h \u00e0 18h30.<\/p>\n<p>Ce contenu est bloqu\u00e9 car vous n&rsquo;avez pas accept\u00e9 les cookies et autres traceurs.<\/p>\n<p>En cliquant sur \u00ab J\u2019accepte \u00bb, les cookies et autres traceurs seront d\u00e9pos\u00e9s et vous pourrez visualiser les contenus  (<a href=\"\" class=\"consentModule_policy\" target=\"_blank\" title=\"Consulter la politique de protection des donn\u00e9es du fournisseur\">plus d&rsquo;informations<\/a>).<\/p>\n<p>En cliquant sur \u00ab J\u2019accepte tous les cookies \u00bb, vous autorisez des d\u00e9p\u00f4ts de cookies et autres traceurs pour le stockage de vos donn\u00e9es sur nos sites et applications \u00e0 des fins de personnalisation et de ciblage publicitaire.<\/p>\n<p class=\"consentModule_secondaryText\">Vous gardez la possibilit\u00e9 de retirer votre consentement \u00e0 tout moment en consultant notre <a href=\"https:\/\/www.estrepublicain.fr\/protection-des-donnees\" target=\"_blank\" title=\"Consulter notre politique de protection des donn\u00e9es\" rel=\"noopener\">politique de protection des donn\u00e9es<\/a>. <br \/>&#13;<br \/>\n            <a href=\"https:\/\/www.estrepublicain.fr\/paroles-de-partenaires\/2025\/11\/18\/javascript:Didomi.notice.show()\" class=\"consentModule_cmp\" target=\"_blank\" rel=\"noopener\">G\u00e9rer mes choix<\/a>&#13;\n        <\/p>\n<p>&#13;<br \/>\n                        J&rsquo;accepte&#13;<br \/>\n            J&rsquo;accepte tous les cookies&#13;\n        <\/p>\n<p>&#13;<br \/>\n                                            Contenu con\u00e7u et propos\u00e9 par EBRA inspirations&#13;<br \/>\n                        avec Bijouterie-joaillerie Lery Bouvier&#13;\n                                    <\/p>\n","protected":false},"excerpt":{"rendered":"Contenu con\u00e7u et propos\u00e9 par EBRA Inspirations en partenariat avec EBRA Inspirations est une marque qui valorise les&hellip;\n","protected":false},"author":2,"featured_media":541335,"comment_status":"","ping_status":"","sticky":false,"template":"","format":"standard","meta":{"footnotes":""},"categories":[9635],"tags":[1111,11,7884,1777,674,1011,27,775,1702,12,25],"class_list":{"0":"post-541334","1":"post","2":"type-post","3":"status-publish","4":"format-standard","5":"has-post-thumbnail","7":"category-nancy","8":"tag-actu","9":"tag-actualites","10":"tag-articles-partenaires","11":"tag-eu","12":"tag-europe","13":"tag-fr","14":"tag-france","15":"tag-grand-est","16":"tag-nancy","17":"tag-news","18":"tag-republique-francaise"},"share_on_mastodon":{"url":"https:\/\/pubeurope.com\/@fr\/115567772531629805","error":""},"_links":{"self":[{"href":"https:\/\/www.europesays.com\/fr\/wp-json\/wp\/v2\/posts\/541334","targetHints":{"allow":["GET"]}}],"collection":[{"href":"https:\/\/www.europesays.com\/fr\/wp-json\/wp\/v2\/posts"}],"about":[{"href":"https:\/\/www.europesays.com\/fr\/wp-json\/wp\/v2\/types\/post"}],"author":[{"embeddable":true,"href":"https:\/\/www.europesays.com\/fr\/wp-json\/wp\/v2\/users\/2"}],"replies":[{"embeddable":true,"href":"https:\/\/www.europesays.com\/fr\/wp-json\/wp\/v2\/comments?post=541334"}],"version-history":[{"count":0,"href":"https:\/\/www.europesays.com\/fr\/wp-json\/wp\/v2\/posts\/541334\/revisions"}],"wp:featuredmedia":[{"embeddable":true,"href":"https:\/\/www.europesays.com\/fr\/wp-json\/wp\/v2\/media\/541335"}],"wp:attachment":[{"href":"https:\/\/www.europesays.com\/fr\/wp-json\/wp\/v2\/media?parent=541334"}],"wp:term":[{"taxonomy":"category","embeddable":true,"href":"https:\/\/www.europesays.com\/fr\/wp-json\/wp\/v2\/categories?post=541334"},{"taxonomy":"post_tag","embeddable":true,"href":"https:\/\/www.europesays.com\/fr\/wp-json\/wp\/v2\/tags?post=541334"}],"curies":[{"name":"wp","href":"https:\/\/api.w.org\/{rel}","templated":true}]}}