{"id":541344,"date":"2025-11-18T00:07:23","date_gmt":"2025-11-18T00:07:23","guid":{"rendered":"https:\/\/www.europesays.com\/fr\/541344\/"},"modified":"2025-11-18T00:07:23","modified_gmt":"2025-11-18T00:07:23","slug":"cinq-deux-roues-motorises-saisis-et-mis-en-fourriere","status":"publish","type":"post","link":"https:\/\/www.europesays.com\/fr\/541344\/","title":{"rendered":"cinq deux roues motoris\u00e9s saisis et mis en fourri\u00e8re"},"content":{"rendered":"<p>                    Par<br \/>\n        <strong><br \/>\n            <a href=\"https:\/\/actu.fr\/auteur\/jm-aubert\" title=\"Consulter tous les articles de Jean-Marc Aubert\" target=\"_blank\" rel=\"noopener\">Jean-Marc Aubert<\/a><br \/>\n                    <\/strong><\/p>\n<p>        Publi\u00e9 le<\/p>\n<p>            17 nov. 2025 \u00e0 14h37        <\/p>\n<p>Les <strong>gendarmes<\/strong> de la compagnie de Castelnau-le-Lez, notamment ceux de la brigade de Clapiers-Jacou viennent de frapper un grand coup dans la lutte contre les <strong>rod\u00e9os urbains<\/strong> : ce dimanche 16 novembre 2025, vers 18h, cinq pilotes de motocross et autres engins \u00e0 deux roues ont \u00e9t\u00e9 intercept\u00e9s dans la commune de <strong>Clapiers<\/strong>, au nord de Montpellier.<\/p>\n<p class=\" wall-content\">Inform\u00e9s que des conducteurs de deux roues motoris\u00e9s se livraient \u00e0 des rod\u00e9os r\u00e9currents dans des rues du village, les gendarmes ont rapidement envoy\u00e9 des patrouilles. Finalement, apr\u00e8s de rapides recherches, ils ont d\u00e9couvert les <strong>cinq engins<\/strong> qui avaient \u00e9t\u00e9 dissimul\u00e9s dans un coin. Ils ont \u00e9t\u00e9 saisis et remis\u00e9s en fourri\u00e8re. Les sauteurs pr\u00e9sum\u00e9s sont en garde \u00e0 vue, l\u2019enqu\u00eate est en cours sous l\u2019autorit\u00e9 du procureur de la R\u00e9publique de Montpellier.<\/p>\n<p>R\u00e9aliser un signalement<\/p>\n<p class=\" wall-content\">Pour lutter ensemble contre les rod\u00e9os, il est d\u00e9sormais possible de r\u00e9aliser un signalement sur un site national. C\u2019est une <strong>d\u00e9marche gratuite et anonyme<\/strong> qui permet de pr\u00e9venir la police ou la gendarmerie rapidement ou d\u2019orienter l\u2019action de ses services, si vous constatez ce d\u00e9lit. Voici le lien de signalement\u00a0<a href=\"https:\/\/www.masecurite.interieur.gouv.fr\/fr\/demarches-en-ligne\/signaler-rodeo\" target=\"_blank\" rel=\"noopener\">https:\/\/www.masecurite.interieur.gouv.fr\/fr\/demarches-en-ligne\/signaler-rodeo<\/a><\/p>\n<p class=\" wall-content\">Par ailleurs, la police et la gendarmerie nationales mettent en place un nouveau dispositif. Si vous \u00eates t\u00e9moin de rod\u00e9os, il est \u00e9galement possible d\u2019effectuer un <strong>signalement via un tchat,<\/strong> situ\u00e9 en bas \u00e0 droite de votre \u00e9cran <strong>\u00ab\u00a0J\u2019\u00e9change avec un policier ou un gendarme \u00bb.<\/strong>\u00a0La prise en charge est effectu\u00e9e par un policier ou un gendarme, et cela en moins de deux minutes.\u00a0<\/p>\n<p class=\" wall-content\">Dans ce cadre, vous pourrez informer les autorit\u00e9s sur un rod\u00e9o en cours ou communiquer toutes informations utiles : horaires, description des engins, lieux de d\u00e9p\u00f4t, description des auteurs, etc. relatives \u00e0 des rod\u00e9os r\u00e9currents, m\u00eame s\u2019ils ne se produisent pas au moment du tchat.\u00a0Vos informations permettront \u00e0 la police ou la gendarmerie nationales d\u2019intervenir pour mettre fin au d\u00e9lit, d\u2019apporter des preuves utiles aux enqu\u00eates en cours et \u00e9galement d\u2019organiser des op\u00e9rations de pr\u00e9vention.<\/p>\n<p>Vid\u00e9os : en ce moment sur ActuConduites dangereuses\u00a0<\/p>\n<p class=\" wall-content\">Le rod\u00e9o urbain, aussi appel\u00e9 rod\u00e9o motoris\u00e9, ou encore bike life ou cross bitume, est une activit\u00e9 consistant \u00e0 utiliser des deux-roues motoris\u00e9s de type cross, des quads ou des scooters pour r\u00e9aliser des lev\u00e9es de roue plein gaz associ\u00e9es \u00e0 plusieurs figures. C\u2019est <strong>un d\u00e9lit commis sur la voie publique<\/strong> avec ces v\u00e9hicules motoris\u00e9s qui consiste \u00e0 adopter une conduite r\u00e9p\u00e9tant de mani\u00e8re intentionnelle des man\u0153uvres dangereuses et violant le code de la route : acrobaties, zigzags dangereux, emprunt des trottoirs, etc.<\/p>\n<p class=\" wall-content\">Cette pratique est un r\u00e9el danger pour les riverains et les usagers, comme pour le conducteur de l\u2019engin. De plus, elle trouble la tranquillit\u00e9 du quartier par des nuisances sonores.<\/p>\n<p>Votre r\u00e9gion, votre actu !<\/p>\n<p>Recevez chaque jour les infos qui comptent pour vous.<\/p>\n<p>\t<a href=\"https:\/\/actu.fr\/newsletter\" class=\"ac-btn ac-btn--corner ac-btn--medium ac-btn--blue800\" target=\"_blank\" rel=\"noopener\">S&rsquo;incrire<\/a><br \/>\nLes peines encourues<\/p>\n<p class=\" wall-content\">Depuis 2018, un texte de loi sanctionne sp\u00e9cifiquement les rod\u00e9os. Les auteurs de ce type de d\u00e9lit peuvent recevoir une peine d\u2019<strong>un an d\u2019emprisonnement,<\/strong> de<strong> 15 000 euros d\u2019amende<\/strong>, ainsi que la perte de six points sur le permis de conduire. Toutefois, dans certains cas, le permis peut \u00eatre suspendu pour une dur\u00e9e pouvant atteindre trois ans, voire \u00eatre d\u00e9finitivement annul\u00e9.\u00a0Le code de la route pr\u00e9voit \u00e9galement la confiscation du v\u00e9hicule avec lequel le rod\u00e9o a \u00e9t\u00e9 effectu\u00e9, comme c\u2019est le cas pour les auteurs de Clapiers. Enfin, des circonstances aggravantes peuvent augmenter les peines encourues.<\/p>\n<p class=\" wall-content\">Personnalisez votre actualit\u00e9 en ajoutant vos villes et m\u00e9dias en favori avec <a href=\"https:\/\/moncompte.actu.fr\" title=\"D\u00e9couvez Mon Actu\" rel=\"nofollow noopener\" data-trk=\"{&quot;cta&quot;:{&quot;action&quot;:&quot;https:\\\/\\\/moncompte.actu.fr&quot;,&quot;category&quot;:&quot;mon compte&quot;,&quot;from&quot;:&quot;article footer&quot;,&quot;name&quot;:&quot;Mon actu&quot;,&quot;type&quot;:&quot;cta&quot;}}\" target=\"_blank\">Mon Actu<\/a>.<\/p>\n","protected":false},"excerpt":{"rendered":"Par Jean-Marc Aubert Publi\u00e9 le 17 nov. 2025 \u00e0 14h37 Les gendarmes de la compagnie de Castelnau-le-Lez, notamment&hellip;\n","protected":false},"author":2,"featured_media":111869,"comment_status":"","ping_status":"","sticky":false,"template":"","format":"standard","meta":{"footnotes":""},"categories":[9599],"tags":[1111,11,1777,674,118,1011,27,3381,303,2208,12,2680,25,5575],"class_list":{"0":"post-541344","1":"post","2":"type-post","3":"status-publish","4":"format-standard","5":"has-post-thumbnail","7":"category-montpellier","8":"tag-actu","9":"tag-actualites","10":"tag-eu","11":"tag-europe","12":"tag-faits-divers","13":"tag-fr","14":"tag-france","15":"tag-gendarmerie","16":"tag-justice","17":"tag-montpellier","18":"tag-news","19":"tag-occitanie","20":"tag-republique-francaise","21":"tag-rodeos-urbains"},"share_on_mastodon":{"url":"https:\/\/pubeurope.com\/@fr\/115567790872985344","error":""},"_links":{"self":[{"href":"https:\/\/www.europesays.com\/fr\/wp-json\/wp\/v2\/posts\/541344","targetHints":{"allow":["GET"]}}],"collection":[{"href":"https:\/\/www.europesays.com\/fr\/wp-json\/wp\/v2\/posts"}],"about":[{"href":"https:\/\/www.europesays.com\/fr\/wp-json\/wp\/v2\/types\/post"}],"author":[{"embeddable":true,"href":"https:\/\/www.europesays.com\/fr\/wp-json\/wp\/v2\/users\/2"}],"replies":[{"embeddable":true,"href":"https:\/\/www.europesays.com\/fr\/wp-json\/wp\/v2\/comments?post=541344"}],"version-history":[{"count":0,"href":"https:\/\/www.europesays.com\/fr\/wp-json\/wp\/v2\/posts\/541344\/revisions"}],"wp:featuredmedia":[{"embeddable":true,"href":"https:\/\/www.europesays.com\/fr\/wp-json\/wp\/v2\/media\/111869"}],"wp:attachment":[{"href":"https:\/\/www.europesays.com\/fr\/wp-json\/wp\/v2\/media?parent=541344"}],"wp:term":[{"taxonomy":"category","embeddable":true,"href":"https:\/\/www.europesays.com\/fr\/wp-json\/wp\/v2\/categories?post=541344"},{"taxonomy":"post_tag","embeddable":true,"href":"https:\/\/www.europesays.com\/fr\/wp-json\/wp\/v2\/tags?post=541344"}],"curies":[{"name":"wp","href":"https:\/\/api.w.org\/{rel}","templated":true}]}}