{"id":541347,"date":"2025-11-18T00:10:30","date_gmt":"2025-11-18T00:10:30","guid":{"rendered":"https:\/\/www.europesays.com\/fr\/541347\/"},"modified":"2025-11-18T00:10:30","modified_gmt":"2025-11-18T00:10:30","slug":"grenoble-on-en-sait-plus-sur-le-garcon-de-13-ans-blesse-par-balles-et-plonge-dans-le-coma","status":"publish","type":"post","link":"https:\/\/www.europesays.com\/fr\/541347\/","title":{"rendered":"Grenoble. On en sait plus sur le gar\u00e7on de 13 ans bless\u00e9 par balles et plong\u00e9 dans le coma"},"content":{"rendered":"<p>                    Par<br \/>\n        <strong><br \/>\n            <a href=\"https:\/\/actu.fr\/auteur\/lisa-rodrigues\" title=\"Consulter tous les articles de Lisa Rodrigues\" rel=\"nofollow noopener\" target=\"_blank\">Lisa Rodrigues<\/a><br \/>\n                    <\/strong><\/p>\n<p>        Publi\u00e9 le<\/p>\n<p>            17 nov. 2025 \u00e0 10h40        <\/p>\n<p>Ce n\u2019est pas la premi\u00e8re fois qu\u2019une fusillade en lien avec le trafic de stup\u00e9fiants se produit dans le quartier Chorier-Berriat \u00e0 <a href=\"https:\/\/actu.fr\/auvergne-rhone-alpes\/grenoble_38185\" rel=\"nofollow noopener\" target=\"_blank\">Grenoble<\/a>. Cette fois-ci, c\u2019est un <a href=\"https:\/\/actu.fr\/auvergne-rhone-alpes\/grenoble_38185\/grenoble-des-coups-de-feu-en-pleine-rue-un-enfant-de-12-ans-entre-la-vie-et-la-mort_63444035.html\" rel=\"nofollow noopener\" target=\"_blank\">adolescent \u00e2g\u00e9 de 13 ans qui a \u00e9t\u00e9 la cible de tirs<\/a> dans la nuit du samedi 15 au dimanche 16 novembre, \u00e0 proximit\u00e9 de zones connues pour ses points de deal.<br \/>D\u2019apr\u00e8s le parquet de Grenoble, le gar\u00e7on a \u00e9t\u00e9 <strong>touch\u00e9 par trois balles<\/strong>, \u00ab\u00a0une dans le dos, deux dans les jambes\u00a0\u00bb. Plong\u00e9 dans le coma depuis dimanche matin, son <strong>pronostic vital est toujours engag\u00e9<\/strong> en ce d\u00e9but de semaine.<br \/>Une <strong>enqu\u00eate pour tentative de meurtre<\/strong>, confi\u00e9e \u00e0 la DCOS de l\u2019<a href=\"https:\/\/actu.fr\/auvergne-rhone-alpes\/isere_38\" rel=\"nofollow noopener\" target=\"_blank\">Is\u00e8re<\/a> (Division de la criminalit\u00e9 organis\u00e9e et sp\u00e9cialis\u00e9e, anciennement police judiciaire), a \u00e9t\u00e9 ouverte.\u00a0<\/p>\n<p>Connu sous plusieurs identit\u00e9s<\/p>\n<p class=\" wall-content\">Celle-ci a d\u00e9j\u00e0 soulev\u00e9 des <strong>interrogations concernant le profil<\/strong> de la jeune victime. \u00ab\u00a0Son identit\u00e9 n\u2019est toujours pas certaine \u00e0 cette heure\u00a0\u00bb, pas plus que son \u00e2ge, pr\u00e9cise le parquet de Grenoble dans un communiqu\u00e9.<\/p>\n<blockquote class=\"ac-article-quote wall-content\">\n<p>Il est connu dans les fichiers police sous diverses identit\u00e9s pour trafic de stup\u00e9fiants en r\u00e9gion parisienne et \u00e0 Grenoble. Lors de ces proc\u00e9dures successives, il a dit \u00eatre marocain puis alg\u00e9rien, et \u00eatre n\u00e9 en 2013, 2012, 2011.<\/p>\n<p>    <strong>Parquet de Grenoble<\/strong>\n            <\/p><\/blockquote>\n<p class=\" wall-content\">L\u2019adolescent a \u00e9galement \u00e9t\u00e9 contr\u00f4l\u00e9 en octobre dernier sur le <a href=\"https:\/\/actu.fr\/auvergne-rhone-alpes\/grenoble_38185\/grenoble-scenes-de-guerilla-dans-le-quartier-saint-bruno-voici-ce-qu-il-s-est-passe_61861940.html\" rel=\"nofollow noopener\" target=\"_blank\">point de deal de Saint-Bruno<\/a>, dans le m\u00eame quartier, avec 75g de r\u00e9sine de cannabis, 25g de coca\u00efne et de l\u2019argent liquide, poursuit le parquet. \u00ab\u00a0Il \u00e9tait convoqu\u00e9 devant le tribunal pour enfants de Grenoble le 10 d\u00e9cembre 2025\u00a0\u00bb pour d\u00e9tention et offre ou cession de stup\u00e9fiants.<\/p>\n<p>Mineur isol\u00e9<\/p>\n<p class=\" wall-content\">Si les <strong>auteurs des tirs sont toujours en fuite<\/strong> ce lundi matin, un \u00ab\u00a0individu se pr\u00e9sentant comme son grand fr\u00e8re s\u2019est pr\u00e9sent\u00e9 \u00e0 l\u2019h\u00f4pital, indique le parquet de Grenoble. Cette personne, connue \u00e9galement de la police sous plusieurs alias, est convoqu\u00e9e devant le tribunal correctionnel de Grenoble le 18 novembre pour des faits de trafic de stup\u00e9fiants.\u00a0\u00bb<\/p>\n<p class=\" wall-content\">Selon les enqu\u00eateurs, le jeune gar\u00e7on a \u00e9t\u00e9 pris en charge par les services du d\u00e9partement de l\u2019Is\u00e8re en tant que mineur non accompagn\u00e9 et a \u00e9t\u00e9 h\u00e9berg\u00e9 plusieurs fois en foyer, mais \u00ab\u00a0a tr\u00e8s rapidement fugu\u00e9\u00a0\u00bb.<\/p>\n<p>Votre r\u00e9gion, votre actu !<\/p>\n<p>Recevez chaque jour les infos qui comptent pour vous.<\/p>\n<p>\t<a href=\"https:\/\/actu.fr\/newsletter\" class=\"ac-btn ac-btn--corner ac-btn--medium ac-btn--blue800\" rel=\"nofollow noopener\" target=\"_blank\">S&rsquo;incrire<\/a><br \/>\nEn arr\u00eat cardio-respiratoire sur les lieux<\/p>\n<p class=\" wall-content\">Pour rappel, des riverains ont alert\u00e9 les forces de l\u2019ordre vers 3 heures du matin dimanche, apr\u00e8s des coups de feu entendus au croisement de la rue du Drac et de la rue Boucher-de-Perthes.<\/p>\n<p>    <a href=\"https:\/\/www.google.com\/maps\/embed?pb=!1m14!1m12!1m3!1d1988.4768244325965!2d5.7059869529058735!3d45.184446527653805!2m3!1f0!2f0!3f0!3m2!1i1024!2i768!4f13.1!5e0!3m2!1sfr!2sfr!4v1763370481807!5m2!1sfr!2sfr\" title=\"Ouvrie le lien\" rel=\"nofollow noopener\" target=\"_blank\">Cliquez ici pour visualiser le contenu<\/a><\/p>\n<p class=\" wall-content\">L\u00e0, les secours retrouvent la jeune victime en arr\u00eat cardio-respiratoire. L\u2019adolescent est r\u00e9anim\u00e9 avant d\u2019\u00eatre transport\u00e9 \u00e0 l\u2019h\u00f4pital avec son pronostic vital engag\u00e9.<\/p>\n<p class=\" wall-content\">Sur place, sont \u00e9galement retrouv\u00e9s <strong>9 \u00e9tuis de 9 mm<\/strong>, une ogive \u00e9cras\u00e9e et un fragment de chemisage. \u00ab\u00a0L\u2019enqu\u00eate de voisinage n\u2019a pas permis d\u2019identifier de t\u00e9moin visuel\u00a0\u00bb des tirs, ajoute le parquet de Grenoble.<\/p>\n<p>Une nouvelle fusillade en lien avec le narcotrafic<\/p>\n<p class=\" wall-content\">En 2024, le quartier et notamment la place Saint-Bruno ont \u00e9t\u00e9 le <a href=\"https:\/\/actu.fr\/auvergne-rhone-alpes\/grenoble_38185\/grenoble-nouvelle-fusillade-dans-la-ville-quatre-personnes-interpellees-par-la-police_61873745.html\" rel=\"nofollow noopener\" target=\"_blank\">th\u00e9\u00e2tre de plusieurs fusillades <\/a>en lien avec le trafic de stup\u00e9fiants, les autorit\u00e9s \u00e9voquant alors une \u00ab\u00a0guerre des gangs\u00a0\u00bb.<\/p>\n<p class=\" wall-content\">La pr\u00e9f\u00e8te de l\u2019Is\u00e8re Catherine S\u00e9guin s\u2019est f\u00e9licit\u00e9e en septembre dernier, aux c\u00f4t\u00e9s du procureur de Grenoble \u00c9tienne Manteaux, d\u2019une <strong>baisse importante des agressions par armes \u00e0 feu<\/strong> dans la m\u00e9tropole is\u00e9roise cette ann\u00e9e : 11 depuis le d\u00e9but 2025, dont un assassinat, contre 34 en 2024 avec un total de 7 morts.<\/p>\n<p class=\" wall-content\">Avec 28 points de deal recens\u00e9s dans l\u2019agglom\u00e9ration en septembre contre 41 en 2023, la pr\u00e9f\u00e8te de l\u2019Is\u00e8re a vant\u00e9 les m\u00e9rites de la \u00ab\u00a0politique de harc\u00e8lement\u00a0\u00bb des forces de l\u2019ordre contre le narcotrafic.<\/p>\n<p class=\" wall-content\">Catherine S\u00e9guin a annonc\u00e9 dimanche le \u00ab\u00a0renforcement imm\u00e9diat du dispositif de s\u00e9curit\u00e9 publique dans le quartier\u00a0\u00bb apr\u00e8s la \u00ab\u00a0tentative de meurtre\u00a0\u00bb de l\u2019adolescent. \u00ab\u00a0Une force mobile appuiera d\u00e8s [dimanche] soir les effectifs locaux de la police nationale d\u00e9j\u00e0 pr\u00e9sents.\u00a0\u00bb<\/p>\n<p class=\" wall-content\">\n<p>Les \u00ab\u00a0petites mains\u00a0\u00bb du trafic<\/p>\n<p class=\" wall-content\">Selon la Mission interminist\u00e9rielle de lutte contre les drogues et les conduites addictives (Mildeca) en 2024 en France, 61% des condamn\u00e9s pour infractions li\u00e9es aux drogues \u00e9taient \u00e2g\u00e9s de 15 \u00e0 25 ans et <strong>pr\u00e8s de 10 000 mineurs<\/strong> \u00e9taient impliqu\u00e9s dans des affaires de trafic de stup\u00e9fiants.\u00a0\u00a0<\/p>\n<p class=\" wall-content\">L\u2019\u00e2ge moyen des \u00ab\u00a0petites mains\u00a0\u00bb employ\u00e9es par les r\u00e9seaux criminels se situe autour de 15-16 ans avec un recours accru \u00e0 de tr\u00e8s jeunes mineurs, parfois \u00e2g\u00e9s de dix ans, souligne la Mildeca.<\/p>\n<p class=\" wall-content\">La porte-parole du gouvernement, Maud Bregeon, a assur\u00e9 dimanche sur BFMTV que la \u00ab\u00a0lutte contre les points de deal et le narcotrafic\u00a0\u00bb \u00e9tait une \u00ab\u00a0priorit\u00e9\u00a0\u00bb et que l\u2019\u00c9tat \u00ab\u00a0ne faiblira pas\u00a0\u00bb.<\/p>\n<p class=\" wall-content\"><strong>Avec AFP<\/strong><\/p>\n<p class=\" wall-content\">Personnalisez votre actualit\u00e9 en ajoutant vos villes et m\u00e9dias en favori avec <a href=\"https:\/\/moncompte.actu.fr\" title=\"D\u00e9couvez Mon Actu\" rel=\"nofollow noopener\" data-trk=\"{&quot;cta&quot;:{&quot;action&quot;:&quot;https:\\\/\\\/moncompte.actu.fr&quot;,&quot;category&quot;:&quot;mon compte&quot;,&quot;from&quot;:&quot;article footer&quot;,&quot;name&quot;:&quot;Mon actu&quot;,&quot;type&quot;:&quot;cta&quot;}}\" target=\"_blank\">Mon Actu<\/a>.<\/p>\n","protected":false},"excerpt":{"rendered":"Par Lisa Rodrigues Publi\u00e9 le 17 nov. 2025 \u00e0 10h40 Ce n\u2019est pas la premi\u00e8re fois qu\u2019une fusillade&hellip;\n","protected":false},"author":2,"featured_media":541348,"comment_status":"","ping_status":"","sticky":false,"template":"","format":"standard","meta":{"footnotes":""},"categories":[9566],"tags":[1111,11,2430,1052,1777,674,118,1011,27,2731,303,12,1072,25],"class_list":{"0":"post-541347","1":"post","2":"type-post","3":"status-publish","4":"format-standard","5":"has-post-thumbnail","7":"category-grenoble","8":"tag-actu","9":"tag-actualites","10":"tag-auvergne-rhone-alpes","11":"tag-drogue","12":"tag-eu","13":"tag-europe","14":"tag-faits-divers","15":"tag-fr","16":"tag-france","17":"tag-grenoble","18":"tag-justice","19":"tag-news","20":"tag-police","21":"tag-republique-francaise"},"share_on_mastodon":{"url":"https:\/\/pubeurope.com\/@fr\/115567802850466888","error":""},"_links":{"self":[{"href":"https:\/\/www.europesays.com\/fr\/wp-json\/wp\/v2\/posts\/541347","targetHints":{"allow":["GET"]}}],"collection":[{"href":"https:\/\/www.europesays.com\/fr\/wp-json\/wp\/v2\/posts"}],"about":[{"href":"https:\/\/www.europesays.com\/fr\/wp-json\/wp\/v2\/types\/post"}],"author":[{"embeddable":true,"href":"https:\/\/www.europesays.com\/fr\/wp-json\/wp\/v2\/users\/2"}],"replies":[{"embeddable":true,"href":"https:\/\/www.europesays.com\/fr\/wp-json\/wp\/v2\/comments?post=541347"}],"version-history":[{"count":0,"href":"https:\/\/www.europesays.com\/fr\/wp-json\/wp\/v2\/posts\/541347\/revisions"}],"wp:featuredmedia":[{"embeddable":true,"href":"https:\/\/www.europesays.com\/fr\/wp-json\/wp\/v2\/media\/541348"}],"wp:attachment":[{"href":"https:\/\/www.europesays.com\/fr\/wp-json\/wp\/v2\/media?parent=541347"}],"wp:term":[{"taxonomy":"category","embeddable":true,"href":"https:\/\/www.europesays.com\/fr\/wp-json\/wp\/v2\/categories?post=541347"},{"taxonomy":"post_tag","embeddable":true,"href":"https:\/\/www.europesays.com\/fr\/wp-json\/wp\/v2\/tags?post=541347"}],"curies":[{"name":"wp","href":"https:\/\/api.w.org\/{rel}","templated":true}]}}